

{"id":208804,"date":"2023-12-15T16:11:59","date_gmt":"2023-12-15T19:11:59","guid":{"rendered":"https:\/\/goias.gov.br\/detran\/?p=208804"},"modified":"2023-12-19T09:20:42","modified_gmt":"2023-12-19T12:20:42","slug":"detran-go-e-destaque-em-celebracao-de-tacs","status":"publish","type":"post","link":"https:\/\/goias.gov.br\/detran\/detran-go-e-destaque-em-celebracao-de-tacs\/","title":{"rendered":"Detran-GO \u00e9 destaque em celebra\u00e7\u00e3o de TACs"},"content":{"rendered":"\n<p>O Detran-GO \u00e9 o segundo \u00f3rg\u00e3o estadual que mais celebrou Termo de Ajustamento de Conduta (TACs) neste ano. A informa\u00e7\u00e3o foi divulgada ontem (14), durante o balan\u00e7o anual das a\u00e7\u00f5es de 2023 e planejamento de 2024 da Controladoria Geral do Estado (CGE).<\/p>\n\n\n\n<p>O TAC \u00e9 utilizado nos casos de infra\u00e7\u00e3o disciplinar de menor potencial ofensivo. Por meio dele, o servidor citado responsabiliza-se pelo ressarcimento do dano causado, se for o caso, e se compromete a observar os deveres e proibi\u00e7\u00f5es previstos na legisla\u00e7\u00e3o vigente.<\/p>\n\n\n\n<p>Durante o evento, a gerente da Corregedoria Setorial, Anna Paula Melo, destacou a import\u00e2ncia da parceria entre o Detran-GO e a CGE para o cumprimento da legisla\u00e7\u00e3o vigente e a transpar\u00eancia dos atos p\u00fablicos.<\/p>\n\n\n\n<p>Recentemente, a pasta foi aliada do Detran-GO na aplica\u00e7\u00e3o do m\u00f3dulo \u00e9tica do curso de forma\u00e7\u00e3o de servidores para o programa Balada Respons\u00e1vel e ministrou palestra para servidores sobre ass\u00e9dio no ambiente de trabalho. \u201cNossa expectativa \u00e9 estreitar ainda mais os la\u00e7os com a CGE no pr\u00f3ximo ano\u201d, destacou a gerente da Corregedoria Setorial.<\/p>\n\n\n\n<p>Para mais informa\u00e7\u00f5es, entre em contato com nossos\u00a0<a href=\"https:\/\/goias.gov.br\/detran\/fale-conosco\">canais de atendimento<\/a>.<\/p>\n\n\n\n<p>Para servi\u00e7os, acesse a nossa\u00a0<a href=\"https:\/\/www.go.gov.br\/servicos\/servicos-por-orgao\/departamento-estadual-de-transito\" target=\"_blank\" rel=\"noreferrer noopener\">carta de servi\u00e7os no expresso<\/a>.<\/p>\n","protected":false},"excerpt":{"rendered":"<p>O Detran-GO \u00e9 o segundo \u00f3rg\u00e3o estadual que mais celebrou Termo de Ajustamento de Conduta (TACs) neste ano. A informa\u00e7\u00e3o foi divulgada ontem (14), durante o balan\u00e7o anual das a\u00e7\u00f5es de 2023 e planejamento de 2024 da Controladoria Geral do Estado (CGE). O TAC \u00e9 utilizado nos casos de infra\u00e7\u00e3o disciplinar de menor potencial ofensivo. [&hellip;]<\/p>\n","protected":false},"author":39,"featured_media":208803,"comment_status":"closed","ping_status":"open","sticky":false,"template":"","format":"standard","meta":{"footnotes":"","_links_to":"","_links_to_target":""},"categories":[10],"tags":[],"class_list":["post-208804","post","type-post","status-publish","format-standard","has-post-thumbnail","hentry","category-noticias"],"rttpg_featured_image_url":{"full":["https:\/\/goias.gov.br\/detran\/wp-content\/uploads\/sites\/8\/2023\/12\/Detran-GO-e-destaque-em-celebracao-de-TACs.jpg",1080,1080,false],"landscape":["https:\/\/goias.gov.br\/detran\/wp-content\/uploads\/sites\/8\/2023\/12\/Detran-GO-e-destaque-em-celebracao-de-TACs.jpg",1080,1080,false],"portraits":["https:\/\/goias.gov.br\/detran\/wp-content\/uploads\/sites\/8\/2023\/12\/Detran-GO-e-destaque-em-celebracao-de-TACs.jpg",1080,1080,false],"thumbnail":["https:\/\/goias.gov.br\/detran\/wp-content\/uploads\/sites\/8\/2023\/12\/Detran-GO-e-destaque-em-celebracao-de-TACs.jpg",150,150,false],"medium":["https:\/\/goias.gov.br\/detran\/wp-content\/uploads\/sites\/8\/2023\/12\/Detran-GO-e-destaque-em-celebracao-de-TACs.jpg",300,300,false],"large":["https:\/\/goias.gov.br\/detran\/wp-content\/uploads\/sites\/8\/2023\/12\/Detran-GO-e-destaque-em-celebracao-de-TACs.jpg",1024,1024,false],"1536x1536":["https:\/\/goias.gov.br\/detran\/wp-content\/uploads\/sites\/8\/2023\/12\/Detran-GO-e-destaque-em-celebracao-de-TACs.jpg",1080,1080,false],"2048x2048":["https:\/\/goias.gov.br\/detran\/wp-content\/uploads\/sites\/8\/2023\/12\/Detran-GO-e-destaque-em-celebracao-de-TACs.jpg",1080,1080,false]},"rttpg_author":{"display_name":"matheuspires","author_link":"https:\/\/goias.gov.br\/detran\/author\/matheusbp\/"},"rttpg_comment":0,"rttpg_category":"<a href=\"https:\/\/goias.gov.br\/detran\/categoria\/noticias\/\" rel=\"category tag\">Not\u00edcias<\/a>","rttpg_excerpt":"O Detran-GO \u00e9 o segundo \u00f3rg\u00e3o estadual que mais celebrou Termo de Ajustamento de Conduta (TACs) neste ano. A informa\u00e7\u00e3o foi divulgada ontem (14), durante o balan\u00e7o anual das a\u00e7\u00f5es de 2023 e planejamento de 2024 da Controladoria Geral do Estado (CGE). O TAC \u00e9 utilizado nos casos de infra\u00e7\u00e3o disciplinar de menor potencial ofensivo.&hellip;","_links":{"self":[{"href":"https:\/\/goias.gov.br\/detran\/wp-json\/wp\/v2\/posts\/208804","targetHints":{"allow":["GET"]}}],"collection":[{"href":"https:\/\/goias.gov.br\/detran\/wp-json\/wp\/v2\/posts"}],"about":[{"href":"https:\/\/goias.gov.br\/detran\/wp-json\/wp\/v2\/types\/post"}],"author":[{"embeddable":true,"href":"https:\/\/goias.gov.br\/detran\/wp-json\/wp\/v2\/users\/39"}],"replies":[{"embeddable":true,"href":"https:\/\/goias.gov.br\/detran\/wp-json\/wp\/v2\/comments?post=208804"}],"version-history":[{"count":1,"href":"https:\/\/goias.gov.br\/detran\/wp-json\/wp\/v2\/posts\/208804\/revisions"}],"predecessor-version":[{"id":208846,"href":"https:\/\/goias.gov.br\/detran\/wp-json\/wp\/v2\/posts\/208804\/revisions\/208846"}],"wp:featuredmedia":[{"embeddable":true,"href":"https:\/\/goias.gov.br\/detran\/wp-json\/wp\/v2\/media\/208803"}],"wp:attachment":[{"href":"https:\/\/goias.gov.br\/detran\/wp-json\/wp\/v2\/media?parent=208804"}],"wp:term":[{"taxonomy":"category","embeddable":true,"href":"https:\/\/goias.gov.br\/detran\/wp-json\/wp\/v2\/categories?post=208804"},{"taxonomy":"post_tag","embeddable":true,"href":"https:\/\/goias.gov.br\/detran\/wp-json\/wp\/v2\/tags?post=208804"}],"curies":[{"name":"wp","href":"https:\/\/api.w.org\/{rel}","templated":true}]}}