

{"id":2062,"date":"2021-03-16T12:03:00","date_gmt":"2021-03-16T12:03:00","guid":{"rendered":"https:\/\/wwwhomolog.detran.go.gov.br\/?p=2062"},"modified":"-0001-11-30T00:00:00","modified_gmt":"-0001-11-30T03:00:00","slug":"2062","status":"publish","type":"post","link":"https:\/\/goias.gov.br\/detran\/2062\/","title":{"rendered":"Governo de Goi\u00e1s prorroga prazo para pagamento do IPVA 2021"},"content":{"rendered":"<div><span style=\"background-color: transparent; font-size: 1rem;\">Por determina\u00e7\u00e3o do governador Ronaldo Caiado, o calend\u00e1rio de pagamento do Imposto sobre a Propriedade de Ve\u00edculos Automotores (IPVA) foi prorrogado pela Secretaria de Estado da Economia para os motoristas que t\u00eam ve\u00edculos com placas finais de 1 a 5, devido aos impactos econ\u00f4micos da pandemia da Covid-19. \u201cAqueles contribuintes que est\u00e3o com dificuldades neste per\u00edodo de restri\u00e7\u00f5es, que ocorrem em todo o pa\u00eds, ter\u00e3o um respiro com essa op\u00e7\u00e3o de adiamento\u201d, frisou Caiado.&nbsp;<\/span><\/div>\n<div><\/div>\n<div>Os novos prazos para quitar o imposto variam de acordo com o n\u00famero final da placa do ve\u00edculo. O pagamento da terceira parcela ou parcela \u00fanica foi transferido para 5 de agosto para os ve\u00edculos com placas finais 1, 2, 3, 4 e 5. Antes, esse grupo tinha vencimentos entre mar\u00e7o e julho. Os mais beneficiados foram aqueles contribuintes que teriam de pagar a cota \u00fanica neste m\u00eas de mar\u00e7o, j\u00e1 que ganharam mais tempo para se organizarem financeiramente.&nbsp;<\/div>\n<div><\/div>\n<div>Os motoristas que optaram pelo parcelamento tamb\u00e9m ter\u00e3o o benef\u00edcio. A primeira parcela para as placas finais 4 e 5 foi&nbsp; prorrogada para 7 de junho. Anteriormente o vencimento estava programado para abril e maio. J\u00e1 a segunda parcela para o grupo de final 3, 4 e 5 foi prorrogada para 6 de julho. No calend\u00e1rio anterior, elas estavam agendadas para abril, maio e junho, respectivamente.&nbsp;<\/div>\n<div><\/div>\n<div>A superintendente de Pol\u00edtica Tribut\u00e1ria, Renata Noleto, ressalta, no entanto, que o contribuinte j\u00e1 pode pagar o imposto, se quiser. Para isso, basta emitir o Documento de Arrecada\u00e7\u00e3o (Dare) diretamente no site do Departamento Estadual de Tr\u00e2nsito de Goi\u00e1s (Detran-Goi\u00e1s). O pagamento pode ser feito em qualquer banco, inclusive, de forma on-line. \u201cA medida \u00e9 para dar mais tempo para quem n\u00e3o pode pagar neste momento. Quem j\u00e1 se programou e deseja quitar o imposto, s\u00f3 imprimir o Dare\u201d, assinalou.<\/div>\n<div><\/div>\n<div>Essa \u00e9 a segunda vez que o governador prorroga o imposto durante a pandemia, a primeira foi em mar\u00e7o de 2020. A instru\u00e7\u00e3o normativa da secret\u00e1ria de Economia, Cristiane Schmidt, j\u00e1 foi assinada e encaminhada para publica\u00e7\u00e3o no Di\u00e1rio Oficial do Estado (DOE). O pagamento do licenciamento anual do ve\u00edculo ao Detran, que ocorre com a \u00faltima parcela do IPVA, tamb\u00e9m foi alterado.<\/div>\n<div><\/div>\n<div><b>Goi\u00e2nia, 16 de mar\u00e7o de 2021.<\/b><\/div>\n<div><b>Comunica\u00e7\u00e3o Setorial &#8211; Secretaria de Estado da Economia<\/b><\/div>\n","protected":false},"excerpt":{"rendered":"<p>Por determina\u00e7\u00e3o do governador Ronaldo Caiado, o calend\u00e1rio de pagamento do Imposto sobre a Propriedade de Ve\u00edculos Automotores (IPVA) foi prorrogado pela Secretaria de Estado da Economia para os motoristas que t\u00eam ve\u00edculos com placas finais de 1 a 5, devido aos impactos econ\u00f4micos da pandemia da Covid-19. \u201cAqueles contribuintes que est\u00e3o com dificuldades neste [&hellip;]<\/p>\n","protected":false},"author":1,"featured_media":4492,"comment_status":"closed","ping_status":"open","sticky":false,"template":"","format":"standard","meta":{"footnotes":"","_links_to":"","_links_to_target":""},"categories":[10],"tags":[],"class_list":["post-2062","post","type-post","status-publish","format-standard","has-post-thumbnail","hentry","category-noticias"],"rttpg_featured_image_url":{"full":["https:\/\/goias.gov.br\/detran\/wp-content\/uploads\/sites\/8\/2023\/05\/2062.jpg",0,0,false],"landscape":["https:\/\/goias.gov.br\/detran\/wp-content\/uploads\/sites\/8\/2023\/05\/2062.jpg",0,0,false],"portraits":["https:\/\/goias.gov.br\/detran\/wp-content\/uploads\/sites\/8\/2023\/05\/2062.jpg",0,0,false],"thumbnail":["https:\/\/goias.gov.br\/detran\/wp-content\/uploads\/sites\/8\/2023\/05\/2062.jpg",1,1,false],"medium":["https:\/\/goias.gov.br\/detran\/wp-content\/uploads\/sites\/8\/2023\/05\/2062.jpg",1,1,false],"large":["https:\/\/goias.gov.br\/detran\/wp-content\/uploads\/sites\/8\/2023\/05\/2062.jpg",1,1,false],"1536x1536":["https:\/\/goias.gov.br\/detran\/wp-content\/uploads\/sites\/8\/2023\/05\/2062.jpg",1,1,false],"2048x2048":["https:\/\/goias.gov.br\/detran\/wp-content\/uploads\/sites\/8\/2023\/05\/2062.jpg",1,1,false]},"rttpg_author":{"display_name":"wagner.viana","author_link":"https:\/\/goias.gov.br\/detran\/author\/wagner-viana\/"},"rttpg_comment":0,"rttpg_category":"<a href=\"https:\/\/goias.gov.br\/detran\/categoria\/noticias\/\" rel=\"category tag\">Not\u00edcias<\/a>","rttpg_excerpt":"Por determina\u00e7\u00e3o do governador Ronaldo Caiado, o calend\u00e1rio de pagamento do Imposto sobre a Propriedade de Ve\u00edculos Automotores (IPVA) foi prorrogado pela Secretaria de Estado da Economia para os motoristas que t\u00eam ve\u00edculos com placas finais de 1 a 5, devido aos impactos econ\u00f4micos da pandemia da Covid-19. \u201cAqueles contribuintes que est\u00e3o com dificuldades neste&hellip;","_links":{"self":[{"href":"https:\/\/goias.gov.br\/detran\/wp-json\/wp\/v2\/posts\/2062","targetHints":{"allow":["GET"]}}],"collection":[{"href":"https:\/\/goias.gov.br\/detran\/wp-json\/wp\/v2\/posts"}],"about":[{"href":"https:\/\/goias.gov.br\/detran\/wp-json\/wp\/v2\/types\/post"}],"author":[{"embeddable":true,"href":"https:\/\/goias.gov.br\/detran\/wp-json\/wp\/v2\/users\/1"}],"replies":[{"embeddable":true,"href":"https:\/\/goias.gov.br\/detran\/wp-json\/wp\/v2\/comments?post=2062"}],"version-history":[{"count":0,"href":"https:\/\/goias.gov.br\/detran\/wp-json\/wp\/v2\/posts\/2062\/revisions"}],"wp:featuredmedia":[{"embeddable":true,"href":"https:\/\/goias.gov.br\/detran\/wp-json\/wp\/v2\/media\/4492"}],"wp:attachment":[{"href":"https:\/\/goias.gov.br\/detran\/wp-json\/wp\/v2\/media?parent=2062"}],"wp:term":[{"taxonomy":"category","embeddable":true,"href":"https:\/\/goias.gov.br\/detran\/wp-json\/wp\/v2\/categories?post=2062"},{"taxonomy":"post_tag","embeddable":true,"href":"https:\/\/goias.gov.br\/detran\/wp-json\/wp\/v2\/tags?post=2062"}],"curies":[{"name":"wp","href":"https:\/\/api.w.org\/{rel}","templated":true}]}}