

{"id":202406,"date":"2023-07-10T12:07:00","date_gmt":"2023-07-10T15:07:00","guid":{"rendered":"https:\/\/sites.goias.gov.br\/detran\/?p=202406"},"modified":"2023-07-14T18:07:30","modified_gmt":"2023-07-14T21:07:30","slug":"gerencias-de-secretaria-geral-atendimento-regional-e-engenharia-vencem-1-premio-detran-integro","status":"publish","type":"post","link":"https:\/\/goias.gov.br\/detran\/gerencias-de-secretaria-geral-atendimento-regional-e-engenharia-vencem-1-premio-detran-integro\/","title":{"rendered":"Ger\u00eancias de Secretaria Geral, Atendimento Regional e Engenharia vencem 1 pr\u00eamio Detran + \u00edntegro"},"content":{"rendered":"<div>Os vencedores da primeira edi\u00e7\u00e3o do Pr\u00eamio Detran + \u00cdntegro foram revelados na noite da \u00faltima sexta-feira (7\/07) durante o Arrai\u00e1 do Detran-GO. Foram premiadas as ger\u00eancias da Secretaria Geral, Atendimento Regional e Engenharia de Tr\u00e2nsito (1, 2 e 3 lugar, respectivamente).\u00a0<span style=\"background-color: transparent; font-size: 1rem;\">Durante a premia\u00e7\u00e3o, o presidente da autarquia, Delegado Waldir, agradeceu o empenho dos servidores na busca pela \u00e9tica e transpar\u00eancia no servi\u00e7o p\u00fablico.<\/span><\/div>\n<div><\/div>\n<div>No dia anterior (6\/07), uma comiss\u00e3o formada por integrantes do Comit\u00ea Setorial do Compliance visitou cada um dos setores participantes para avaliar itens como o engajamento, o alinhamento com o tema \u00e9tica entre outros. A primeira coloca, Secretaria Geral teve m\u00e9dia 9,5 nas avalia\u00e7\u00e3o; A Ger\u00eancia de atendimento Regional obteve 8,89; e a Ger\u00eancia de Engenharia de Tr\u00e2nsito, 8,76.<\/div>\n<div><\/div>\n<div>O Pr\u00eamio Detran + \u00cdntegro, promovido pelo Comit\u00ea Setorial de Compliance, prop\u00f5e reconhecer e premiar unidades da autarquia que desenvolvam melhores a\u00e7\u00f5es no ambiente de trabalho que envolvam os princ\u00edpios de legalidade, impessoalidade, moralidade, publicidade e efici\u00eancia, previstos na Constitui\u00e7\u00e3o Federal.<\/div>\n<div><\/div>\n<div>A proposta da premia\u00e7\u00e3o \u00e9 desenvolver, principalmente no ambiente de trabalho, a\u00e7\u00f5es honestas e contr\u00e1rias \u00e0 corrup\u00e7\u00e3o, para que a Administra\u00e7\u00e3o P\u00fablica cumpra seu principal objetivo que \u00e9 o de atender aos anseios da sociedade, privilegiando sempre o interesse p\u00fablico, garantindo a adequada presta\u00e7\u00e3o de servi\u00e7os \u00e0 sociedade.<\/div>\n<div><\/div>\n<div><\/div>\n","protected":false},"excerpt":{"rendered":"<p>Os vencedores da primeira edi\u00e7\u00e3o do Pr\u00eamio Detran + \u00cdntegro foram revelados na noite da \u00faltima sexta-feira (7\/07) durante o Arrai\u00e1 do Detran-GO. Foram premiadas as ger\u00eancias da Secretaria Geral, Atendimento Regional e Engenharia de Tr\u00e2nsito (1, 2 e 3 lugar, respectivamente).\u00a0Durante a premia\u00e7\u00e3o, o presidente da autarquia, Delegado Waldir, agradeceu o empenho dos servidores [&hellip;]<\/p>\n","protected":false},"author":1,"featured_media":202407,"comment_status":"closed","ping_status":"open","sticky":false,"template":"","format":"standard","meta":{"footnotes":"","_links_to":"","_links_to_target":""},"categories":[10],"tags":[],"class_list":["post-202406","post","type-post","status-publish","format-standard","has-post-thumbnail","hentry","category-noticias"],"rttpg_featured_image_url":{"full":["https:\/\/goias.gov.br\/detran\/wp-content\/uploads\/sites\/8\/2023\/07\/2504.jpg",1366,768,false],"landscape":["https:\/\/goias.gov.br\/detran\/wp-content\/uploads\/sites\/8\/2023\/07\/2504.jpg",1366,768,false],"portraits":["https:\/\/goias.gov.br\/detran\/wp-content\/uploads\/sites\/8\/2023\/07\/2504.jpg",1366,768,false],"thumbnail":["https:\/\/goias.gov.br\/detran\/wp-content\/uploads\/sites\/8\/2023\/07\/2504.jpg",150,84,false],"medium":["https:\/\/goias.gov.br\/detran\/wp-content\/uploads\/sites\/8\/2023\/07\/2504.jpg",300,169,false],"large":["https:\/\/goias.gov.br\/detran\/wp-content\/uploads\/sites\/8\/2023\/07\/2504.jpg",1024,576,false],"1536x1536":["https:\/\/goias.gov.br\/detran\/wp-content\/uploads\/sites\/8\/2023\/07\/2504.jpg",1366,768,false],"2048x2048":["https:\/\/goias.gov.br\/detran\/wp-content\/uploads\/sites\/8\/2023\/07\/2504.jpg",1366,768,false]},"rttpg_author":{"display_name":"wagner.viana","author_link":"https:\/\/goias.gov.br\/detran\/author\/wagner-viana\/"},"rttpg_comment":0,"rttpg_category":"<a href=\"https:\/\/goias.gov.br\/detran\/categoria\/noticias\/\" rel=\"category tag\">Not\u00edcias<\/a>","rttpg_excerpt":"Os vencedores da primeira edi\u00e7\u00e3o do Pr\u00eamio Detran + \u00cdntegro foram revelados na noite da \u00faltima sexta-feira (7\/07) durante o Arrai\u00e1 do Detran-GO. Foram premiadas as ger\u00eancias da Secretaria Geral, Atendimento Regional e Engenharia de Tr\u00e2nsito (1, 2 e 3 lugar, respectivamente).\u00a0Durante a premia\u00e7\u00e3o, o presidente da autarquia, Delegado Waldir, agradeceu o empenho dos servidores&hellip;","_links":{"self":[{"href":"https:\/\/goias.gov.br\/detran\/wp-json\/wp\/v2\/posts\/202406","targetHints":{"allow":["GET"]}}],"collection":[{"href":"https:\/\/goias.gov.br\/detran\/wp-json\/wp\/v2\/posts"}],"about":[{"href":"https:\/\/goias.gov.br\/detran\/wp-json\/wp\/v2\/types\/post"}],"author":[{"embeddable":true,"href":"https:\/\/goias.gov.br\/detran\/wp-json\/wp\/v2\/users\/1"}],"replies":[{"embeddable":true,"href":"https:\/\/goias.gov.br\/detran\/wp-json\/wp\/v2\/comments?post=202406"}],"version-history":[{"count":1,"href":"https:\/\/goias.gov.br\/detran\/wp-json\/wp\/v2\/posts\/202406\/revisions"}],"predecessor-version":[{"id":202408,"href":"https:\/\/goias.gov.br\/detran\/wp-json\/wp\/v2\/posts\/202406\/revisions\/202408"}],"wp:featuredmedia":[{"embeddable":true,"href":"https:\/\/goias.gov.br\/detran\/wp-json\/wp\/v2\/media\/202407"}],"wp:attachment":[{"href":"https:\/\/goias.gov.br\/detran\/wp-json\/wp\/v2\/media?parent=202406"}],"wp:term":[{"taxonomy":"category","embeddable":true,"href":"https:\/\/goias.gov.br\/detran\/wp-json\/wp\/v2\/categories?post=202406"},{"taxonomy":"post_tag","embeddable":true,"href":"https:\/\/goias.gov.br\/detran\/wp-json\/wp\/v2\/tags?post=202406"}],"curies":[{"name":"wp","href":"https:\/\/api.w.org\/{rel}","templated":true}]}}