

{"id":200542,"date":"2023-03-02T16:27:51","date_gmt":"2023-03-02T19:27:51","guid":{"rendered":"https:\/\/wwwhomolog.detran.go.gov.br\/?p=200542"},"modified":"2025-09-02T16:13:50","modified_gmt":"2025-09-02T19:13:50","slug":"notas-tecnicas","status":"publish","type":"post","link":"https:\/\/goias.gov.br\/detran\/notas-tecnicas\/","title":{"rendered":"Notas T\u00e9cnicas"},"content":{"rendered":"\n<figure class=\"wp-block-pullquote\"><blockquote><p><em>As Notas T\u00e9cnicas<\/em> <em>do Detran-GO est\u00e3o em processo de migra\u00e7\u00e3o para o LegislaGoi\u00e1s, acompanhe a migra\u00e7\u00e3o\u00a0<\/em><a href=\"https:\/\/legisla.casacivil.go.gov.br\/pesquisa_ato_infralegal?tipo_ato_infralegal=4&amp;orgao_emissor=17&amp;ano&amp;periodo_inicial_data&amp;periodo_final_data&amp;periodo_inicial_vigencia_inicio&amp;periodo_final_vigencia_inicio&amp;periodo_inicial_vigencia_fim&amp;periodo_final_vigencia_fim&amp;pagina=1&amp;qtd_por_pagina=10&amp;busca_avancada=1\" target=\"_blank\" rel=\"noreferrer noopener\">clicando aqui<\/a><em>.<\/em><\/p><\/blockquote><\/figure>\n\n\n\n<table class=\"planilhaview display\" style=\"width:100%\"><thead><tr><th>Nota T\u00e9cnica<\/th><th>Assunto<\/th><th>Situa\u00e7\u00e3o<\/th><\/tr><tr><th><input type=\"text\" placeholder=\"Filtrar Nota T\u00e9cnica\"><\/th><th><input type=\"text\" placeholder=\"Filtrar Assunto\"><\/th><th><input type=\"text\" placeholder=\"Filtrar Situa\u00e7\u00e3o\"><\/th><\/tr><\/thead><tbody><tr><td style=\"color: #0563C1; background-color: #FFFFFF;text-decoration: underline;\"><a href=\"https:\/\/goias.gov.br\/detran\/wp-content\/uploads\/sites\/8\/2023\/11\/Nota-Tecnica-n-1-2023-2.pdf\" target=\"_blank\">001\/2023<\/a><\/td><td style=\"color: #666666; background-color: #FFFFFF;\">Fica institu\u00eddo que todos os ve\u00edculos que estiverem sob suspeitas de adultera\u00e7\u00f5es por parte das mesas de an\u00e1lises das empresas de TI nas numera\u00e7\u00f5es de chassi, de motor e etiquetas, ter\u00e3o seus laudos reprovados, devendo os mesmos serem encaminhados para o Detran com anota\u00e7\u00e3o de diverg\u00eancias cadastrais.<\/td><td style=\"color: #666666; background-color: #FFFFFF;\">Em Vigor<\/td><\/tr><tr><td style=\"color: #0563C1; background-color: #FFFFFF;text-decoration: underline;\"><a href=\"https:\/\/goias.gov.br\/detran\/wp-content\/uploads\/sites\/8\/2023\/11\/Nota_Tecnica_1_2023___CORR.pdf\" target=\"_blank\">001\/2023 - DETRAN\/CORR<\/a><\/td><td style=\"color: #000000; background-color: #FFFFFF;\">Estabelece a necessidade de baixar Embargo de Licenciamento para anota\u00e7\u00e3o de Comunicado de Venda.<\/td><td style=\"color: #666666; background-color: #FFFFFF;\">Em Vigor<\/td><\/tr><tr><td style=\"color: #0563C1; background-color: #FFFFFF;text-decoration: underline;\"><a href=\"https:\/\/goias.gov.br\/detran\/wp-content\/uploads\/sites\/8\/2023\/11\/Nota_Tecnica_1_2023___GPA.pdf\" target=\"_blank\">001\/2023 - DETRAN\/GPA<\/a><\/td><td style=\"color: #000000; background-color: #FFFFFF;\">Desbloqueio de CNH<\/td><td style=\"color: #666666; background-color: #FFFFFF;\">Em Vigor<\/td><\/tr><tr><td style=\"color: #0563C1; background-color: #FFFFFF;text-decoration: underline;\"><a href=\"https:\/\/goias.gov.br\/detran\/wp-content\/uploads\/sites\/8\/2023\/11\/Nota_Tecnica_2_2023___GABPROC.pdf\" target=\"_blank\">002\/2023 - Detran\/GABPROC<\/a><\/td><td style=\"color: #000000; background-color: #FFFFFF;\">Efeito Suspensivo<\/td><td style=\"color: #666666; background-color: #FFFFFF;\">Em Vigor<\/td><\/tr><tr><td style=\"color: #0563C1; background-color: #FFFFFF;text-decoration: underline;\"><a href=\"https:\/\/goias.gov.br\/detran\/wp-content\/uploads\/sites\/8\/2023\/11\/Nota_Tecnica_1_2023___GABPROC.pdf\" target=\"_blank\">001\/2023 - Detran\/GABPROC<\/a><\/td><td style=\"color: #000000; background-color: #FFFFFF;\">Cancelamento de Carteira Nacional de Habilita\u00e7\u00e3o - CNH<\/td><td style=\"color: #666666; background-color: #FFFFFF;\">Em Vigor<\/td><\/tr><tr><td style=\"color: #0563C1; background-color: #FFFFFF;text-decoration: underline;\"><a href=\"https:\/\/goias.gov.br\/wp-content\/uploads\/sites\/8\/2023\/04\/14-07-2021-005-2021-279324531.pdf\" target=\"_blank\">005\/2021<\/a><\/td><td style=\"color: #666666; background-color: #FFFFFF;\">Fica institu\u00eddo que as unidades requisitantes de processos licitat\u00f3rios de objetos divis\u00edveis devem fundamentar a escolha pelo agrupamento de itens para fins da contrata\u00e7\u00e3o por pre\u00e7o global, \u00e0 luz da S\u00famula 247 do TCU, ainda que o objeto do certame seja um servi\u00e7o decorrente de uma solu\u00e7\u00e3o integrada.<\/td><td style=\"color: #666666; background-color: #FFFFFF;\">Em Vigor<\/td><\/tr><tr><td style=\"color: #0563C1; background-color: #FFFFFF;text-decoration: underline;\"><a href=\"https:\/\/goias.gov.br\/wp-content\/uploads\/sites\/8\/2023\/04\/14-07-2021-002-2021-279318781.pdf\" target=\"_blank\">002\/2021<\/a><\/td><td style=\"color: #666666; background-color: #FFFFFF;\">Fica Institu\u00eddo que a Carteira Nacional de Habilita\u00e7\u00e3o \u2013 CNH poder\u00e1 ser cancelada, a pedido do pr\u00f3prio condutor, por meio de ato do Presidente do DETRAN\/GO, publicado no Di\u00e1rio Oficial do Estado, e ficando a edi\u00e7\u00e3o da portaria de cancelamento condicionada \u00e0 devolu\u00e7\u00e3o desse documento, para inutiliza\u00e7\u00e3o, na Ger\u00eancia de Habilita\u00e7\u00e3o e Exames de Tr\u00e2nsito\/Coordenadoria do RENACH, estando v\u00e1lida a mencionada habilita\u00e7\u00e3o.<\/td><td style=\"color: #666666; background-color: #FFFFFF;\">Em vigor<\/td><\/tr><tr><td style=\"color: #0563C1; background-color: #FFFFFF;text-decoration: underline;\"><a href=\"https:\/\/goias.gov.br\/wp-content\/uploads\/sites\/8\/2023\/04\/18-11-2019-004-2019-155736583.pdf\" target=\"_blank\">004\/2019<\/a><\/td><td style=\"color: #666666; background-color: #FFFFFF;\">\u00c0 vista do que consta do Despacho 5373\/2019 da Procuradoria Setorial, Documento SEI (9510460) e Nota T\u00e9cnica Despacho 5384\/2019 Documento SEI (9515970), a qual informa que as unidades competentes tem o dever de decidir as mat\u00e9rias submetidas a sua aprecia\u00e7\u00e3o dentro da normatiza\u00e7\u00e3o de reg\u00eancia, n\u00e3o podendo transferir esse \u00f4nus a outras unidades ou a Procuradoria Setorial.<\/td><td style=\"color: #666666; background-color: #FFFFFF;\">Em Vigor<\/td><\/tr><tr><td style=\"color: #0563C1; background-color: #FFFFFF;text-decoration: underline;\"><a href=\"https:\/\/goias.gov.br\/wp-content\/uploads\/sites\/8\/2023\/04\/26-08-2019-002-2019-140216019.pdf\" target=\"_blank\">002\/2019<\/a><\/td><td style=\"color: #666666; background-color: #FFFFFF;\">Fica institu\u00eddo que a CNH poder\u00e1 ser cancelada, a pedido do pr\u00f3prio condutor, por meio de ato do Presidente do DETRAN\/GO, publicado no Di\u00e1rio Oficial do Estado, e ficando a edi\u00e7\u00e3o da portaria de cancelamento condicionada \u00e0 devolu\u00e7\u00e3o desse documento, para inutiliza\u00e7\u00e3oo, na Ger\u00eancia de Habilita\u00e7\u00e3o e Exames de Tr\u00e2nsito\/Coordenadoria do RENACH, estando v\u00e1lida a mencionada habilita\u00e7\u00e3o.<\/td><td style=\"color: #666666; background-color: #FFFFFF;\">Em Vigor<\/td><\/tr><tr><td style=\"color: #0563C1; background-color: #FFFFFF;text-decoration: underline;\"><a href=\"https:\/\/goias.gov.br\/wp-content\/uploads\/sites\/8\/2023\/04\/19-08-2019-001-2019-138979995.pdf\" target=\"_blank\">001\/2019<\/a><\/td><td style=\"color: #666666; background-color: #FFFFFF;\">Fica institu\u00eddo que os entes municipais, estaduais e federais, inclusos seus \u00f3rg\u00e3os\/entidades da administra\u00e7\u00e3o direta e indireta, s\u00e3o isentos da taxa de licenciamento de ve\u00edculos de sua propriedade e outras taxas, devendo os pedidos de isen\u00e7\u00e3o serem encaminhados diretamente \u00e0 Ger\u00eancia de Execu\u00e7\u00e3o Or\u00e7ament\u00e1ria e Financeira para tratamento da mat\u00e9ria.<\/td><td style=\"color: #666666; background-color: #FFFFFF;\">Em Vigor<\/td><\/tr><\/tbody><\/table><div class=\"wp-block-file\"><a href=\"https:\/\/goias.gov.br\/detran\/wp-content\/uploads\/sites\/8\/2024\/02\/Notas-Tecnicas-07022024.xlsx\">Notas-Tecnicas-07022024.xlsx&nbsp; <span class=\"wp-block-file__button wp-element-button\">Baixar<\/span><\/a><\/div>\n\n\n\n<h3 class=\"wp-block-heading\">Sobre as Notas T\u00e9cnicas:<\/h3>\n\n\n\n<p>A p\u00e1gina &#8220;Notas T\u00e9cnicas&#8221; do Detran-GO \u00e9 uma fonte valiosa de informa\u00e7\u00f5es que abrangem diversas quest\u00f5es relevantes. Essas notas t\u00e9cnicas fornecem diretrizes e esclarecimentos sobre uma variedade de t\u00f3picos, garantindo que todos os envolvidos estejam cientes das regulamenta\u00e7\u00f5es em vigor. \u00c9 fundamental para a transpar\u00eancia e a efic\u00e1cia da atua\u00e7\u00e3o do Detran-GO.<\/p>\n\n\n\n<p>Uma das notas t\u00e9cnicas em destaque \u00e9 a 005\/2021, que estabelece crit\u00e9rios para a escolha do agrupamento de itens em processos licitat\u00f3rios, seguindo a S\u00famula 247 do TCU. Isso \u00e9 crucial para garantir processos licitat\u00f3rios justos e transparentes.<\/p>\n\n\n\n<p>A Nota T\u00e9cnica 002\/2021 \u00e9 outra de grande import\u00e2ncia, pois trata do cancelamento da Carteira Nacional de Habilita\u00e7\u00e3o (CNH) a pedido do pr\u00f3prio condutor. A nota estabelece as condi\u00e7\u00f5es para o cancelamento, incluindo a devolu\u00e7\u00e3o da CNH para inutiliza\u00e7\u00e3o. Essa informa\u00e7\u00e3o \u00e9 relevante tanto para condutores quanto para o Detran-GO.<\/p>\n\n\n\n<p>A Nota T\u00e9cnica 004\/2019 enfatiza a responsabilidade das unidades competentes em decidir sobre quest\u00f5es dentro das normativas em vigor, sem transferir esse \u00f4nus a outras unidades ou \u00e0 Procuradoria Setorial. Isso garante a efici\u00eancia e a conformidade com as regulamenta\u00e7\u00f5es.<\/p>\n\n\n\n<p>Al\u00e9m disso, a p\u00e1gina oferece informa\u00e7\u00f5es sobre as notas t\u00e9cnicas em vigor e seus respectivos assuntos. A possibilidade de filtrar as notas t\u00e9cnicas facilita a busca por informa\u00e7\u00f5es espec\u00edficas e garante que as partes interessadas estejam atualizadas sobre as normas do Detran-GO.<\/p>\n\n\n\n<p>A p\u00e1gina ainda disponibiliza arquivos que cont\u00eam o teor das novas informa\u00e7\u00f5es publicadas, fornecendo acesso a detalhes mais abrangentes sobre cada nota t\u00e9cnica. \u00c9 uma ferramenta essencial para esclarecer d\u00favidas e garantir a conformidade com as regulamenta\u00e7\u00f5es do \u00f3rg\u00e3o, promovendo a transpar\u00eancia e a efici\u00eancia em todos os processos relacionados ao Detran-GO. Consulte regularmente a p\u00e1gina para se manter atualizado e informado.<\/p>\n\n\n\n<p>Para d\u00favidas, entre em contato com nossos&nbsp;<a href=\"https:\/\/goias.gov.br\/detran\/fale-conosco\">canais de atendimento<\/a>. Acesse tamb\u00e9m a nossa&nbsp;<a href=\"https:\/\/www.go.gov.br\/servicos\/servicos-por-orgao\/departamento-estadual-de-transito\" target=\"_blank\" rel=\"noreferrer noopener\">carta de servi\u00e7os no expresso<\/a>.<\/p>\n\n\n<div class=\"wp-block-image\">\n<figure class=\"aligncenter size-full\"><img fetchpriority=\"high\" decoding=\"async\" width=\"666\" height=\"375\" src=\"https:\/\/goias.gov.br\/detran\/wp-content\/uploads\/sites\/8\/2023\/10\/Detran-GO-Horizontal-Positivo-Laranja-e-Preto.png\" alt=\"Notas T\u00e9cnicas\" class=\"wp-image-207559\"\/><\/figure>\n<\/div>","protected":false},"excerpt":{"rendered":"<p>As Notas T\u00e9cnicas do Detran-GO est\u00e3o em processo de migra\u00e7\u00e3o para o LegislaGoi\u00e1s, acompanhe a migra\u00e7\u00e3o\u00a0clicando aqui. Sobre as Notas T\u00e9cnicas: A p\u00e1gina &#8220;Notas T\u00e9cnicas&#8221; do Detran-GO \u00e9 uma fonte valiosa de informa\u00e7\u00f5es que abrangem diversas quest\u00f5es relevantes. Essas notas t\u00e9cnicas fornecem diretrizes e esclarecimentos sobre uma variedade de t\u00f3picos, garantindo que todos os envolvidos [&hellip;]<\/p>\n","protected":false},"author":5,"featured_media":0,"comment_status":"closed","ping_status":"open","sticky":false,"template":"","format":"standard","meta":{"footnotes":"","_links_to":"","_links_to_target":""},"categories":[9],"tags":[],"class_list":["post-200542","post","type-post","status-publish","format-standard","hentry","category-institucional"],"rttpg_featured_image_url":null,"rttpg_author":{"display_name":"jamyscosta","author_link":"https:\/\/goias.gov.br\/detran\/author\/jamyscosta\/"},"rttpg_comment":0,"rttpg_category":"<a href=\"https:\/\/goias.gov.br\/detran\/categoria\/institucional\/\" rel=\"category tag\">Institucional<\/a>","rttpg_excerpt":"As Notas T\u00e9cnicas do Detran-GO est\u00e3o em processo de migra\u00e7\u00e3o para o LegislaGoi\u00e1s, acompanhe a migra\u00e7\u00e3o\u00a0clicando aqui. Sobre as Notas T\u00e9cnicas: A p\u00e1gina &#8220;Notas T\u00e9cnicas&#8221; do Detran-GO \u00e9 uma fonte valiosa de informa\u00e7\u00f5es que abrangem diversas quest\u00f5es relevantes. Essas notas t\u00e9cnicas fornecem diretrizes e esclarecimentos sobre uma variedade de t\u00f3picos, garantindo que todos os envolvidos&hellip;","_links":{"self":[{"href":"https:\/\/goias.gov.br\/detran\/wp-json\/wp\/v2\/posts\/200542","targetHints":{"allow":["GET"]}}],"collection":[{"href":"https:\/\/goias.gov.br\/detran\/wp-json\/wp\/v2\/posts"}],"about":[{"href":"https:\/\/goias.gov.br\/detran\/wp-json\/wp\/v2\/types\/post"}],"author":[{"embeddable":true,"href":"https:\/\/goias.gov.br\/detran\/wp-json\/wp\/v2\/users\/5"}],"replies":[{"embeddable":true,"href":"https:\/\/goias.gov.br\/detran\/wp-json\/wp\/v2\/comments?post=200542"}],"version-history":[{"count":2,"href":"https:\/\/goias.gov.br\/detran\/wp-json\/wp\/v2\/posts\/200542\/revisions"}],"predecessor-version":[{"id":322113,"href":"https:\/\/goias.gov.br\/detran\/wp-json\/wp\/v2\/posts\/200542\/revisions\/322113"}],"wp:attachment":[{"href":"https:\/\/goias.gov.br\/detran\/wp-json\/wp\/v2\/media?parent=200542"}],"wp:term":[{"taxonomy":"category","embeddable":true,"href":"https:\/\/goias.gov.br\/detran\/wp-json\/wp\/v2\/categories?post=200542"},{"taxonomy":"post_tag","embeddable":true,"href":"https:\/\/goias.gov.br\/detran\/wp-json\/wp\/v2\/tags?post=200542"}],"curies":[{"name":"wp","href":"https:\/\/api.w.org\/{rel}","templated":true}]}}