

{"id":200290,"date":"2023-02-14T13:46:15","date_gmt":"2023-02-14T16:46:15","guid":{"rendered":"https:\/\/wwwhomolog.detran.go.gov.br\/?p=200290"},"modified":"2026-01-15T10:41:35","modified_gmt":"2026-01-15T13:41:35","slug":"informacoes-sobre-o-transporte-escolar","status":"publish","type":"post","link":"https:\/\/goias.gov.br\/detran\/informacoes-sobre-o-transporte-escolar\/","title":{"rendered":"Informa\u00e7\u00f5es sobre o Transporte Escolar"},"content":{"rendered":"\n<div class=\"wp-block-rank-math-toc-block\" id=\"rank-math-toc\"><h2>Lista de Conte\u00fados<\/h2><nav><ul><li class=\"\"><a href=\"#sobre-o-transporte-escolar\">Sobre o Transporte Escolar<\/a><\/li><li class=\"\"><a href=\"#documentos-com-informacoes-sobre-o-transporte-escolar\">Documentos com informa\u00e7\u00f5es sobre o Transporte Escolar<\/a><\/li><\/ul><\/nav><\/div>\n\n\n\n<h3 class=\"wp-block-heading\" id=\"sobre-o-transporte-escolar\">Sobre o Transporte Escolar<\/h3>\n\n\n\n<p>Nesta p\u00e1gina, voc\u00ea encontrar\u00e1 informa\u00e7\u00f5es cruciais relacionadas ao transporte escolar em Goi\u00e1s. Tenha acesso a documentos essenciais, regulamentos e detalhes sobre as datas de vistoria dos ve\u00edculos que prestam esse servi\u00e7o. O Departamento Estadual de Tr\u00e2nsito e o Minist\u00e9rio P\u00fablico do Estado de Goi\u00e1s firmaram um Termo de Compromisso de Integra\u00e7\u00e3o Operacional para garantir a seguran\u00e7a e qualidade do transporte p\u00fablico escolar. Al\u00e9m disso, conhe\u00e7a as normativas que regulamentam a inspe\u00e7\u00e3o semestral desses ve\u00edculos, promovendo um ambiente mais seguro para nossos estudantes.<\/p>\n\n\n\n<h3 class=\"wp-block-heading\" id=\"documentos-com-informacoes-sobre-o-transporte-escolar\">Documentos com informa\u00e7\u00f5es sobre o Transporte Escolar<\/h3>\n\n\n\n<div class=\"wp-block-columns is-layout-flex wp-container-core-columns-is-layout-9d6595d7 wp-block-columns-is-layout-flex\">\n<div class=\"wp-block-column is-layout-flow wp-block-column-is-layout-flow\" style=\"flex-basis:100%\">\n<div class=\"wp-block-group\"><div class=\"wp-block-group__inner-container is-layout-constrained wp-block-group-is-layout-constrained\">\n<div class=\"wp-block-group\"><div class=\"wp-block-group__inner-container is-layout-constrained wp-block-group-is-layout-constrained\">\n<figure class=\"wp-block-table\"><table class=\"has-fixed-layout\"><thead><tr><th>Assunto<\/th><th>Documentos Relacionados<\/th><\/tr><\/thead><tbody><tr><td>Calend\u00e1rio de Vistoria de Ve\u00edculos que realizam o Transporte Escolar referente ao\u00a01\u00ba semestre do  ano de 2026, do dia 09\/02\/26 a 18\/05\/26<\/td><td><a href=\"https:\/\/goias.gov.br\/detran\/wp-content\/uploads\/sites\/8\/2026\/01\/CALENDARIO_2__1_.pdf\" data-type=\"link\" data-id=\"https:\/\/goias.gov.br\/detran\/wp-content\/uploads\/sites\/8\/2025\/07\/Calendario-de-Vistoria-de-Veiculos-que-realizam-o-Transporte-Escolar-referente-ao-2o-semestre-do-ano-de-2025-do-dia-11082025-a-20102025.pdf\" target=\"_blank\" rel=\"noreferrer noopener\">Calend\u00e1rio Vistoria Transporte Escolar 1\u00ba Semestre 2026<\/a><\/td><\/tr><tr><td>Of\u00edcio Circular destinado \u00e0s Promotorias<\/td><td><a href=\"https:\/\/goias.gov.br\/detran\/wp-content\/uploads\/sites\/8\/2026\/01\/SEI_84801573_Oficio_423.pdf\" data-type=\"link\" data-id=\"https:\/\/goias.gov.br\/detran\/wp-content\/uploads\/sites\/8\/2025\/07\/Oficio-Circular-no-2192025-destinado-as-Promotorias.pdf\" target=\"_blank\" rel=\"noreferrer noopener\">Of\u00edcio Circular Destinado \u00e0s Promotorias &#8211; 1\u00ba Semestre 2026<\/a><\/td><\/tr><tr><td>Of\u00edcio Circular destinado \u00e0s Prefeituras<\/td><td><a href=\"https:\/\/goias.gov.br\/detran\/wp-content\/uploads\/sites\/8\/2026\/01\/SEI_84802190_Oficio_427.pdf\" data-type=\"link\" data-id=\"https:\/\/goias.gov.br\/detran\/wp-content\/uploads\/sites\/8\/2025\/07\/Oficio-Circular-no-2202025-destinado-as-Prefeituras.pdf\" target=\"_blank\" rel=\"noreferrer noopener\">Of\u00edcio Circular Destinado \u00e0s Prefeituras &#8211; 1\u00ba Semestre 2026 <\/a><\/td><\/tr><tr><td>Of\u00edcio Circular destinado aos Chefes de Transportes<\/td><td><a href=\"https:\/\/goias.gov.br\/detran\/wp-content\/uploads\/sites\/8\/2026\/01\/SEI_84806614_Oficio_439.pdf\" data-type=\"link\" data-id=\"https:\/\/goias.gov.br\/detran\/wp-content\/uploads\/sites\/8\/2025\/07\/Oficio-Circular-no-2212025-destinado-aos-Chefes-de-Transportes.pdf\" target=\"_blank\" rel=\"noreferrer noopener\">Of\u00edcio Circular destinado aos Chefes de Transportes &#8211; 1\u00ba Semestre 2026<\/a><\/td><\/tr><tr><td>Disp\u00f5e sobre a utiliza\u00e7\u00e3o obrigat\u00f3ria de espelhos retrovisores, equipamento do tipo c\u00e2mera-monitor ou outro dispositivo equivalente, a ser instalado nos ve\u00edculos destinados ao transporte coletivo de escolares.<\/td><td><a href=\"https:\/\/www.gov.br\/transportes\/pt-br\/assuntos\/transito\/conteudo-contran\/resolucoes\/Resolucao9242022.pdf\" target=\"_blank\" rel=\"noreferrer noopener\">Resolu\u00e7\u00e3o Contran n\u00ba 924\/2022<\/a> <\/td><\/tr><tr><td>Regulamenta a inspe\u00e7\u00e3o semestral de ve\u00edculos destinados&nbsp;ao transporte p\u00fablico de escolares de todos os munic\u00edpios&nbsp;do Estado de Goi\u00e1s.&nbsp;<\/td><td><a href=\"https:\/\/servicos.detran.go.gov.br\/sgcp\/rest\/docflow\/anexo\/386465333\/pdf\" target=\"_blank\" rel=\"noreferrer noopener\">Portaria n\u00ba 742 compilada &#8211; 2022 DETRAN<\/a><\/td><\/tr><tr><td>Altera a Portaria n\u00ba 742\/2021 que regulamenta a inspe\u00e7\u00e3o semestral de&nbsp;ve\u00edculos destinados ao transporte p\u00fablico de escolares de todos os&nbsp;munic\u00edpios do Estado de Goi\u00e1s.<\/td><td><a href=\"https:\/\/servicos.detran.go.gov.br\/sgcp\/rest\/docflow\/anexo\/386481241\/pdf\" target=\"_blank\" rel=\"noreferrer noopener\">Portaria n\u00ba 564, de 02 de junho de 2022<\/a><\/td><\/tr><\/tbody><\/table><\/figure>\n\n\n\n<p>Al\u00e9m das informa\u00e7\u00f5es sobre o transporte escolar, acesse tamb\u00e9m a nossa p\u00e1gina com a <a href=\"\/detran\/lista-de-vistorias\">lista de vistorias<\/a>.<\/p>\n<\/div><\/div>\n<\/div><\/div>\n\n\n<div class=\"wp-block-image\">\n<figure class=\"aligncenter size-full\"><img fetchpriority=\"high\" decoding=\"async\" width=\"666\" height=\"375\" src=\"https:\/\/goias.gov.br\/detran\/wp-content\/uploads\/sites\/8\/2023\/10\/Detran-GO-Horizontal-Positivo-Laranja-e-Preto.png\" alt=\"Informa\u00e7\u00f5es sobre o Transporte Escolar\" class=\"wp-image-207559\"\/><\/figure>\n<\/div><\/div>\n<\/div>\n","protected":false},"excerpt":{"rendered":"<p>Sobre o Transporte Escolar Nesta p\u00e1gina, voc\u00ea encontrar\u00e1 informa\u00e7\u00f5es cruciais relacionadas ao transporte escolar em Goi\u00e1s. Tenha acesso a documentos essenciais, regulamentos e detalhes sobre as datas de vistoria dos ve\u00edculos que prestam esse servi\u00e7o. O Departamento Estadual de Tr\u00e2nsito e o Minist\u00e9rio P\u00fablico do Estado de Goi\u00e1s firmaram um Termo de Compromisso de Integra\u00e7\u00e3o [&hellip;]<\/p>\n","protected":false},"author":5,"featured_media":0,"comment_status":"closed","ping_status":"open","sticky":false,"template":"","format":"standard","meta":{"footnotes":"","_links_to":"","_links_to_target":""},"categories":[20],"tags":[],"class_list":["post-200290","post","type-post","status-publish","format-standard","hentry","category-transporte-escolar"],"rttpg_featured_image_url":null,"rttpg_author":{"display_name":"jamyscosta","author_link":"https:\/\/goias.gov.br\/detran\/author\/jamyscosta\/"},"rttpg_comment":0,"rttpg_category":"<a href=\"https:\/\/goias.gov.br\/detran\/categoria\/transporte-escolar\/\" rel=\"category tag\">Transporte Escolar<\/a>","rttpg_excerpt":"Sobre o Transporte Escolar Nesta p\u00e1gina, voc\u00ea encontrar\u00e1 informa\u00e7\u00f5es cruciais relacionadas ao transporte escolar em Goi\u00e1s. Tenha acesso a documentos essenciais, regulamentos e detalhes sobre as datas de vistoria dos ve\u00edculos que prestam esse servi\u00e7o. O Departamento Estadual de Tr\u00e2nsito e o Minist\u00e9rio P\u00fablico do Estado de Goi\u00e1s firmaram um Termo de Compromisso de Integra\u00e7\u00e3o&hellip;","_links":{"self":[{"href":"https:\/\/goias.gov.br\/detran\/wp-json\/wp\/v2\/posts\/200290","targetHints":{"allow":["GET"]}}],"collection":[{"href":"https:\/\/goias.gov.br\/detran\/wp-json\/wp\/v2\/posts"}],"about":[{"href":"https:\/\/goias.gov.br\/detran\/wp-json\/wp\/v2\/types\/post"}],"author":[{"embeddable":true,"href":"https:\/\/goias.gov.br\/detran\/wp-json\/wp\/v2\/users\/5"}],"replies":[{"embeddable":true,"href":"https:\/\/goias.gov.br\/detran\/wp-json\/wp\/v2\/comments?post=200290"}],"version-history":[{"count":2,"href":"https:\/\/goias.gov.br\/detran\/wp-json\/wp\/v2\/posts\/200290\/revisions"}],"predecessor-version":[{"id":361775,"href":"https:\/\/goias.gov.br\/detran\/wp-json\/wp\/v2\/posts\/200290\/revisions\/361775"}],"wp:attachment":[{"href":"https:\/\/goias.gov.br\/detran\/wp-json\/wp\/v2\/media?parent=200290"}],"wp:term":[{"taxonomy":"category","embeddable":true,"href":"https:\/\/goias.gov.br\/detran\/wp-json\/wp\/v2\/categories?post=200290"},{"taxonomy":"post_tag","embeddable":true,"href":"https:\/\/goias.gov.br\/detran\/wp-json\/wp\/v2\/tags?post=200290"}],"curies":[{"name":"wp","href":"https:\/\/api.w.org\/{rel}","templated":true}]}}