

{"id":200146,"date":"2023-01-11T14:26:02","date_gmt":"2023-01-11T17:26:02","guid":{"rendered":"http:\/\/localhost\/multisites\/modelo\/?p=7"},"modified":"2023-12-11T08:43:04","modified_gmt":"2023-12-11T11:43:04","slug":"acessibilidade","status":"publish","type":"post","link":"https:\/\/goias.gov.br\/detran\/acessibilidade\/","title":{"rendered":"Acessibilidade"},"content":{"rendered":"<div class=\"body\">\n<p>O termo acessibilidade significa incluir a pessoa com defici\u00eancia na participa\u00e7\u00e3o de atividades como o uso de produtos, servi\u00e7os e informa\u00e7\u00f5es. O atual modelo de identidade digital possui, na parte superior do site, uma barra de acessibilidade onde est\u00e3o os atalhos de navega\u00e7\u00e3o padronizados e a fun\u00e7\u00e3o para alterar o contraste.<\/p>\n<p>Na internet, acessibilidade refere-se principalmente \u00e0s recomenda\u00e7\u00f5es do WCAG (World Content Accessibility Guide) do W3C e no caso do Governo Brasileiro ao e-MAG (Modelo de Acessibilidade em Governo Eletr\u00f4nico). O e-MAG est\u00e1 alinhado as recomenda\u00e7\u00f5es internacionais, mas estabelece padr\u00f5es de comportamento acess\u00edvel para sites governamentais.<\/p>\n<p>Na parte superior do portal existe uma barra de acessibilidade onde se encontra atalhos de navega\u00e7\u00e3o padronizados e a op\u00e7\u00e3o para alterar o contraste. Essas ferramentas est\u00e3o dispon\u00edveis em todas as p\u00e1ginas do portal.<\/p>\n<p><strong>As teclas de atalho devem ser utilizadas com o teclado alfanum\u00e9rico!<\/strong><\/p>\n<p><strong>Atalhos pelo teclado:<\/strong><\/p>\n<ul>\n<li>\u00c1rea de conte\u00fado (<strong>1<\/strong>);<\/li>\n<li>Menu Principal (<strong>2<\/strong>);<\/li>\n<li>Busca (<strong>3<\/strong>);<\/li>\n<li>Rodap\u00e9 (<strong>4<\/strong>);<\/li>\n<\/ul>\n<p>Teclando-se\u00a0<strong>Alt + 1<\/strong>\u00a0em qualquer p\u00e1gina do site, chega-se diretamente ao come\u00e7o do conte\u00fado principal da p\u00e1gina.<br \/>Teclando-se\u00a0<strong>Alt + 2<\/strong>\u00a0em qualquer p\u00e1gina do site, chega-se diretamente ao in\u00edcio do menu principal.<br \/>Teclando-se\u00a0<strong>Alt + 3<\/strong>\u00a0em qualquer p\u00e1gina do site, chega-se diretamente ao campo de busca.<br \/>Teclando-se\u00a0<strong>Alt + 4<\/strong>\u00a0em qualquer p\u00e1gina do site, chega-se diretamente ao rodap\u00e9.<br \/>Redimensionamento de texto\u00a0<strong>Ctrl + 0<\/strong>.<br \/>Teclando-se\u00a0<strong>Ctrl +<\/strong>\u00a0aumenta a fonte.<br \/>Teclando-se\u00a0<strong>Ctrl &#8211;<\/strong>\u00a0diminui\u00a0 a fonte.<\/p>\n<p>No caso do Firefox, em vez de Alt + n\u00famero, tecle simultaneamente Alt + Shift + n\u00famero. Sendo Firefox no Mac OS, em vez de Alt + Shift + n\u00famero, tecle simultaneamente Ctrl + Alt + n\u00famero.<\/p>\n<p>No Opera, as teclas s\u00e3o Shift + Escape + n\u00famero. Ao teclar apenas Shift + Escape, o usu\u00e1rio encontrar\u00e1 uma janela com todas as alternativas de ACCESSKEY da p\u00e1gina.<\/p>\n<p><strong>Leis e decretos sobre acessibilidade:<\/strong><\/p>\n<ul>\n<li><a href=\"http:\/\/www.planalto.gov.br\/ccivil_03\/_ato2015-2018\/2015\/lei\/l13146.htm\" target=\"_blank\" rel=\"noopener\">Lei n\u00ba 13.146, de 6 de Julho de 2015<\/a>\u00a0&#8211; Institui a Lei Brasileira de Inclus\u00e3o da Pessoa com Defici\u00eancia (Estatuto da Pessoa com Defici\u00eancia).<\/li>\n<li><a href=\"https:\/\/www.governodigital.gov.br\/documentos-e-arquivos\/portaria3_eMAG.pdf\" target=\"_blank\" rel=\"noopener\">Portaria n\u00ba 03, de 07 de Maio de 2007<\/a>\u00a0&#8211; formato .pdf (35,5Kb) &#8211; Institucionaliza o Modelo de Acessibilidade em Governo Eletr\u00f4nico \u2013 eMAG<\/li>\n<li><a href=\"https:\/\/www.w3.org\/Translations\/WCAG20-pt-br\/\" target=\"_blank\" rel=\"noopener\">WCAG 2.0 de 2008<\/a>\u00a0&#8211; Diretrizes de Acessibilidade para Conte\u00fado Web do Cons\u00f3rcio World Wide Web.<\/li>\n<li><a href=\"http:\/\/www.planalto.gov.br\/ccivil_03\/_ato2011-2014\/2012\/decreto\/d7724.htm\" target=\"_blank\" rel=\"noopener\">Decreto n\u00ba 7.724, de 16 de Maio de 2012<\/a>\u00a0&#8211; Regulamenta a Lei No 12.527, que disp\u00f5e sobre o acesso a informa\u00e7\u00f5es.<\/li>\n<li><a href=\"http:\/\/www.planalto.gov.br\/ccivil_03\/_ato2007-2010\/2009\/decreto\/d6949.htm\" target=\"_blank\" rel=\"noopener\">Decreto n\u00ba 6.949, de 25 de agosto de 2009<\/a>\u00a0&#8211; Promulga a Conven\u00e7\u00e3o Internacional sobre os Direitos das Pessoas com Defici\u00eancia e seu Protocolo Facultativo, assinados em Nova York, em 30 de mar\u00e7o de 2007.<\/li>\n<li><a href=\"http:\/\/www.planalto.gov.br\/ccivil_03\/_Ato2004-2006\/2004\/Decreto\/D5296.htm\" target=\"_blank\" rel=\"noopener\">Decreto n\u00ba 5.296 de 02 de dezembro de 2004<\/a>\u00a0&#8211; Regulamenta as Leis nos 10.048, de 8 de novembro de 2000, que d\u00e1 prioridade de atendimento \u00e0s pessoas que especifica, e 10.098, de 19 de dezembro de 2000, que estabelece normas gerais e crit\u00e9rios b\u00e1sicos para a promo\u00e7\u00e3o da acessibilidade das pessoas portadoras de defici\u00eancia ou com mobilidade reduzida, e d\u00e1 outras provid\u00eancias.<\/li>\n<\/ul>\n<p><strong>D\u00favidas, sugest\u00f5es e cr\u00edticas:<\/strong><\/p>\n<p>No caso de problemas com a acessibilidade do portal, favor entrar em contato com o Governo Eletr\u00f4nico pelo telefone: (62) 3269-4261.<\/p>\n<\/div>\n\n<div class=\"wp-block-image\">\n<figure class=\"aligncenter size-full\"><a href=\"\/detran\"><img fetchpriority=\"high\" decoding=\"async\" width=\"666\" height=\"375\" src=\"https:\/\/goias.gov.br\/detran\/wp-content\/uploads\/sites\/8\/2023\/10\/Detran-GO-Horizontal-Positivo-Laranja-e-Preto.png\" alt=\"Acessibilidade\" class=\"wp-image-207559\"\/><\/a><\/figure>\n<\/div>","protected":false},"excerpt":{"rendered":"<p>O termo acessibilidade significa incluir a pessoa com defici\u00eancia na participa\u00e7\u00e3o de atividades como o uso de produtos, servi\u00e7os e informa\u00e7\u00f5es. O atual modelo de identidade digital possui, na parte superior do site, uma barra de acessibilidade onde est\u00e3o os atalhos de navega\u00e7\u00e3o padronizados e a fun\u00e7\u00e3o para alterar o contraste. Na internet, acessibilidade refere-se [&hellip;]<\/p>\n","protected":false},"author":1,"featured_media":0,"comment_status":"closed","ping_status":"open","sticky":false,"template":"","format":"standard","meta":{"footnotes":"","_links_to":"","_links_to_target":""},"categories":[9],"tags":[],"class_list":["post-200146","post","type-post","status-publish","format-standard","hentry","category-institucional"],"rttpg_featured_image_url":null,"rttpg_author":{"display_name":"wagner.viana","author_link":"https:\/\/goias.gov.br\/detran\/author\/wagner-viana\/"},"rttpg_comment":0,"rttpg_category":"<a href=\"https:\/\/goias.gov.br\/detran\/categoria\/institucional\/\" rel=\"category tag\">Institucional<\/a>","rttpg_excerpt":"O termo acessibilidade significa incluir a pessoa com defici\u00eancia na participa\u00e7\u00e3o de atividades como o uso de produtos, servi\u00e7os e informa\u00e7\u00f5es. O atual modelo de identidade digital possui, na parte superior do site, uma barra de acessibilidade onde est\u00e3o os atalhos de navega\u00e7\u00e3o padronizados e a fun\u00e7\u00e3o para alterar o contraste. Na internet, acessibilidade refere-se&hellip;","_links":{"self":[{"href":"https:\/\/goias.gov.br\/detran\/wp-json\/wp\/v2\/posts\/200146","targetHints":{"allow":["GET"]}}],"collection":[{"href":"https:\/\/goias.gov.br\/detran\/wp-json\/wp\/v2\/posts"}],"about":[{"href":"https:\/\/goias.gov.br\/detran\/wp-json\/wp\/v2\/types\/post"}],"author":[{"embeddable":true,"href":"https:\/\/goias.gov.br\/detran\/wp-json\/wp\/v2\/users\/1"}],"replies":[{"embeddable":true,"href":"https:\/\/goias.gov.br\/detran\/wp-json\/wp\/v2\/comments?post=200146"}],"version-history":[{"count":1,"href":"https:\/\/goias.gov.br\/detran\/wp-json\/wp\/v2\/posts\/200146\/revisions"}],"predecessor-version":[{"id":207872,"href":"https:\/\/goias.gov.br\/detran\/wp-json\/wp\/v2\/posts\/200146\/revisions\/207872"}],"wp:attachment":[{"href":"https:\/\/goias.gov.br\/detran\/wp-json\/wp\/v2\/media?parent=200146"}],"wp:term":[{"taxonomy":"category","embeddable":true,"href":"https:\/\/goias.gov.br\/detran\/wp-json\/wp\/v2\/categories?post=200146"},{"taxonomy":"post_tag","embeddable":true,"href":"https:\/\/goias.gov.br\/detran\/wp-json\/wp\/v2\/tags?post=200146"}],"curies":[{"name":"wp","href":"https:\/\/api.w.org\/{rel}","templated":true}]}}