

{"id":1948,"date":"2021-01-05T12:01:00","date_gmt":"2021-01-05T12:01:00","guid":{"rendered":"https:\/\/wwwhomolog.detran.go.gov.br\/?p=1948"},"modified":"-0001-11-30T00:00:00","modified_gmt":"-0001-11-30T03:00:00","slug":"1948","status":"publish","type":"post","link":"https:\/\/goias.gov.br\/detran\/1948\/","title":{"rendered":"CNH Social: matr\u00edculas da segunda chamada encerram nesta quinta-feira"},"content":{"rendered":"<p><span id=\"docs-internal-guid-6183dcbe-7fff-f6d9-0d39-605a54f28c15\"><\/p>\n<p dir=\"ltr\" style=\"line-height:1.656;text-align: justify;margin-top:0pt;margin-bottom:0pt;\"><span style=\"font-size:11pt;font-family:Arial;color:#000000;background-color:transparent;font-weight:400;font-style:normal;font-variant:normal;text-decoration:none;vertical-align:baseline;white-space:pre;white-space:pre-wrap;\">O Departamento Estadual de Tr\u00e2nsito de Goi\u00e1s (Detran-GO) informa que as matr\u00edculas online para os classificados na segunda chamada do programa CNH Social encerram nesta quinta-feira (07\/01). A lista est\u00e1 dispon\u00edvel exclusivamente no site www.detran.go.gov.br. Para acess\u00e1-la, basta clicar na aba CNH Social, no \u00edcone segunda chamada. O Detran-GO n\u00e3o envia e-mail ou contacta os inscritos. Por isso, \u00e9 importante que as pessoas que se cadastraram fiquem atentas e busquem as informa\u00e7\u00f5es no site oficial.<\/span><\/p>\n<p dir=\"ltr\" style=\"line-height:1.656;text-align: center;margin-top:0pt;margin-bottom:0pt;\"><b style=\"font-weight:normal;\" id=\"docs-internal-guid-547fd548-7fff-4e58-5dfc-d104029c1f5c\"><br \/><\/b><\/p>\n<p dir=\"ltr\" style=\"line-height:1.656;text-align: justify;margin-top:0pt;margin-bottom:0pt;\"><span style=\"font-size:11pt;font-family:Arial;color:#000000;background-color:transparent;font-weight:400;font-style:normal;font-variant:normal;text-decoration:none;vertical-align:baseline;white-space:pre;white-space:pre-wrap;\">Os convocados para as vagas remanescentes t\u00eam at\u00e9 o dia 7 de janeiro para efetuar a matr\u00edcula online, exclusivamente pelo site do Detran-GO, e at\u00e9 o dia 22 para fazer a abertura do Registro Nacional de Carteira de Habilita\u00e7\u00e3o. Para isso, ter\u00e3o que entregar a documenta\u00e7\u00e3o e iniciar o processo em um posto de atendimento presencial do Detran-GO.&nbsp;<\/span><\/p>\n<p dir=\"ltr\" style=\"line-height:1.656;text-align: center;margin-top:0pt;margin-bottom:0pt;\"><b style=\"font-weight:normal;\"><br \/><\/b><\/p>\n<p dir=\"ltr\" style=\"line-height:1.656;text-align: justify;margin-top:0pt;margin-bottom:0pt;\"><span style=\"font-size:11pt;font-family:Arial;color:#000000;background-color:transparent;font-weight:400;font-style:normal;font-variant:normal;text-decoration:none;vertical-align:baseline;white-space:pre;white-space:pre-wrap;\">A orienta\u00e7\u00e3o, segundo a coordenadora do programa CNH Social, Ednalva Garcia, \u00e9 que o candidato procure o atendimento presencial o quanto antes para evitar contratempos. \u201cN\u00e3o haver\u00e1 prorroga\u00e7\u00e3o de prazo. Quem n\u00e3o cumprir o cronograma ou deixar de apresentar os documentos previstos em edital ser\u00e1 desclassificado\u201d, alerta.&nbsp;<\/span><\/p>\n<p dir=\"ltr\" style=\"line-height:1.656;text-align: center;margin-top:0pt;margin-bottom:0pt;\"><b style=\"font-weight:normal;\"><br \/><\/b><\/p>\n<p dir=\"ltr\" style=\"line-height:1.656;text-align: justify;margin-top:0pt;margin-bottom:0pt;\"><span style=\"font-size:11pt;font-family:Arial;color:#000000;background-color:transparent;font-weight:400;font-style:normal;font-variant:normal;text-decoration:none;vertical-align:baseline;white-space:pre;white-space:pre-wrap;\">A segunda chamada beneficiar\u00e1 1.640 pessoas com a obten\u00e7\u00e3o, mudan\u00e7a ou adi\u00e7\u00e3o de categoria da Carteira Nacional de Habilita\u00e7\u00e3o. Isso porque, dos 4.014 classificados na primeira chamada, 2.374 efetuaram a matr\u00edcula e apresentaram a documenta\u00e7\u00e3o no prazo estabelecido.&nbsp;<\/span><\/p>\n<p dir=\"ltr\" style=\"line-height:1.656;text-align: center;margin-top:0pt;margin-bottom:0pt;\"><b style=\"font-weight:normal;\"><br \/><\/b><\/p>\n<p dir=\"ltr\" style=\"line-height:1.656;text-align: justify;margin-top:0pt;margin-bottom:0pt;\"><span style=\"font-size:11pt;font-family:Arial;color:#000000;background-color:transparent;font-weight:400;font-style:normal;font-variant:normal;text-decoration:none;vertical-align:baseline;white-space:pre;white-space:pre-wrap;\">As pessoas selecionadas ganham isen\u00e7\u00e3o das taxas do Detran-GO (Inclus\u00e3o no Renach, Licen\u00e7a de Aprendizagem de Dire\u00e7\u00e3o Veicular, agendamento de prova te\u00f3rica, agendamento de exame pr\u00e1tico). Tamb\u00e9m n\u00e3o pagam pelos exames m\u00e9dico e psicol\u00f3gico, junta m\u00e9dica, quando se tratar de candidato com defici\u00eancia, e toxicol\u00f3gico, exigido para categoria profissional. Por meio de parcerias, a autarquia oferece ainda o curso te\u00f3rico, de legisla\u00e7\u00e3o de tr\u00e2nsito, aulas pr\u00e1ticas de dire\u00e7\u00e3o e at\u00e9 tr\u00eas retestes.<\/span><\/p>\n<p dir=\"ltr\" style=\"line-height:1.656;text-align: center;margin-top:0pt;margin-bottom:0pt;\"><b style=\"font-weight:normal;\"><br \/><\/b><\/p>\n<p dir=\"ltr\" style=\"line-height:1.656;text-align: justify;margin-top:0pt;margin-bottom:0pt;\"><span style=\"font-size:11pt;font-family:Arial;color:#000000;background-color:transparent;font-weight:400;font-style:normal;font-variant:normal;text-decoration:none;vertical-align:baseline;white-space:pre;white-space:pre-wrap;\">Clique aqui para acessar a lista: https:\/\/drive.google.com\/file\/d\/1BNPU40nFUCXaea4rMTqYuLe5QuzCvzLA\/view?usp=sharing<\/span><\/p>\n<p dir=\"ltr\" style=\"line-height:1.656;text-align: center;margin-top:0pt;margin-bottom:0pt;\"><\/p>\n<div><span style=\"font-size:11pt;font-family:Arial;color:#000000;background-color:transparent;font-weight:400;font-style:normal;font-variant:normal;text-decoration:none;vertical-align:baseline;white-space:pre;white-space:pre-wrap;\"><br \/><\/span><\/div>\n<div><span style=\"font-size: 11pt; font-family: Arial; color: rgb(0, 0, 0); background-color: transparent; font-variant-numeric: normal; font-variant-east-asian: normal; vertical-align: baseline; white-space: pre-wrap;\"><br \/><\/span><\/div>\n<p><\/span><\/p>\n","protected":false},"excerpt":{"rendered":"<p>O Departamento Estadual de Tr\u00e2nsito de Goi\u00e1s (Detran-GO) informa que as matr\u00edculas online para os classificados na segunda chamada do programa CNH Social encerram nesta quinta-feira (07\/01). A lista est\u00e1 dispon\u00edvel exclusivamente no site www.detran.go.gov.br. Para acess\u00e1-la, basta clicar na aba CNH Social, no \u00edcone segunda chamada. O Detran-GO n\u00e3o envia e-mail ou contacta os [&hellip;]<\/p>\n","protected":false},"author":1,"featured_media":4378,"comment_status":"closed","ping_status":"open","sticky":false,"template":"","format":"standard","meta":{"footnotes":"","_links_to":"","_links_to_target":""},"categories":[10],"tags":[],"class_list":["post-1948","post","type-post","status-publish","format-standard","has-post-thumbnail","hentry","category-noticias"],"rttpg_featured_image_url":{"full":["https:\/\/goias.gov.br\/detran\/wp-content\/uploads\/sites\/8\/2023\/05\/1948.jpg",0,0,false],"landscape":["https:\/\/goias.gov.br\/detran\/wp-content\/uploads\/sites\/8\/2023\/05\/1948.jpg",0,0,false],"portraits":["https:\/\/goias.gov.br\/detran\/wp-content\/uploads\/sites\/8\/2023\/05\/1948.jpg",0,0,false],"thumbnail":["https:\/\/goias.gov.br\/detran\/wp-content\/uploads\/sites\/8\/2023\/05\/1948.jpg",1,1,false],"medium":["https:\/\/goias.gov.br\/detran\/wp-content\/uploads\/sites\/8\/2023\/05\/1948.jpg",1,1,false],"large":["https:\/\/goias.gov.br\/detran\/wp-content\/uploads\/sites\/8\/2023\/05\/1948.jpg",1,1,false],"1536x1536":["https:\/\/goias.gov.br\/detran\/wp-content\/uploads\/sites\/8\/2023\/05\/1948.jpg",1,1,false],"2048x2048":["https:\/\/goias.gov.br\/detran\/wp-content\/uploads\/sites\/8\/2023\/05\/1948.jpg",1,1,false]},"rttpg_author":{"display_name":"wagner.viana","author_link":"https:\/\/goias.gov.br\/detran\/author\/wagner-viana\/"},"rttpg_comment":0,"rttpg_category":"<a href=\"https:\/\/goias.gov.br\/detran\/categoria\/noticias\/\" rel=\"category tag\">Not\u00edcias<\/a>","rttpg_excerpt":"O Departamento Estadual de Tr\u00e2nsito de Goi\u00e1s (Detran-GO) informa que as matr\u00edculas online para os classificados na segunda chamada do programa CNH Social encerram nesta quinta-feira (07\/01). A lista est\u00e1 dispon\u00edvel exclusivamente no site www.detran.go.gov.br. Para acess\u00e1-la, basta clicar na aba CNH Social, no \u00edcone segunda chamada. O Detran-GO n\u00e3o envia e-mail ou contacta os&hellip;","_links":{"self":[{"href":"https:\/\/goias.gov.br\/detran\/wp-json\/wp\/v2\/posts\/1948","targetHints":{"allow":["GET"]}}],"collection":[{"href":"https:\/\/goias.gov.br\/detran\/wp-json\/wp\/v2\/posts"}],"about":[{"href":"https:\/\/goias.gov.br\/detran\/wp-json\/wp\/v2\/types\/post"}],"author":[{"embeddable":true,"href":"https:\/\/goias.gov.br\/detran\/wp-json\/wp\/v2\/users\/1"}],"replies":[{"embeddable":true,"href":"https:\/\/goias.gov.br\/detran\/wp-json\/wp\/v2\/comments?post=1948"}],"version-history":[{"count":0,"href":"https:\/\/goias.gov.br\/detran\/wp-json\/wp\/v2\/posts\/1948\/revisions"}],"wp:featuredmedia":[{"embeddable":true,"href":"https:\/\/goias.gov.br\/detran\/wp-json\/wp\/v2\/media\/4378"}],"wp:attachment":[{"href":"https:\/\/goias.gov.br\/detran\/wp-json\/wp\/v2\/media?parent=1948"}],"wp:term":[{"taxonomy":"category","embeddable":true,"href":"https:\/\/goias.gov.br\/detran\/wp-json\/wp\/v2\/categories?post=1948"},{"taxonomy":"post_tag","embeddable":true,"href":"https:\/\/goias.gov.br\/detran\/wp-json\/wp\/v2\/tags?post=1948"}],"curies":[{"name":"wp","href":"https:\/\/api.w.org\/{rel}","templated":true}]}}