

{"id":1942,"date":"2020-12-21T12:12:00","date_gmt":"2020-12-21T12:12:00","guid":{"rendered":"https:\/\/wwwhomolog.detran.go.gov.br\/?p=1942"},"modified":"-0001-11-30T00:00:00","modified_gmt":"-0001-11-30T03:00:00","slug":"1942","status":"publish","type":"post","link":"https:\/\/goias.gov.br\/detran\/1942\/","title":{"rendered":"Detran-GO aborda mais de 6 mil pessoas em a\u00e7\u00e3o educativa"},"content":{"rendered":"<div><span style=\"background-color: transparent; font-size: 1rem;\">&nbsp; O Departamento Estadual de Tr\u00e2nsito de Goi\u00e1s (Detran-GO) abordou 6.630 pessoas em a\u00e7\u00f5es educativas realizadas no \u00faltimo final de semana. As atividades, que integram a campanha de f\u00e9rias, desenvolvida pela Ger\u00eancia de Educa\u00e7\u00e3o de Tr\u00e2nsito da autarquia, foram realizadas nas pra\u00e7as C\u00edvica e Tamandar\u00e9, em conjunto com a Organiza\u00e7\u00e3o das Volunt\u00e1rias de Goi\u00e1s (OVG), e em algumas rodovias que d\u00e3o acesso \u00e0 capital.<\/span><\/div>\n<div><\/div>\n<div>&nbsp;Devido ao aumento do tr\u00e1fego nas rodovias, em dezembro o n\u00famero de acidentes de tr\u00e2nsito, geralmente \u00e9 maior que nos demais meses. Pensando nisso, educadores de tr\u00e2nsito, distribu\u00edram materiais educativos com informa\u00e7\u00f5es sobre import\u00e2ncia do uso de seguran\u00e7a, dicas de viagem segura e alertaram, principalmente, para os perigos de combinar \u00e1lcool e dire\u00e7\u00e3o. Foram realizadas abordagens, por meio do programa Balada Respons\u00e1vel Educativa, nas pra\u00e7as C\u00edvica e Tamandar\u00e9, totalizando 3200 abordagens no s\u00e1bado e domingo (19 e 20).<\/div>\n<div><span style=\"white-space:pre\">\t<\/span><\/div>\n<div>&nbsp; J\u00e1 nas rodovias, o trabalho contou com a parceria da Pol\u00edcia Rodovi\u00e1ria Federal (PRF) e Pol\u00edcia Militar, por meio do Batalh\u00e3o Rodovi\u00e1rio. As blitzes educativas buscaram sensibilizar condutores e pedestres a adotarem posturas mais seguras no tr\u00e2nsito. Foram realizadas abordagens nas BR-153 e GOs 020 (sa\u00edda para Caldas Novas), 070 (Goi\u00e1s) e 060 (Trindade).<\/div>\n<div><span style=\"white-space:pre\">\t<\/span><\/div>\n<div><span style=\"background-color: transparent; font-size: 1rem;\">&nbsp; O Detran-GO destaca que todas as a\u00e7\u00f5es educativas est\u00e3o em conformidade com as recomenda\u00e7\u00f5es das autoridades sanit\u00e1rias e buscam resguardar colabores e popula\u00e7\u00e3o. Al\u00e9m do uso da m\u00e1scara facial, \u00e9 disponibilizado \u00e1lcool 70% para higieniza\u00e7\u00e3o das m\u00e3os e do material de trabalho utilizado pelos educadores de tr\u00e2nsito.<\/span><\/div>\n<div><span style=\"background-color: transparent; font-size: 1rem;\"><br \/><\/span><\/div>\n<div><span style=\"background-color: transparent; font-size: 1rem;\">Goi\u00e2nia, 21 de dezembro de 2020.<\/span><\/div>\n<div><span style=\"background-color: transparent; font-size: 1rem;\">Comunica\u00e7\u00e3o Setorial do Detran-GO.<\/span><\/div>\n","protected":false},"excerpt":{"rendered":"<p>&nbsp; O Departamento Estadual de Tr\u00e2nsito de Goi\u00e1s (Detran-GO) abordou 6.630 pessoas em a\u00e7\u00f5es educativas realizadas no \u00faltimo final de semana. As atividades, que integram a campanha de f\u00e9rias, desenvolvida pela Ger\u00eancia de Educa\u00e7\u00e3o de Tr\u00e2nsito da autarquia, foram realizadas nas pra\u00e7as C\u00edvica e Tamandar\u00e9, em conjunto com a Organiza\u00e7\u00e3o das Volunt\u00e1rias de Goi\u00e1s (OVG), [&hellip;]<\/p>\n","protected":false},"author":1,"featured_media":4372,"comment_status":"closed","ping_status":"open","sticky":false,"template":"","format":"standard","meta":{"footnotes":"","_links_to":"","_links_to_target":""},"categories":[10],"tags":[],"class_list":["post-1942","post","type-post","status-publish","format-standard","has-post-thumbnail","hentry","category-noticias"],"rttpg_featured_image_url":{"full":["https:\/\/goias.gov.br\/detran\/wp-content\/uploads\/sites\/8\/2023\/05\/1942.jpg",0,0,false],"landscape":["https:\/\/goias.gov.br\/detran\/wp-content\/uploads\/sites\/8\/2023\/05\/1942.jpg",0,0,false],"portraits":["https:\/\/goias.gov.br\/detran\/wp-content\/uploads\/sites\/8\/2023\/05\/1942.jpg",0,0,false],"thumbnail":["https:\/\/goias.gov.br\/detran\/wp-content\/uploads\/sites\/8\/2023\/05\/1942.jpg",1,1,false],"medium":["https:\/\/goias.gov.br\/detran\/wp-content\/uploads\/sites\/8\/2023\/05\/1942.jpg",1,1,false],"large":["https:\/\/goias.gov.br\/detran\/wp-content\/uploads\/sites\/8\/2023\/05\/1942.jpg",1,1,false],"1536x1536":["https:\/\/goias.gov.br\/detran\/wp-content\/uploads\/sites\/8\/2023\/05\/1942.jpg",1,1,false],"2048x2048":["https:\/\/goias.gov.br\/detran\/wp-content\/uploads\/sites\/8\/2023\/05\/1942.jpg",1,1,false]},"rttpg_author":{"display_name":"wagner.viana","author_link":"https:\/\/goias.gov.br\/detran\/author\/wagner-viana\/"},"rttpg_comment":0,"rttpg_category":"<a href=\"https:\/\/goias.gov.br\/detran\/categoria\/noticias\/\" rel=\"category tag\">Not\u00edcias<\/a>","rttpg_excerpt":"&nbsp; O Departamento Estadual de Tr\u00e2nsito de Goi\u00e1s (Detran-GO) abordou 6.630 pessoas em a\u00e7\u00f5es educativas realizadas no \u00faltimo final de semana. As atividades, que integram a campanha de f\u00e9rias, desenvolvida pela Ger\u00eancia de Educa\u00e7\u00e3o de Tr\u00e2nsito da autarquia, foram realizadas nas pra\u00e7as C\u00edvica e Tamandar\u00e9, em conjunto com a Organiza\u00e7\u00e3o das Volunt\u00e1rias de Goi\u00e1s (OVG),&hellip;","_links":{"self":[{"href":"https:\/\/goias.gov.br\/detran\/wp-json\/wp\/v2\/posts\/1942","targetHints":{"allow":["GET"]}}],"collection":[{"href":"https:\/\/goias.gov.br\/detran\/wp-json\/wp\/v2\/posts"}],"about":[{"href":"https:\/\/goias.gov.br\/detran\/wp-json\/wp\/v2\/types\/post"}],"author":[{"embeddable":true,"href":"https:\/\/goias.gov.br\/detran\/wp-json\/wp\/v2\/users\/1"}],"replies":[{"embeddable":true,"href":"https:\/\/goias.gov.br\/detran\/wp-json\/wp\/v2\/comments?post=1942"}],"version-history":[{"count":0,"href":"https:\/\/goias.gov.br\/detran\/wp-json\/wp\/v2\/posts\/1942\/revisions"}],"wp:featuredmedia":[{"embeddable":true,"href":"https:\/\/goias.gov.br\/detran\/wp-json\/wp\/v2\/media\/4372"}],"wp:attachment":[{"href":"https:\/\/goias.gov.br\/detran\/wp-json\/wp\/v2\/media?parent=1942"}],"wp:term":[{"taxonomy":"category","embeddable":true,"href":"https:\/\/goias.gov.br\/detran\/wp-json\/wp\/v2\/categories?post=1942"},{"taxonomy":"post_tag","embeddable":true,"href":"https:\/\/goias.gov.br\/detran\/wp-json\/wp\/v2\/tags?post=1942"}],"curies":[{"name":"wp","href":"https:\/\/api.w.org\/{rel}","templated":true}]}}