

{"id":1901,"date":"2020-11-13T12:11:00","date_gmt":"2020-11-13T12:11:00","guid":{"rendered":"https:\/\/wwwhomolog.detran.go.gov.br\/?p=1901"},"modified":"-0001-11-30T00:00:00","modified_gmt":"-0001-11-30T03:00:00","slug":"1901","status":"publish","type":"post","link":"https:\/\/goias.gov.br\/detran\/1901\/","title":{"rendered":"Detran-GO finaliza a\u00e7\u00f5es em alus\u00e3o ao Dia Mundial em Mem\u00f3ria \u00e0s V\u00edtimas do Tr\u00e2nsito"},"content":{"rendered":"<div>Nesta sexta-feira (13), equipes de educadores do Departamento Estadual de Tr\u00e2nsito de Goi\u00e1s (Detran-GO) finalizam as a\u00e7\u00f5es de conscientiza\u00e7\u00e3o na porta da autarquia, na Cidade Jardim. A a\u00e7\u00e3o de encerramento \u00e9 uma blitz educativa com a participa\u00e7\u00e3o da Secretaria Municipal de Tr\u00e2nsito Transporte e Mobilidade (SMT) e de pessoas que sofreram acidentes de tr\u00e2nsito da Associa\u00e7\u00e3o dos Acidentados (Aciteg)<\/div>\n<div><\/div>\n<div>Durante toda semana foram realizadas blitzes educativas em Goi\u00e2nia. As a\u00e7\u00f5es foram uma homenagem \u00e0s mais de 1.170 pessoas que morreram em acidentes automobil\u00edsticos apenas neste ano em Goi\u00e1s. Nas abordagens, os condutores foram orientados a respeitar as leis de tr\u00e2nsito &#8211; como usar o cinto de seguran\u00e7a, n\u00e3o exceder a velocidade da via e, principalmente, n\u00e3o dirigir ap\u00f3s a ingest\u00e3o de bebidas alco\u00f3licas.<\/div>\n<div><\/div>\n<div>A gerente de educa\u00e7\u00e3o para o tr\u00e2nsito, Pablynne de Carvalho Melo, explica que as a\u00e7\u00f5es visam levar solidariedade a quem perdeu um ente querido e alertar a popula\u00e7\u00e3o para ado\u00e7\u00e3o de uma dire\u00e7\u00e3o defensiva. \u201cO Dia Mundial em Mem\u00f3ria \u00e0s V\u00edtimas de Acidentes de Tr\u00e2nsito \u00e9 um dia para homenagear as v\u00edtimas e seus familiares. Al\u00e9m de conscientizar toda sociedade sobre os riscos de n\u00e3o respeitar as leis de tr\u00e2nsito\u201d, assegura.&nbsp;<\/div>\n<div><\/div>\n<div>Segundo dados da Secretaria de Seguran\u00e7a P\u00fablica, de janeiro a outubro foram registrados 1.167 \u00f3bitos por acidente de tr\u00e2nsito em Goi\u00e1s. S\u00e3o vidas perdidas por imprud\u00eancia. O n\u00famero de v\u00edtimas \u00e9 bem maior se considerados os casos de sequelados e feridos. A maioria dessas ocorr\u00eancias poderia ser evitada.<\/div>\n<div><\/div>\n<div>O dia<\/div>\n<div>Neste ano, o Dia Mundial em Mem\u00f3ria \u00e0s V\u00edtimas de Acidentes de Tr\u00e2nsito completa 25 anos. A data ser\u00e1 lembrada no dia 15 de novembro. A inten\u00e7\u00e3o da organiza\u00e7\u00e3o de todo o mundo \u00e9 estimular a reflex\u00e3o sobre a necessidade de redu\u00e7\u00e3o de \u00edndices de acidentes de tr\u00e2nsito.&nbsp;<\/div>\n<div><\/div>\n<div>Goi\u00e2nia, 13 de novembro de 2020.<\/div>\n<div>Comunica\u00e7\u00e3o Setorial do Detran-GO.<\/div>\n","protected":false},"excerpt":{"rendered":"<p>Nesta sexta-feira (13), equipes de educadores do Departamento Estadual de Tr\u00e2nsito de Goi\u00e1s (Detran-GO) finalizam as a\u00e7\u00f5es de conscientiza\u00e7\u00e3o na porta da autarquia, na Cidade Jardim. A a\u00e7\u00e3o de encerramento \u00e9 uma blitz educativa com a participa\u00e7\u00e3o da Secretaria Municipal de Tr\u00e2nsito Transporte e Mobilidade (SMT) e de pessoas que sofreram acidentes de tr\u00e2nsito da [&hellip;]<\/p>\n","protected":false},"author":1,"featured_media":4331,"comment_status":"closed","ping_status":"open","sticky":false,"template":"","format":"standard","meta":{"footnotes":"","_links_to":"","_links_to_target":""},"categories":[10],"tags":[],"class_list":["post-1901","post","type-post","status-publish","format-standard","has-post-thumbnail","hentry","category-noticias"],"rttpg_featured_image_url":{"full":["https:\/\/goias.gov.br\/detran\/wp-content\/uploads\/sites\/8\/2023\/05\/1901.jpg",0,0,false],"landscape":["https:\/\/goias.gov.br\/detran\/wp-content\/uploads\/sites\/8\/2023\/05\/1901.jpg",0,0,false],"portraits":["https:\/\/goias.gov.br\/detran\/wp-content\/uploads\/sites\/8\/2023\/05\/1901.jpg",0,0,false],"thumbnail":["https:\/\/goias.gov.br\/detran\/wp-content\/uploads\/sites\/8\/2023\/05\/1901.jpg",1,1,false],"medium":["https:\/\/goias.gov.br\/detran\/wp-content\/uploads\/sites\/8\/2023\/05\/1901.jpg",1,1,false],"large":["https:\/\/goias.gov.br\/detran\/wp-content\/uploads\/sites\/8\/2023\/05\/1901.jpg",1,1,false],"1536x1536":["https:\/\/goias.gov.br\/detran\/wp-content\/uploads\/sites\/8\/2023\/05\/1901.jpg",1,1,false],"2048x2048":["https:\/\/goias.gov.br\/detran\/wp-content\/uploads\/sites\/8\/2023\/05\/1901.jpg",1,1,false]},"rttpg_author":{"display_name":"wagner.viana","author_link":"https:\/\/goias.gov.br\/detran\/author\/wagner-viana\/"},"rttpg_comment":0,"rttpg_category":"<a href=\"https:\/\/goias.gov.br\/detran\/categoria\/noticias\/\" rel=\"category tag\">Not\u00edcias<\/a>","rttpg_excerpt":"Nesta sexta-feira (13), equipes de educadores do Departamento Estadual de Tr\u00e2nsito de Goi\u00e1s (Detran-GO) finalizam as a\u00e7\u00f5es de conscientiza\u00e7\u00e3o na porta da autarquia, na Cidade Jardim. A a\u00e7\u00e3o de encerramento \u00e9 uma blitz educativa com a participa\u00e7\u00e3o da Secretaria Municipal de Tr\u00e2nsito Transporte e Mobilidade (SMT) e de pessoas que sofreram acidentes de tr\u00e2nsito da&hellip;","_links":{"self":[{"href":"https:\/\/goias.gov.br\/detran\/wp-json\/wp\/v2\/posts\/1901","targetHints":{"allow":["GET"]}}],"collection":[{"href":"https:\/\/goias.gov.br\/detran\/wp-json\/wp\/v2\/posts"}],"about":[{"href":"https:\/\/goias.gov.br\/detran\/wp-json\/wp\/v2\/types\/post"}],"author":[{"embeddable":true,"href":"https:\/\/goias.gov.br\/detran\/wp-json\/wp\/v2\/users\/1"}],"replies":[{"embeddable":true,"href":"https:\/\/goias.gov.br\/detran\/wp-json\/wp\/v2\/comments?post=1901"}],"version-history":[{"count":0,"href":"https:\/\/goias.gov.br\/detran\/wp-json\/wp\/v2\/posts\/1901\/revisions"}],"wp:featuredmedia":[{"embeddable":true,"href":"https:\/\/goias.gov.br\/detran\/wp-json\/wp\/v2\/media\/4331"}],"wp:attachment":[{"href":"https:\/\/goias.gov.br\/detran\/wp-json\/wp\/v2\/media?parent=1901"}],"wp:term":[{"taxonomy":"category","embeddable":true,"href":"https:\/\/goias.gov.br\/detran\/wp-json\/wp\/v2\/categories?post=1901"},{"taxonomy":"post_tag","embeddable":true,"href":"https:\/\/goias.gov.br\/detran\/wp-json\/wp\/v2\/tags?post=1901"}],"curies":[{"name":"wp","href":"https:\/\/api.w.org\/{rel}","templated":true}]}}