

{"id":1879,"date":"2020-10-05T12:10:00","date_gmt":"2020-10-05T12:10:00","guid":{"rendered":"https:\/\/wwwhomolog.detran.go.gov.br\/?p=1879"},"modified":"-0001-11-30T00:00:00","modified_gmt":"-0001-11-30T03:00:00","slug":"1879","status":"publish","type":"post","link":"https:\/\/goias.gov.br\/detran\/1879\/","title":{"rendered":"Campanha do Detran recebe pr\u00eamio nacional"},"content":{"rendered":"<div><span style=\"background-color: transparent; font-size: 1rem;\">A campanha publicit\u00e1ria do Departamento Estadual de Tr\u00e2nsito de Goi\u00e1s (Detran-GO) \u201cConte\u00fado Sens\u00edvel\u201d foi a vencedora do Pr\u00eamio Profissionais do Ano 2020, categoria Leste-Oeste. O material criado e produzido pela Box Comunica\u00e7\u00e3o alerta para o risco do desrespeito \u00e0s leis de tr\u00e2nsito, estimulando a reflex\u00e3o do telespectador sobre os perigos de a\u00e7\u00f5es como manusear celular ao volante, dirigir alcoolizado e transportar crian\u00e7as sem o uso do dispositivo de seguran\u00e7a correto (cadeirinha).<\/span><\/div>\n<div><\/div>\n<div>Entre as pe\u00e7as da campanha est\u00e3o tr\u00eas v\u00eddeos de trinta segundos que, no casamento perfeito de imagem e texto, lembram que, em 2019, mais de 30 mil pessoas foram autuadas por dirigir falando ou manuseando o celular; 2,3 mil acidentes foram causados por condutores alcoolizados; e, 3 mil motoristas flagrados colocando em risco a vida de crian\u00e7as menores de 7,5 anos ao transport\u00e1-las fora de beb\u00ea conforto, cadeirinha ou assento de eleva\u00e7\u00e3o.<\/div>\n<div><\/div>\n<div>\u201cAs campanhas publicit\u00e1rias do Detran-GO t\u00eam o objetivo de alertar, estimular a reflex\u00e3o e promover mudan\u00e7as de comportamentos, colaborando para a constru\u00e7\u00e3o de um tr\u00e2nsito mais seguro para todos os goianos\u201d, alerta o presidente Marcos Roberto Silva. Ele acrescenta que, al\u00e9m das campanhas, a autarquia investe na melhoria do tr\u00e2nsito com a\u00e7\u00f5es educativas e de fiscaliza\u00e7\u00e3o desenvolvidas diariamente e tamb\u00e9m, por meio de parcerias com as prefeituras, levando sinaliza\u00e7\u00e3o de tr\u00e1fego a todos os munic\u00edpios.<\/div>\n<div><\/div>\n<div>O Pr\u00eamio Profissionais do Ano \u00e9 realizado h\u00e1 mais de 40 anos pela Rede Globo em reconhecimento aos talentos do mercado publicit\u00e1rio. Neste ano, devido \u00e0 pandemia, o an\u00fancio dos vencedores n\u00e3o foi feito em uma festa como nas edi\u00e7\u00f5es anteriores. Os ganhadores foram revelados no \u00faltimo s\u00e1bado (3\/09) durante o intervalo comercial da TV Globo.&nbsp;<\/div>\n<div><b><br \/><\/b><\/div>\n<div><b>Goi\u00e2nia, 5 de outubro de 2020.<\/b><\/div>\n<div><b>Comunica\u00e7\u00e3o Setorial do Detran-GO.<\/b><\/div>\n","protected":false},"excerpt":{"rendered":"<p>A campanha publicit\u00e1ria do Departamento Estadual de Tr\u00e2nsito de Goi\u00e1s (Detran-GO) \u201cConte\u00fado Sens\u00edvel\u201d foi a vencedora do Pr\u00eamio Profissionais do Ano 2020, categoria Leste-Oeste. O material criado e produzido pela Box Comunica\u00e7\u00e3o alerta para o risco do desrespeito \u00e0s leis de tr\u00e2nsito, estimulando a reflex\u00e3o do telespectador sobre os perigos de a\u00e7\u00f5es como manusear celular [&hellip;]<\/p>\n","protected":false},"author":1,"featured_media":4309,"comment_status":"closed","ping_status":"open","sticky":false,"template":"","format":"standard","meta":{"footnotes":"","_links_to":"","_links_to_target":""},"categories":[10],"tags":[],"class_list":["post-1879","post","type-post","status-publish","format-standard","has-post-thumbnail","hentry","category-noticias"],"rttpg_featured_image_url":{"full":["https:\/\/goias.gov.br\/detran\/wp-content\/uploads\/sites\/8\/2023\/05\/1879.jpg",0,0,false],"landscape":["https:\/\/goias.gov.br\/detran\/wp-content\/uploads\/sites\/8\/2023\/05\/1879.jpg",0,0,false],"portraits":["https:\/\/goias.gov.br\/detran\/wp-content\/uploads\/sites\/8\/2023\/05\/1879.jpg",0,0,false],"thumbnail":["https:\/\/goias.gov.br\/detran\/wp-content\/uploads\/sites\/8\/2023\/05\/1879.jpg",1,1,false],"medium":["https:\/\/goias.gov.br\/detran\/wp-content\/uploads\/sites\/8\/2023\/05\/1879.jpg",1,1,false],"large":["https:\/\/goias.gov.br\/detran\/wp-content\/uploads\/sites\/8\/2023\/05\/1879.jpg",1,1,false],"1536x1536":["https:\/\/goias.gov.br\/detran\/wp-content\/uploads\/sites\/8\/2023\/05\/1879.jpg",1,1,false],"2048x2048":["https:\/\/goias.gov.br\/detran\/wp-content\/uploads\/sites\/8\/2023\/05\/1879.jpg",1,1,false]},"rttpg_author":{"display_name":"wagner.viana","author_link":"https:\/\/goias.gov.br\/detran\/author\/wagner-viana\/"},"rttpg_comment":0,"rttpg_category":"<a href=\"https:\/\/goias.gov.br\/detran\/categoria\/noticias\/\" rel=\"category tag\">Not\u00edcias<\/a>","rttpg_excerpt":"A campanha publicit\u00e1ria do Departamento Estadual de Tr\u00e2nsito de Goi\u00e1s (Detran-GO) \u201cConte\u00fado Sens\u00edvel\u201d foi a vencedora do Pr\u00eamio Profissionais do Ano 2020, categoria Leste-Oeste. O material criado e produzido pela Box Comunica\u00e7\u00e3o alerta para o risco do desrespeito \u00e0s leis de tr\u00e2nsito, estimulando a reflex\u00e3o do telespectador sobre os perigos de a\u00e7\u00f5es como manusear celular&hellip;","_links":{"self":[{"href":"https:\/\/goias.gov.br\/detran\/wp-json\/wp\/v2\/posts\/1879","targetHints":{"allow":["GET"]}}],"collection":[{"href":"https:\/\/goias.gov.br\/detran\/wp-json\/wp\/v2\/posts"}],"about":[{"href":"https:\/\/goias.gov.br\/detran\/wp-json\/wp\/v2\/types\/post"}],"author":[{"embeddable":true,"href":"https:\/\/goias.gov.br\/detran\/wp-json\/wp\/v2\/users\/1"}],"replies":[{"embeddable":true,"href":"https:\/\/goias.gov.br\/detran\/wp-json\/wp\/v2\/comments?post=1879"}],"version-history":[{"count":0,"href":"https:\/\/goias.gov.br\/detran\/wp-json\/wp\/v2\/posts\/1879\/revisions"}],"wp:featuredmedia":[{"embeddable":true,"href":"https:\/\/goias.gov.br\/detran\/wp-json\/wp\/v2\/media\/4309"}],"wp:attachment":[{"href":"https:\/\/goias.gov.br\/detran\/wp-json\/wp\/v2\/media?parent=1879"}],"wp:term":[{"taxonomy":"category","embeddable":true,"href":"https:\/\/goias.gov.br\/detran\/wp-json\/wp\/v2\/categories?post=1879"},{"taxonomy":"post_tag","embeddable":true,"href":"https:\/\/goias.gov.br\/detran\/wp-json\/wp\/v2\/tags?post=1879"}],"curies":[{"name":"wp","href":"https:\/\/api.w.org\/{rel}","templated":true}]}}