

{"id":1799,"date":"2020-05-27T12:05:00","date_gmt":"2020-05-27T12:05:00","guid":{"rendered":"https:\/\/wwwhomolog.detran.go.gov.br\/?p=1799"},"modified":"-0001-11-30T00:00:00","modified_gmt":"-0001-11-30T03:00:00","slug":"1799","status":"publish","type":"post","link":"https:\/\/goias.gov.br\/detran\/1799\/","title":{"rendered":"Governo de Goi\u00e1s e OVG lan\u00e7am campanha para arrecadar agasalhos"},"content":{"rendered":"<p lang=\"zxx\" align=\"justify\" style=\"margin-bottom: 0cm; font-variant-numeric: normal; font-variant-east-asian: normal;\"><span style=\"font-size: 14pt; font-family: &quot;Times New Roman&quot;, serif; color: rgb(0, 0, 0); background-color: transparent; text-align: left;\">&nbsp; &nbsp;<\/span><span style=\"font-size: 14pt; font-family: &quot;Times New Roman&quot;, serif; color: rgb(0, 0, 0); background-color: transparent; text-align: left;\">A<br \/>\n\u201cCampanha Aquecendo Vidas\u201d disponibilizou oito pontos de<br \/>\narrecada\u00e7\u00e3o de roupas de frio e j\u00e1 inicia com a entrega de 1.500<br \/>\nnovos cobertores para os moradores da Comunidade Terra do Sul,<br \/>\nassentamento que fica na regi\u00e3o do Aterro Sanit\u00e1rio de Aparecida de<br \/>\nGoi\u00e2nia.<\/span><\/p>\n<p lang=\"zxx\" align=\"justify\" style=\"margin-bottom: 0cm; font-variant-numeric: normal; font-variant-east-asian: normal;\"><font color=\"#000000\"><font face=\"Times New Roman, serif\"><font style=\"font-size: 14pt\"><br \/>\n<br \/>&nbsp; O Governo de Goi\u00e1s, por meio da Organiza\u00e7\u00e3o<br \/>\ndas Volunt\u00e1rias de Goi\u00e1s (OVG) e do Gabinete de Pol\u00edticas Sociais<br \/>\n(GPS), lan\u00e7ou nesta ter\u00e7a-feira (26\/05) a Campanha do Agasalho<br \/>\n2020. Com o tema \u201cAquecendo Vidas\u201d, a campanha tem como objetivo<br \/>\nengajar a sociedade para promover um inverno mais solid\u00e1rio. As<br \/>\nroupas de frio ser\u00e3o destinadas a pessoas em situa\u00e7\u00e3o de rua,<br \/>\nentidades sociais cadastradas e munic\u00edpios do Estado de Goi\u00e1s.<\/p>\n<p>&nbsp; \u201cHoje estamos iniciando a campanha Aquecendo Vidas. O que<br \/>\nqueremos \u00e9 levar esse acolhimento para as fam\u00edlias mais<br \/>\nfragilizadas, especialmente neste ano que estamos vivendo uma<br \/>\npandemia. Muitas pessoas est\u00e3o sem condi\u00e7\u00f5es financeiras de<br \/>\ncomprar at\u00e9 alimentos, ent\u00e3o nosso cuidado com elas deve ser ainda<br \/>\nmaior\u201d, refor\u00e7a a presidente de honra da OVG e coordenadora do<br \/>\nGabinete de Pol\u00edticas Sociais, primeira-dama Gracinha Caiado. <\/p>\n<p>&nbsp; Al\u00e9m<br \/>\nda arrecada\u00e7\u00e3o de agasalhos, a OVG comprou 40 mil cobertores novos<br \/>\npara distribuir neste inverno.  Na tarde de hoje j\u00e1 ser\u00e3o entregues<br \/>\n1.500 novos cobertores para os moradores da Comunidade Terra do Sul,<br \/>\nassentamento que fica na regi\u00e3o do Aterro Sanit\u00e1rio de Aparecida de<br \/>\nGoi\u00e2nia. \u201cA entrega ser\u00e1 feita em todo o Estado, mas vamos<br \/>\niniciar pelos que registram as menores temperaturas e em cidades com<br \/>\no maior n\u00famero de pessoas vulner\u00e1veis\u201d, explica a diretora-geral<br \/>\nda Organiza\u00e7\u00e3o, Adryanna Melo Caiado.<\/p>\n<p><b><u><br \/>\nProte\u00e7\u00e3o<\/u><\/b><\/p>\n<p>&nbsp; Desde<br \/>\no in\u00edcio das medidas de isolamento para evitar a propaga\u00e7\u00e3o da<br \/>\nCovid-19 em Goi\u00e1s, o Governo de Goi\u00e1s tem tomado iniciativas para<br \/>\nreduzir os efeitos econ\u00f4micos e sociais decorrentes da crise causada<br \/>\npela pandemia. <\/p>\n<p>&nbsp; A Campanha de Combate \u00e0 Propaga\u00e7\u00e3o do<br \/>\nCoronav\u00edrus, lan\u00e7ada pelo Governo de Goi\u00e1s, por meio da OVG e do<br \/>\nGabinete de Pol\u00edticas Sociais, arrecadou, em pouco mais de 2 meses,<br \/>\nmilhares de toneladas de alimentos, bem como itens de higiene e<br \/>\nlimpeza, al\u00e9m de mais de R$ 3,8 milh\u00f5es em dinheiro. O recurso \u00e9<br \/>\nusado para a compra de mais cestas b\u00e1sicas, itens de higiene e<br \/>\nequipamentos de prote\u00e7\u00e3o. J\u00e1 foram levadas 7 mil toneladas de<br \/>\nalimentos a fam\u00edlias em vulnerabilidade em todos os 246 munic\u00edpios<br \/>\ndo Estado, bem como comunidades quilombolas e assentamentos. <\/p>\n<p>&nbsp; O<br \/>\nGoverno de Goi\u00e1s, por meio da Secretaria de Educa\u00e7\u00e3o (Seduc),<br \/>\nrepassou quatro parcelas, cada uma de R$ 75, por aluno da rede<br \/>\nestadual que seja de fam\u00edlia cadastrada no Programa Bolsa Fam\u00edlia.<br \/>\nEsse valor \u00e9 referente \u00e0 merenda escolar e garante seguran\u00e7a<br \/>\nalimentar a esses estudantes enquanto as aulas presenciais estiverem<br \/>\nsuspensas. O benef\u00edcio chegou a um total de 109.035 estudantes em<br \/>\ntodo o Estado.<\/p>\n<p>&nbsp; Outro aux\u00edlio neste momento de crise foi a<br \/>\nsuspens\u00e3o do corte de abastecimento de \u00e1gua em caso de atraso no<br \/>\npagamento. O governo tamb\u00e9m solicitou que, da mesma forma, a empresa<br \/>\nEnel n\u00e3o suspenda fornecimento de energia el\u00e9trica e as empresas de<br \/>\ntelefonia n\u00e3o cortem o sinal de telefone para os que n\u00e3o<br \/>\nconseguirem pagar a conta durante o per\u00edodo de isolamento<br \/>\nsocial.<\/p>\n<p><b><u><br \/>\nPontos de arrecada\u00e7\u00e3o Campanha do Agasalho<br \/>\n2020<\/u><\/b><\/font><\/font><\/font><\/p>\n<p lang=\"zxx\" align=\"justify\" style=\"margin-bottom: 0cm; font-variant-numeric: normal; font-variant-east-asian: normal;\"><font color=\"#000000\"><font face=\"Times New Roman, serif\"><font style=\"font-size: 14pt\"><b><u><br \/><\/u><\/b><br \/>\nAs doa\u00e7\u00f5es de agasalhos podem ser feitas entre os dias 26<br \/>\nde maio e 10 de junho, em oito pontos de coleta em Goi\u00e2nia:<br \/>\n\u2022<br \/>\nOVG &#8211; Rua T-13, Setor Bueno (Drive Thru)<br \/>\n\u2022 Pal\u00e1cio Pedro<br \/>\nLudovico Teixeira &#8211; Rua 82, n\u00ba 400, Centro (Drive Thru)<br \/>\n\u2022<br \/>\nCorpo de Bombeiros &#8211; Av. C-206 com C-198 &#8211; Jardim Am\u00e9rica (Drive<br \/>\nThru)<br \/>\n\u2022 Detran &#8211; Avenida Engenheiro At\u00edlio Correia Lima, s\/n<br \/>\n&#8211; Cidade Jardim (Drive Thru)<br \/>\n\u2022 Hiper Moreira &#8211; Av. Perimetral,<br \/>\n2982 &#8211; Coimbra<br \/>\n\u2022 Record TV &#8211; Rua T-30, n\u00ba 1302, Setor Bueno<br \/>\n\u2022<br \/>\nSaneago &#8211; Av. Fued Jos\u00e9 Sebba, n\u00ba 1245 &#8211; Jardim Goi\u00e1s<br \/>\n\u2022<br \/>\nShopping Bougainville (estacionamento) &#8211; Rua 9, n\u00ba 1855 &#8211; Setor<br \/>\nMarista<\/font><\/font><\/font><\/p>\n<p lang=\"zxx\" align=\"justify\" style=\"margin-bottom: 0cm; font-variant-numeric: normal; font-variant-east-asian: normal;\"><font color=\"#000000\"><font face=\"Times New Roman, serif\"><font style=\"font-size: 14pt\"><br \/><\/font><\/font><\/font><\/p>\n<p lang=\"zxx\" align=\"justify\" style=\"margin-bottom: 0cm; font-variant-numeric: normal; font-variant-east-asian: normal;\"><font color=\"#000000\"><font face=\"Times New Roman, serif\"><font style=\"font-size: 14pt\"><br \/><\/font><\/font><\/font><\/p>\n<p lang=\"zxx\" align=\"justify\" style=\"margin-bottom: 0cm; font-variant-numeric: normal; font-variant-east-asian: normal;\"><strong style=\"margin: 0px; padding: 0px; border: 0px; outline: 0px; font-size: 13px; vertical-align: baseline; background: rgb(255, 255, 255); color: rgb(79, 79, 79); font-family: Arial, Helvetica, sans-serif;\">Ger\u00eancia Estrat\u00e9gica<\/strong><span style=\"color: rgb(79, 79, 79); font-family: Arial, Helvetica, sans-serif; font-size: 13px; background-color: rgb(255, 255, 255);\">&nbsp;d<\/span><strong style=\"margin: 0px; padding: 0px; border: 0px; outline: 0px; font-size: 13px; vertical-align: baseline; background: rgb(255, 255, 255); color: rgb(79, 79, 79); font-family: Arial, Helvetica, sans-serif;\">e Comunica\u00e7\u00e3o&nbsp;<\/strong><strong style=\"margin: 0px; padding: 0px; border: 0px; outline: 0px; font-size: 13px; vertical-align: baseline; background: rgb(255, 255, 255); color: rgb(79, 79, 79); font-family: Arial, Helvetica, sans-serif;\">e Marketing Institucional &#8211; OVG<\/strong><font color=\"#000000\"><font face=\"Times New Roman, serif\"><font style=\"font-size: 14pt\"><br \/><\/font><\/font><\/font><\/p>\n<p lang=\"zxx\" align=\"justify\" style=\"margin-bottom: 0cm; font-variant-numeric: normal; font-variant-east-asian: normal;\"><\/p>\n","protected":false},"excerpt":{"rendered":"<p>&nbsp; &nbsp;A \u201cCampanha Aquecendo Vidas\u201d disponibilizou oito pontos de arrecada\u00e7\u00e3o de roupas de frio e j\u00e1 inicia com a entrega de 1.500 novos cobertores para os moradores da Comunidade Terra do Sul, assentamento que fica na regi\u00e3o do Aterro Sanit\u00e1rio de Aparecida de Goi\u00e2nia. &nbsp; O Governo de Goi\u00e1s, por meio da Organiza\u00e7\u00e3o das Volunt\u00e1rias [&hellip;]<\/p>\n","protected":false},"author":1,"featured_media":4229,"comment_status":"closed","ping_status":"open","sticky":false,"template":"","format":"standard","meta":{"footnotes":"","_links_to":"","_links_to_target":""},"categories":[10],"tags":[],"class_list":["post-1799","post","type-post","status-publish","format-standard","has-post-thumbnail","hentry","category-noticias"],"rttpg_featured_image_url":{"full":["https:\/\/goias.gov.br\/detran\/wp-content\/uploads\/sites\/8\/2023\/05\/1799.jpg",0,0,false],"landscape":["https:\/\/goias.gov.br\/detran\/wp-content\/uploads\/sites\/8\/2023\/05\/1799.jpg",0,0,false],"portraits":["https:\/\/goias.gov.br\/detran\/wp-content\/uploads\/sites\/8\/2023\/05\/1799.jpg",0,0,false],"thumbnail":["https:\/\/goias.gov.br\/detran\/wp-content\/uploads\/sites\/8\/2023\/05\/1799.jpg",1,1,false],"medium":["https:\/\/goias.gov.br\/detran\/wp-content\/uploads\/sites\/8\/2023\/05\/1799.jpg",1,1,false],"large":["https:\/\/goias.gov.br\/detran\/wp-content\/uploads\/sites\/8\/2023\/05\/1799.jpg",1,1,false],"1536x1536":["https:\/\/goias.gov.br\/detran\/wp-content\/uploads\/sites\/8\/2023\/05\/1799.jpg",1,1,false],"2048x2048":["https:\/\/goias.gov.br\/detran\/wp-content\/uploads\/sites\/8\/2023\/05\/1799.jpg",1,1,false]},"rttpg_author":{"display_name":"wagner.viana","author_link":"https:\/\/goias.gov.br\/detran\/author\/wagner-viana\/"},"rttpg_comment":0,"rttpg_category":"<a href=\"https:\/\/goias.gov.br\/detran\/categoria\/noticias\/\" rel=\"category tag\">Not\u00edcias<\/a>","rttpg_excerpt":"&nbsp; &nbsp;A \u201cCampanha Aquecendo Vidas\u201d disponibilizou oito pontos de arrecada\u00e7\u00e3o de roupas de frio e j\u00e1 inicia com a entrega de 1.500 novos cobertores para os moradores da Comunidade Terra do Sul, assentamento que fica na regi\u00e3o do Aterro Sanit\u00e1rio de Aparecida de Goi\u00e2nia. &nbsp; O Governo de Goi\u00e1s, por meio da Organiza\u00e7\u00e3o das Volunt\u00e1rias&hellip;","_links":{"self":[{"href":"https:\/\/goias.gov.br\/detran\/wp-json\/wp\/v2\/posts\/1799","targetHints":{"allow":["GET"]}}],"collection":[{"href":"https:\/\/goias.gov.br\/detran\/wp-json\/wp\/v2\/posts"}],"about":[{"href":"https:\/\/goias.gov.br\/detran\/wp-json\/wp\/v2\/types\/post"}],"author":[{"embeddable":true,"href":"https:\/\/goias.gov.br\/detran\/wp-json\/wp\/v2\/users\/1"}],"replies":[{"embeddable":true,"href":"https:\/\/goias.gov.br\/detran\/wp-json\/wp\/v2\/comments?post=1799"}],"version-history":[{"count":0,"href":"https:\/\/goias.gov.br\/detran\/wp-json\/wp\/v2\/posts\/1799\/revisions"}],"wp:featuredmedia":[{"embeddable":true,"href":"https:\/\/goias.gov.br\/detran\/wp-json\/wp\/v2\/media\/4229"}],"wp:attachment":[{"href":"https:\/\/goias.gov.br\/detran\/wp-json\/wp\/v2\/media?parent=1799"}],"wp:term":[{"taxonomy":"category","embeddable":true,"href":"https:\/\/goias.gov.br\/detran\/wp-json\/wp\/v2\/categories?post=1799"},{"taxonomy":"post_tag","embeddable":true,"href":"https:\/\/goias.gov.br\/detran\/wp-json\/wp\/v2\/tags?post=1799"}],"curies":[{"name":"wp","href":"https:\/\/api.w.org\/{rel}","templated":true}]}}