

{"id":1719,"date":"2020-01-17T12:01:00","date_gmt":"2020-01-17T12:01:00","guid":{"rendered":"https:\/\/wwwhomolog.detran.go.gov.br\/?p=1719"},"modified":"-0001-11-30T00:00:00","modified_gmt":"-0001-11-30T03:00:00","slug":"1719","status":"publish","type":"post","link":"https:\/\/goias.gov.br\/detran\/1719\/","title":{"rendered":"Governo lan\u00e7a parceria para ofertar servi\u00e7os estaduais em unidades dos Correios de cinco cidades goianas"},"content":{"rendered":"<p>\u00a0 O governador Ronaldo Caiado lan\u00e7a, no pr\u00f3ximo s\u00e1bado, 18, parceria com os Correios para ofertar servi\u00e7os p\u00fablicos para cinco munic\u00edpios goianos. Ao lado do presidente da estatal, General Floriano Peixoto, o governador d\u00e1 in\u00edcio \u00e0s atividades do projeto na cidade de Abadi\u00e2nia, \u00e0s 9h. Posteriormente, acompanhado do superintendente regional dos Correios em Goi\u00e1s, Eug\u00eanio Montenegro, segue para os demais munic\u00edpios contemplados: Nova Crix\u00e1s, Edeia e Niquel\u00e2ndia. O lan\u00e7amento em Goi\u00e2nia ser\u00e1 realizado em outra data. A iniciativa \u00e9 protagonizada pela Secretaria da Administra\u00e7\u00e3o (Sead) e pela Secretaria de Desenvolvimento e Inova\u00e7\u00e3o (Sedi).<\/p>\n<p>\u00a0 O conv\u00eanio permitir\u00e1 que os atendimentos disponibilizados pela administra\u00e7\u00e3o estadual sejam levados aos goianos por meio do programa Balc\u00e3o do Cidad\u00e3o. A proposta prev\u00ea a amplia\u00e7\u00e3o dos servi\u00e7os e a extens\u00e3o do atendimento integrado para os 246 munic\u00edpios goianos. O projeto piloto ter\u00e1 dura\u00e7\u00e3o de quatro meses e o prop\u00f3sito \u00e9 que outros \u00f3rg\u00e3os fa\u00e7am ades\u00e3o e inclus\u00e3o de todos os atendimentos que apresentem viabilidade. Os servi\u00e7os j\u00e1 est\u00e3o dispon\u00edveis nas unidades dos Correios desde o dia 16 de dezembro. <\/p>\n<p>\u00a0 Com o conv\u00eanio, o Estado inicia o processo de amplia\u00e7\u00e3o do servi\u00e7o de atendimento integrado ao cidad\u00e3o, sendo poss\u00edvel ampliar esta modalidade de 53 munic\u00edpios para todas as cidades de Goi\u00e1s. A proposta \u00e9 assegurar conforto e comodidade nas a\u00e7\u00f5es voltadas aos contribuintes, garantindo um atendimento \u00e1gil e de qualidade em qualquer regi\u00e3o do Estado.<\/p>\n<p><b>Servi\u00e7os Dispon\u00edveis<br \/>SERVI\u00c7OS DETRAN<\/b><br \/>\u2022 Emiss\u00e3o de Boleto Pagamento de D\u00e9bitos (IPVA e Licenciamento)<br \/>\u2022 Emiss\u00e3o de Boleto Pagamentos de Multas<br \/>\u2022 Emiss\u00e3o de Boleto Pagamento de D\u00edvida Ativa<\/p>\n<p><b>SERVI\u00c7OS ECONOMIA<\/b><br \/>\u2022 Emiss\u00e3o de Certid\u00e3o negativa de D\u00e9bitos<br \/>\u2022 Emiss\u00e3o de DARE para pagamento de autos de Infra\u00e7\u00e3o<br \/>\u2022 Emiss\u00e3o de DARE para pagamento de parcelamento.<\/p>\n<p><b>SERVI\u00c7O GOIASPREV<\/b><br \/>\u2022 Recadastramento anual do servidor inativo e pensionista do Estado<\/p>\n<p><b>Assinatura do Conv\u00eanio<\/b><br \/>\u00a0 O conv\u00eanio entre o Governo de Goi\u00e1s e os Correios foi assinado em dezembro, pelo governador Ronaldo Caiado e o presidente dos Correios General Floriano Peixoto. Diante da capilaridade dos Correios \u2013 presente em todos os munic\u00edpios goianos \u2013 o governador enalteceu a parceria, que ir\u00e1 ampliar o atendimento ao cidad\u00e3o colaborando para o combate \u00e0s desigualdades regionais. <\/p>\n<p>\u00a0 Para o General Floriano Peixoto, o conv\u00eanio refor\u00e7a umas das principais fun\u00e7\u00f5es da estatal, que \u00e9 ser um agente de integra\u00e7\u00e3o. O intuito da parceria, considerou, \u00e9 melhorar a vida das pessoas e levar os servi\u00e7os do Estado a todos os munic\u00edpios goianos.<\/p>\n<p><b>Servi\u00e7os<\/b><br \/>Lan\u00e7amento do Conv\u00eanio entre Governo de Goi\u00e1s e Correios<br \/>Abadi\u00e2nia &#8211; 9h<br \/>Ed\u00e9ia &#8211; 11h<br \/>Nova Crix\u00e1s &#8211; 13h30 <br \/>Niquel\u00e2ndia &#8211; 15h30<br \/>Local: Ag\u00eancias dos Correios nas cidades<\/p>\n","protected":false},"excerpt":{"rendered":"<p>\u00a0 O governador Ronaldo Caiado lan\u00e7a, no pr\u00f3ximo s\u00e1bado, 18, parceria com os Correios para ofertar servi\u00e7os p\u00fablicos para cinco munic\u00edpios goianos. Ao lado do presidente da estatal, General Floriano Peixoto, o governador d\u00e1 in\u00edcio \u00e0s atividades do projeto na cidade de Abadi\u00e2nia, \u00e0s 9h. Posteriormente, acompanhado do superintendente regional dos Correios em Goi\u00e1s, Eug\u00eanio [&hellip;]<\/p>\n","protected":false},"author":1,"featured_media":4149,"comment_status":"closed","ping_status":"open","sticky":false,"template":"","format":"standard","meta":{"footnotes":"","_links_to":"","_links_to_target":""},"categories":[10],"tags":[],"class_list":["post-1719","post","type-post","status-publish","format-standard","has-post-thumbnail","hentry","category-noticias"],"rttpg_featured_image_url":{"full":["https:\/\/goias.gov.br\/detran\/wp-content\/uploads\/sites\/8\/2023\/05\/1719.jpg",0,0,false],"landscape":["https:\/\/goias.gov.br\/detran\/wp-content\/uploads\/sites\/8\/2023\/05\/1719.jpg",0,0,false],"portraits":["https:\/\/goias.gov.br\/detran\/wp-content\/uploads\/sites\/8\/2023\/05\/1719.jpg",0,0,false],"thumbnail":["https:\/\/goias.gov.br\/detran\/wp-content\/uploads\/sites\/8\/2023\/05\/1719.jpg",1,1,false],"medium":["https:\/\/goias.gov.br\/detran\/wp-content\/uploads\/sites\/8\/2023\/05\/1719.jpg",1,1,false],"large":["https:\/\/goias.gov.br\/detran\/wp-content\/uploads\/sites\/8\/2023\/05\/1719.jpg",1,1,false],"1536x1536":["https:\/\/goias.gov.br\/detran\/wp-content\/uploads\/sites\/8\/2023\/05\/1719.jpg",1,1,false],"2048x2048":["https:\/\/goias.gov.br\/detran\/wp-content\/uploads\/sites\/8\/2023\/05\/1719.jpg",1,1,false]},"rttpg_author":{"display_name":"wagner.viana","author_link":"https:\/\/goias.gov.br\/detran\/author\/wagner-viana\/"},"rttpg_comment":0,"rttpg_category":"<a href=\"https:\/\/goias.gov.br\/detran\/categoria\/noticias\/\" rel=\"category tag\">Not\u00edcias<\/a>","rttpg_excerpt":"\u00a0 O governador Ronaldo Caiado lan\u00e7a, no pr\u00f3ximo s\u00e1bado, 18, parceria com os Correios para ofertar servi\u00e7os p\u00fablicos para cinco munic\u00edpios goianos. Ao lado do presidente da estatal, General Floriano Peixoto, o governador d\u00e1 in\u00edcio \u00e0s atividades do projeto na cidade de Abadi\u00e2nia, \u00e0s 9h. Posteriormente, acompanhado do superintendente regional dos Correios em Goi\u00e1s, Eug\u00eanio&hellip;","_links":{"self":[{"href":"https:\/\/goias.gov.br\/detran\/wp-json\/wp\/v2\/posts\/1719","targetHints":{"allow":["GET"]}}],"collection":[{"href":"https:\/\/goias.gov.br\/detran\/wp-json\/wp\/v2\/posts"}],"about":[{"href":"https:\/\/goias.gov.br\/detran\/wp-json\/wp\/v2\/types\/post"}],"author":[{"embeddable":true,"href":"https:\/\/goias.gov.br\/detran\/wp-json\/wp\/v2\/users\/1"}],"replies":[{"embeddable":true,"href":"https:\/\/goias.gov.br\/detran\/wp-json\/wp\/v2\/comments?post=1719"}],"version-history":[{"count":0,"href":"https:\/\/goias.gov.br\/detran\/wp-json\/wp\/v2\/posts\/1719\/revisions"}],"wp:featuredmedia":[{"embeddable":true,"href":"https:\/\/goias.gov.br\/detran\/wp-json\/wp\/v2\/media\/4149"}],"wp:attachment":[{"href":"https:\/\/goias.gov.br\/detran\/wp-json\/wp\/v2\/media?parent=1719"}],"wp:term":[{"taxonomy":"category","embeddable":true,"href":"https:\/\/goias.gov.br\/detran\/wp-json\/wp\/v2\/categories?post=1719"},{"taxonomy":"post_tag","embeddable":true,"href":"https:\/\/goias.gov.br\/detran\/wp-json\/wp\/v2\/tags?post=1719"}],"curies":[{"name":"wp","href":"https:\/\/api.w.org\/{rel}","templated":true}]}}