

{"id":1694,"date":"2019-11-03T11:11:00","date_gmt":"2019-11-03T11:11:00","guid":{"rendered":"https:\/\/wwwhomolog.detran.go.gov.br\/?p=1694"},"modified":"-0001-11-30T00:00:00","modified_gmt":"-0001-11-30T03:00:00","slug":"1694","status":"publish","type":"post","link":"https:\/\/goias.gov.br\/detran\/1694\/","title":{"rendered":"Licenciamento atrasado ter\u00e1 desconto"},"content":{"rendered":"<p><span style=\"color: rgb(85, 85, 85);background-color: rgb(255, 255, 255);float: none;\">As d\u00edvidas referentes \u00e0 taxa de licenciamento em atraso podem ser quitadas de forma facilitada durante a Semana de Concilia\u00e7\u00e3o, que ocorre at\u00e9 a pr\u00f3xima sexta-feira. A lei que permite a remiss\u00e3o da cobran\u00e7a da diferen\u00e7a pela n\u00e3o quita\u00e7\u00e3o do d\u00e9bito na data do Calend\u00e1rio Anual de Licenciamento foi sancionada pelo governador Ronaldo Caiado nesta segunda-feira (4\/11). A negocia\u00e7\u00e3o pode ser feita emitindo boleto pelo site www.detran.go.gov.br, pelo aplicativo<span>\u00a0<\/span><\/span><i style=\"color: rgb(85, 85, 85);background-color: rgb(255, 255, 255);\">Detran GO ON<\/i><span style=\"color: rgb(85, 85, 85);background-color: rgb(255, 255, 255);float: none;\"><span>\u00a0<\/span>ou presencialmente nas unidades de atendimento da autarquia.<\/span><br style=\"color: rgb(85, 85, 85);background-color: rgb(255, 255, 255);\"\/><br style=\"color: rgb(85, 85, 85);background-color: rgb(255, 255, 255);\"\/><span style=\"color: rgb(85, 85, 85);background-color: rgb(255, 255, 255);float: none;\">Na pr\u00e1tica, o licenciamento anual ser\u00e1 cobrado com o valor em vigor na \u00e9poca do vencimento. Hoje, a taxa em exerc\u00edcio \u00e9 de R$ 193,08 para pagamento dentro do calend\u00e1rio e R$ 244,08 se houver atraso. &#34;Com a medida, o contribuinte que teria que pagar R$ 244,08 de um licenciamento de 2018, por exemplo, pagar\u00e1 aproximadamente R$ 227, que era a taxa em vigor no ano passado&#34;, explica o presidente do Detran-GO, Marcos Roberto Silva.<\/span><br style=\"color: rgb(85, 85, 85);background-color: rgb(255, 255, 255);\"\/><br style=\"color: rgb(85, 85, 85);background-color: rgb(255, 255, 255);\"\/><span style=\"color: rgb(85, 85, 85);background-color: rgb(255, 255, 255);float: none;\">Para o presidente do Detran-GO, a Lei 20.615\/2019 traz uma oportunidade para que os propriet\u00e1rios regularizem a situa\u00e7\u00e3o dos ve\u00edculos. O objetivo \u00e9 facilitar a regulariza\u00e7\u00e3o da situa\u00e7\u00e3o dos inadimplentes, bem como propiciar um incremento na arrecada\u00e7\u00e3o estadual.\u00a0<\/span><br style=\"color: rgb(85, 85, 85);background-color: rgb(255, 255, 255);\"\/><br style=\"color: rgb(85, 85, 85);background-color: rgb(255, 255, 255);\"\/><span style=\"color: rgb(85, 85, 85);background-color: rgb(255, 255, 255);float: none;\">S\u00e3o contemplados licenciamentos com fato gerador ocorrido at\u00e9 2018. Tamb\u00e9m haver\u00e1 redu\u00e7\u00e3o transit\u00f3ria da al\u00edquota de honor\u00e1rio advocat\u00edcio de 10% para 1%, referente aos d\u00e9bitos inscritos na d\u00edvida ativa do Detran-GO.<\/span><br style=\"color: rgb(85, 85, 85);background-color: rgb(255, 255, 255);\"\/><br style=\"color: rgb(85, 85, 85);background-color: rgb(255, 255, 255);\"\/><span style=\"color: rgb(85, 85, 85);background-color: rgb(255, 255, 255);float: none;\">Podem ser negociados d\u00e9bitos inscritos ou n\u00e3o na d\u00edvida ativa. O licenciamento anual \u00e9 pr\u00e9-requisito para a circula\u00e7\u00e3o do ve\u00edculo. O condutor flagrado sem o Certificado de Registro e Licenciamento Veicular, conforme estabelece o C\u00f3digo de Tr\u00e2nsito Brasileiro (CTB), est\u00e1 pass\u00edvel de multa grav\u00edssima, recolhimento do ve\u00edculo e sete pontos na habilita\u00e7\u00e3o.<span>\u00a0<\/span><\/span><br style=\"color: rgb(85, 85, 85);background-color: rgb(255, 255, 255);\"\/><br style=\"color: rgb(85, 85, 85);background-color: rgb(255, 255, 255);\"\/><b style=\"color: rgb(85, 85, 85);background-color: rgb(255, 255, 255);\"><b>Concilia\u00e7\u00e3o Fiscal<\/b><\/b><br style=\"color: rgb(85, 85, 85);background-color: rgb(255, 255, 255);\"\/><span style=\"color: rgb(85, 85, 85);background-color: rgb(255, 255, 255);float: none;\">Durante a Semana de Concilia\u00e7\u00e3o tamb\u00e9m podem ser negociados d\u00e9bitos em atraso referentes ao IPVA (Imposto sobre a Propriedade de Ve\u00edculos Automotores) e ao ITCD (Imposto sobre a Transmiss\u00e3o Causa Mortis e Doa\u00e7\u00e3o de Quaisquer Bens ou Direitos) com fato gerador ocorrido at\u00e9 dezembro de 2018.<span>\u00a0<\/span><\/span><br style=\"color: rgb(85, 85, 85);background-color: rgb(255, 255, 255);\"\/><br style=\"color: rgb(85, 85, 85);background-color: rgb(255, 255, 255);\"\/><span style=\"color: rgb(85, 85, 85);background-color: rgb(255, 255, 255);float: none;\">O contribuinte em atraso ter\u00e1 desconto de at\u00e9 98% na multa para o pagamento \u00e0 vista dos dois impostos. \u00c9 ofertada ainda a possibilidade de parcelar a d\u00edvida em at\u00e9 48 meses. Nesse caso, o desconto oscila conforme o n\u00famero de parcelas, sendo de 77%, em 24 parcelas, e de 70%, em 48 parcelas. O valor m\u00ednimo de cada cota ser\u00e1 de R$ 100.<\/span><br style=\"color: rgb(85, 85, 85);background-color: rgb(255, 255, 255);\"\/><br style=\"color: rgb(85, 85, 85);background-color: rgb(255, 255, 255);\"\/><span style=\"color: rgb(85, 85, 85);background-color: rgb(255, 255, 255);float: none;\">Os interessados em renegociar as d\u00edvidas com o Executivo poder\u00e3o buscar atendimento presencial no Detran-GO, Shoppings Cidade Jardim e Passeio das \u00c1guas ou nas Delegacias Regionais de Fiscaliza\u00e7\u00e3o do interior, das 8h \u00e0s 18h. Quem preferir, por fazer a negocia\u00e7\u00e3o on-line, clicando no banner da Semana de Concilia\u00e7\u00e3o Fiscal na p\u00e1gina da Secretaria (www.economia.go.gov.br).<span>\u00a0<\/span><\/span><br style=\"color: rgb(85, 85, 85);background-color: rgb(255, 255, 255);\"\/><br style=\"color: rgb(85, 85, 85);background-color: rgb(255, 255, 255);\"\/><span style=\"color: rgb(85, 85, 85);background-color: rgb(255, 255, 255);float: none;\">Goi\u00e2nia, 4 de novembro de 2019<\/span><br style=\"color: rgb(85, 85, 85);background-color: rgb(255, 255, 255);\"\/><span style=\"color: rgb(85, 85, 85);background-color: rgb(255, 255, 255);float: none;\">Comunica\u00e7\u00e3o Setorial \u2013 Detran-GO<\/span><!--EndFragment--><\/p>\n<p><\/p>\n","protected":false},"excerpt":{"rendered":"<p>As d\u00edvidas referentes \u00e0 taxa de licenciamento em atraso podem ser quitadas de forma facilitada durante a Semana de Concilia\u00e7\u00e3o, que ocorre at\u00e9 a pr\u00f3xima sexta-feira. A lei que permite a remiss\u00e3o da cobran\u00e7a da diferen\u00e7a pela n\u00e3o quita\u00e7\u00e3o do d\u00e9bito na data do Calend\u00e1rio Anual de Licenciamento foi sancionada pelo governador Ronaldo Caiado nesta [&hellip;]<\/p>\n","protected":false},"author":1,"featured_media":4124,"comment_status":"closed","ping_status":"open","sticky":false,"template":"","format":"standard","meta":{"footnotes":"","_links_to":"","_links_to_target":""},"categories":[10],"tags":[],"class_list":["post-1694","post","type-post","status-publish","format-standard","has-post-thumbnail","hentry","category-noticias"],"rttpg_featured_image_url":{"full":["https:\/\/goias.gov.br\/detran\/wp-content\/uploads\/sites\/8\/2023\/05\/1694.jpg",0,0,false],"landscape":["https:\/\/goias.gov.br\/detran\/wp-content\/uploads\/sites\/8\/2023\/05\/1694.jpg",0,0,false],"portraits":["https:\/\/goias.gov.br\/detran\/wp-content\/uploads\/sites\/8\/2023\/05\/1694.jpg",0,0,false],"thumbnail":["https:\/\/goias.gov.br\/detran\/wp-content\/uploads\/sites\/8\/2023\/05\/1694.jpg",1,1,false],"medium":["https:\/\/goias.gov.br\/detran\/wp-content\/uploads\/sites\/8\/2023\/05\/1694.jpg",1,1,false],"large":["https:\/\/goias.gov.br\/detran\/wp-content\/uploads\/sites\/8\/2023\/05\/1694.jpg",1,1,false],"1536x1536":["https:\/\/goias.gov.br\/detran\/wp-content\/uploads\/sites\/8\/2023\/05\/1694.jpg",1,1,false],"2048x2048":["https:\/\/goias.gov.br\/detran\/wp-content\/uploads\/sites\/8\/2023\/05\/1694.jpg",1,1,false]},"rttpg_author":{"display_name":"wagner.viana","author_link":"https:\/\/goias.gov.br\/detran\/author\/wagner-viana\/"},"rttpg_comment":0,"rttpg_category":"<a href=\"https:\/\/goias.gov.br\/detran\/categoria\/noticias\/\" rel=\"category tag\">Not\u00edcias<\/a>","rttpg_excerpt":"As d\u00edvidas referentes \u00e0 taxa de licenciamento em atraso podem ser quitadas de forma facilitada durante a Semana de Concilia\u00e7\u00e3o, que ocorre at\u00e9 a pr\u00f3xima sexta-feira. A lei que permite a remiss\u00e3o da cobran\u00e7a da diferen\u00e7a pela n\u00e3o quita\u00e7\u00e3o do d\u00e9bito na data do Calend\u00e1rio Anual de Licenciamento foi sancionada pelo governador Ronaldo Caiado nesta&hellip;","_links":{"self":[{"href":"https:\/\/goias.gov.br\/detran\/wp-json\/wp\/v2\/posts\/1694","targetHints":{"allow":["GET"]}}],"collection":[{"href":"https:\/\/goias.gov.br\/detran\/wp-json\/wp\/v2\/posts"}],"about":[{"href":"https:\/\/goias.gov.br\/detran\/wp-json\/wp\/v2\/types\/post"}],"author":[{"embeddable":true,"href":"https:\/\/goias.gov.br\/detran\/wp-json\/wp\/v2\/users\/1"}],"replies":[{"embeddable":true,"href":"https:\/\/goias.gov.br\/detran\/wp-json\/wp\/v2\/comments?post=1694"}],"version-history":[{"count":0,"href":"https:\/\/goias.gov.br\/detran\/wp-json\/wp\/v2\/posts\/1694\/revisions"}],"wp:featuredmedia":[{"embeddable":true,"href":"https:\/\/goias.gov.br\/detran\/wp-json\/wp\/v2\/media\/4124"}],"wp:attachment":[{"href":"https:\/\/goias.gov.br\/detran\/wp-json\/wp\/v2\/media?parent=1694"}],"wp:term":[{"taxonomy":"category","embeddable":true,"href":"https:\/\/goias.gov.br\/detran\/wp-json\/wp\/v2\/categories?post=1694"},{"taxonomy":"post_tag","embeddable":true,"href":"https:\/\/goias.gov.br\/detran\/wp-json\/wp\/v2\/tags?post=1694"}],"curies":[{"name":"wp","href":"https:\/\/api.w.org\/{rel}","templated":true}]}}