

{"id":1688,"date":"2019-10-28T12:10:00","date_gmt":"2019-10-28T12:10:00","guid":{"rendered":"https:\/\/wwwhomolog.detran.go.gov.br\/?p=1688"},"modified":"2023-08-10T08:58:11","modified_gmt":"2023-08-10T11:58:11","slug":"1688","status":"publish","type":"post","link":"https:\/\/goias.gov.br\/detran\/1688\/","title":{"rendered":"Detran promove Semana Interna de Preven\u00e7\u00e3o de Acidentes do Trabalho"},"content":{"rendered":"<p>O Departamento Estadual de Tr\u00e2nsito de realiza, de 29 de outubro a 1\u00ba de novembro, a Semana Interna de Preven\u00e7\u00e3o de Acidentes do Trabalho (SIPAT). A programa\u00e7\u00e3o contar\u00e1 com atividades art\u00edsticas e culturais, palestras, servi\u00e7os e voluntariado. A abertura acontece nesta ter\u00e7a-feira (29\/10), \u00e0s 10h30, com apresenta\u00e7\u00e3o da Orquestra de Violeiros de Goi\u00e1s e das fiandeiras do grupo Flor de Algod\u00e3o, de Hidrol\u00e2ndia.<\/p>\n<p>De acordo com dados no Minist\u00e9rio P\u00fablico do Trabalho (MPT), entre 2012 e 2018, as atividades em que mais ocorreram acidentes de trabalho no pa\u00eds foram atendimento hospitalar (378.297); com\u00e9rcio varejista de mercadorias em geral (142.907); administra\u00e7\u00e3o p\u00fablica em geral (119.266); constru\u00e7\u00e3o de edif\u00edcios (104.645); e transporte rodovi\u00e1rio de carga (100.340), respectivamente.<\/p>\n<p>A autarquia est\u00e1 sem nenhuma ocorr\u00eancia de acidente de trabalho h\u00e1 mais de 125 dias. Para garantir a seguran\u00e7a dos servidores e prevenir ocorr\u00eancias, a SIPAT disponibilizar\u00e1, por meio de parcerias, servi\u00e7os na \u00e1rea da sa\u00fade. O p\u00fablico interno ter\u00e1 acesso \u00e0 aferi\u00e7\u00e3o de press\u00e3o arterial, teste de glicemia, exames de acuidade visual, c\u00e1lculo de \u00cdndice de Massa Corp\u00f3rea (IMC) e outros.<\/p>\n<p>Haver\u00e1 tamb\u00e9m palestra sobre seguran\u00e7a pessoal, que ser\u00e1 proferida pelo tenente-coronel Cl\u00e1udio Danilo Moura Braga, no dia 31. No encerramento (1\u00ba\/11), o bate-papo ser\u00e1 com o engenheiro de seguran\u00e7a do trabalho do Detran-GO, Milton Alves Ribeiro, que falar\u00e1 da import\u00e2ncia do uso de equipamentos de prote\u00e7\u00e3o individual e coletiva. A programa\u00e7\u00e3o foi organizada pela Comiss\u00e3o Interna de Preven\u00e7\u00e3o de Acidentes.<\/p>\n<p><b>Programa\u00e7\u00e3o da Abertura<br \/>\n29\/10\/2019<br \/>\n10h30 <\/b>\u2013 abertura com Interven\u00e7\u00e3o art\u00edstica do Grupo de Teatro do Instituto Gustav Ritter e apresenta\u00e7\u00f5es da Orquestra de Violeiros e do grupo de fiandeiras de Hidrol\u00e2ndia.<br \/>\n<b>9h \u00e0s 16h30<\/b> \u2013 Doa\u00e7\u00e3o de Sangue e Cadastro no Banco de Medula \u00d3ssea; e Circuito do Bem Estar.<\/p>\n","protected":false},"excerpt":{"rendered":"<p>O Departamento Estadual de Tr\u00e2nsito de realiza, de 29 de outubro a 1\u00ba de novembro, a Semana Interna de Preven\u00e7\u00e3o de Acidentes do Trabalho (SIPAT). A programa\u00e7\u00e3o contar\u00e1 com atividades art\u00edsticas e culturais, palestras, servi\u00e7os e voluntariado. A abertura acontece nesta ter\u00e7a-feira (29\/10), \u00e0s 10h30, com apresenta\u00e7\u00e3o da Orquestra de Violeiros de Goi\u00e1s e das [&hellip;]<\/p>\n","protected":false},"author":1,"featured_media":4118,"comment_status":"closed","ping_status":"open","sticky":false,"template":"","format":"standard","meta":{"footnotes":"","_links_to":"","_links_to_target":""},"categories":[10],"tags":[],"class_list":["post-1688","post","type-post","status-publish","format-standard","has-post-thumbnail","hentry","category-noticias"],"rttpg_featured_image_url":{"full":["https:\/\/goias.gov.br\/detran\/wp-content\/uploads\/sites\/8\/2023\/05\/1688.jpg",0,0,false],"landscape":["https:\/\/goias.gov.br\/detran\/wp-content\/uploads\/sites\/8\/2023\/05\/1688.jpg",0,0,false],"portraits":["https:\/\/goias.gov.br\/detran\/wp-content\/uploads\/sites\/8\/2023\/05\/1688.jpg",0,0,false],"thumbnail":["https:\/\/goias.gov.br\/detran\/wp-content\/uploads\/sites\/8\/2023\/05\/1688.jpg",1,1,false],"medium":["https:\/\/goias.gov.br\/detran\/wp-content\/uploads\/sites\/8\/2023\/05\/1688.jpg",1,1,false],"large":["https:\/\/goias.gov.br\/detran\/wp-content\/uploads\/sites\/8\/2023\/05\/1688.jpg",1,1,false],"1536x1536":["https:\/\/goias.gov.br\/detran\/wp-content\/uploads\/sites\/8\/2023\/05\/1688.jpg",1,1,false],"2048x2048":["https:\/\/goias.gov.br\/detran\/wp-content\/uploads\/sites\/8\/2023\/05\/1688.jpg",1,1,false]},"rttpg_author":{"display_name":"wagner.viana","author_link":"https:\/\/goias.gov.br\/detran\/author\/wagner-viana\/"},"rttpg_comment":0,"rttpg_category":"<a href=\"https:\/\/goias.gov.br\/detran\/categoria\/noticias\/\" rel=\"category tag\">Not\u00edcias<\/a>","rttpg_excerpt":"O Departamento Estadual de Tr\u00e2nsito de realiza, de 29 de outubro a 1\u00ba de novembro, a Semana Interna de Preven\u00e7\u00e3o de Acidentes do Trabalho (SIPAT). A programa\u00e7\u00e3o contar\u00e1 com atividades art\u00edsticas e culturais, palestras, servi\u00e7os e voluntariado. A abertura acontece nesta ter\u00e7a-feira (29\/10), \u00e0s 10h30, com apresenta\u00e7\u00e3o da Orquestra de Violeiros de Goi\u00e1s e das&hellip;","_links":{"self":[{"href":"https:\/\/goias.gov.br\/detran\/wp-json\/wp\/v2\/posts\/1688","targetHints":{"allow":["GET"]}}],"collection":[{"href":"https:\/\/goias.gov.br\/detran\/wp-json\/wp\/v2\/posts"}],"about":[{"href":"https:\/\/goias.gov.br\/detran\/wp-json\/wp\/v2\/types\/post"}],"author":[{"embeddable":true,"href":"https:\/\/goias.gov.br\/detran\/wp-json\/wp\/v2\/users\/1"}],"replies":[{"embeddable":true,"href":"https:\/\/goias.gov.br\/detran\/wp-json\/wp\/v2\/comments?post=1688"}],"version-history":[{"count":1,"href":"https:\/\/goias.gov.br\/detran\/wp-json\/wp\/v2\/posts\/1688\/revisions"}],"predecessor-version":[{"id":206307,"href":"https:\/\/goias.gov.br\/detran\/wp-json\/wp\/v2\/posts\/1688\/revisions\/206307"}],"wp:featuredmedia":[{"embeddable":true,"href":"https:\/\/goias.gov.br\/detran\/wp-json\/wp\/v2\/media\/4118"}],"wp:attachment":[{"href":"https:\/\/goias.gov.br\/detran\/wp-json\/wp\/v2\/media?parent=1688"}],"wp:term":[{"taxonomy":"category","embeddable":true,"href":"https:\/\/goias.gov.br\/detran\/wp-json\/wp\/v2\/categories?post=1688"},{"taxonomy":"post_tag","embeddable":true,"href":"https:\/\/goias.gov.br\/detran\/wp-json\/wp\/v2\/tags?post=1688"}],"curies":[{"name":"wp","href":"https:\/\/api.w.org\/{rel}","templated":true}]}}