

{"id":1616,"date":"2019-07-04T12:07:00","date_gmt":"2019-07-04T12:07:00","guid":{"rendered":"https:\/\/wwwhomolog.detran.go.gov.br\/?p=1616"},"modified":"-0001-11-30T00:00:00","modified_gmt":"-0001-11-30T03:00:00","slug":"1616","status":"publish","type":"post","link":"https:\/\/goias.gov.br\/detran\/1616\/","title":{"rendered":"CNH Social deve atender mais 8 mil"},"content":{"rendered":"<p>\u00a0 O governador Ronaldo Caiado enviar\u00e1 \u00e0 Assembleia Legislativa projeto de lei que prev\u00ea a implanta\u00e7\u00e3o do programa CNH Social no \u00e2mbito do Departamento Estadual de Tr\u00e2nsito de Goi\u00e1s.  A proposta \u00e9 formar, qualificar e habilitar cidad\u00e3os de baixa renda para que tenham acesso gratuito \u00e0 primeira Carteira Nacional de Habilita\u00e7\u00e3o. A isen\u00e7\u00e3o contemplar\u00e1 as taxas do Detran-GO, al\u00e9m de aulas te\u00f3ricas e pr\u00e1ticas. O an\u00fancio foi feito na tarde desta quinta-feira (4\/07), durante a apresenta\u00e7\u00e3o do balan\u00e7o dos seis primeiros meses de gest\u00e3o da nova diretoria da autarquia.<\/p>\n<p>\u00a0 De acordo com o governador, o projeto CNH Social vem ampliar as a\u00e7\u00f5es do governo para a popula\u00e7\u00e3o de baixa renda ao mesmo tempo oferece mais uma ferramenta de trabalho. \u201cEntendemos que n\u00e3o podemos ter um estado que vai bem, quando sua popula\u00e7\u00e3o est\u00e1 desempregada ou e condi\u00e7\u00f5es que n\u00e3o s\u00e3o ideais\u201d. O programa demandar\u00e1 investimentos de R$ 11,6 milh\u00f5es. <\/p>\n<p>\u00a0 Conforme adiantou o presidente do Detran-GO, Marcos Roberto Silva, o projeto ser\u00e1 dividido em tr\u00eas categorias: Estudantil, Rural e Urbana. A primeira visa atender estudantes de escola p\u00fablica com idade entre 18 e 21 anos. Para eles, ser\u00e3o destinadas 2.236 habilita\u00e7\u00f5es. As vagas ser\u00e3o distribu\u00eddas de acordo com a nota obtida no Exame Nacional do Ensino M\u00e9dio (Enem) no ano anterior, em escala decrescente. <\/p>\n<p>\u00a0 A CNH Social Rural ser\u00e1 destinada a pessoas com mais de 21 anos, que tenham, no m\u00ednimo, o ensino fundamental, exer\u00e7am atividade rural e tenham declara\u00e7\u00e3o de aptid\u00e3o do Programa de Fortalecimento da Agricultura Familiar (Pronaf \u2013 pessoa f\u00edsica). Est\u00e3o previstas inicialmente 2.946 CNHs para popula\u00e7\u00e3o da rural em todos os 246 munic\u00edpios goianos.<\/p>\n<p>\u00a0 Os inscritos no Cadastro \u00danico dos programas sociais governamentais tamb\u00e9m ser\u00e3o contemplados. A CNH Social Urbana prev\u00ea tr\u00eas mil vagas. Elas ser\u00e3o destinadas a quem preencher os crit\u00e9rios sociais, for maior de 21 anos e tiver o ensino fundamental. Os candidatos n\u00e3o podem ter sido condenados judicialmente na esfera c\u00edvel ou criminal e nem possuir renda familiar superior a dois sal\u00e1rios m\u00ednimos.  Ser\u00e3o oferecidas oportunidades para habilita\u00e7\u00e3o para motocicleta e autom\u00f3veis (A, B e AB).<\/p>\n<p>\u00a0 Para Marcos Roberto, a implanta\u00e7\u00e3o da CNH Social, inicialmente com mais de oito mil vagas, tamb\u00e9m \u00e9 uma forma de melhorar o tr\u00e2nsito no Estado. Ele pontual que \u00e9 grande o n\u00famero de pessoas que dirigem sem habilita\u00e7\u00e3o, sobretudo, motocicletas. \u201cQueremos qualificar essas pessoas para que tenham um comportamento mais seguro no tr\u00e2nsito. Sabemos que o anseio da maioria da popula\u00e7\u00e3o \u00e9 transitar corretamente, dentro da lei, mas muitas vezes a falta de recursos a impede. Agora, essa realidade vai mudar\u201d, avisa.<\/p>\n<p>\u00a0 A previs\u00e3o \u00e9 que a CNH social seja implantada a partir de 2020. A minuta do projeto vai para Casa Civil para an\u00e1lise e de l\u00e1, seguir\u00e1 para a Assembleia Legislativa, onde ser\u00e1 votado. Ap\u00f3s a aprova\u00e7\u00e3o volta ao Executivo para san\u00e7\u00e3o do governador Ronaldo Caiado. <\/p>\n<p>Goi\u00e2nia, 4 de julho de 2019.<br \/>Comunica\u00e7\u00e3o Setorial do Detran-GO.<\/p>\n","protected":false},"excerpt":{"rendered":"<p>\u00a0 O governador Ronaldo Caiado enviar\u00e1 \u00e0 Assembleia Legislativa projeto de lei que prev\u00ea a implanta\u00e7\u00e3o do programa CNH Social no \u00e2mbito do Departamento Estadual de Tr\u00e2nsito de Goi\u00e1s. A proposta \u00e9 formar, qualificar e habilitar cidad\u00e3os de baixa renda para que tenham acesso gratuito \u00e0 primeira Carteira Nacional de Habilita\u00e7\u00e3o. A isen\u00e7\u00e3o contemplar\u00e1 as [&hellip;]<\/p>\n","protected":false},"author":1,"featured_media":4046,"comment_status":"closed","ping_status":"open","sticky":false,"template":"","format":"standard","meta":{"footnotes":"","_links_to":"","_links_to_target":""},"categories":[10],"tags":[],"class_list":["post-1616","post","type-post","status-publish","format-standard","has-post-thumbnail","hentry","category-noticias"],"rttpg_featured_image_url":{"full":["https:\/\/goias.gov.br\/detran\/wp-content\/uploads\/sites\/8\/2023\/05\/1616.jpg",0,0,false],"landscape":["https:\/\/goias.gov.br\/detran\/wp-content\/uploads\/sites\/8\/2023\/05\/1616.jpg",0,0,false],"portraits":["https:\/\/goias.gov.br\/detran\/wp-content\/uploads\/sites\/8\/2023\/05\/1616.jpg",0,0,false],"thumbnail":["https:\/\/goias.gov.br\/detran\/wp-content\/uploads\/sites\/8\/2023\/05\/1616.jpg",1,1,false],"medium":["https:\/\/goias.gov.br\/detran\/wp-content\/uploads\/sites\/8\/2023\/05\/1616.jpg",1,1,false],"large":["https:\/\/goias.gov.br\/detran\/wp-content\/uploads\/sites\/8\/2023\/05\/1616.jpg",1,1,false],"1536x1536":["https:\/\/goias.gov.br\/detran\/wp-content\/uploads\/sites\/8\/2023\/05\/1616.jpg",1,1,false],"2048x2048":["https:\/\/goias.gov.br\/detran\/wp-content\/uploads\/sites\/8\/2023\/05\/1616.jpg",1,1,false]},"rttpg_author":{"display_name":"wagner.viana","author_link":"https:\/\/goias.gov.br\/detran\/author\/wagner-viana\/"},"rttpg_comment":0,"rttpg_category":"<a href=\"https:\/\/goias.gov.br\/detran\/categoria\/noticias\/\" rel=\"category tag\">Not\u00edcias<\/a>","rttpg_excerpt":"\u00a0 O governador Ronaldo Caiado enviar\u00e1 \u00e0 Assembleia Legislativa projeto de lei que prev\u00ea a implanta\u00e7\u00e3o do programa CNH Social no \u00e2mbito do Departamento Estadual de Tr\u00e2nsito de Goi\u00e1s. A proposta \u00e9 formar, qualificar e habilitar cidad\u00e3os de baixa renda para que tenham acesso gratuito \u00e0 primeira Carteira Nacional de Habilita\u00e7\u00e3o. A isen\u00e7\u00e3o contemplar\u00e1 as&hellip;","_links":{"self":[{"href":"https:\/\/goias.gov.br\/detran\/wp-json\/wp\/v2\/posts\/1616","targetHints":{"allow":["GET"]}}],"collection":[{"href":"https:\/\/goias.gov.br\/detran\/wp-json\/wp\/v2\/posts"}],"about":[{"href":"https:\/\/goias.gov.br\/detran\/wp-json\/wp\/v2\/types\/post"}],"author":[{"embeddable":true,"href":"https:\/\/goias.gov.br\/detran\/wp-json\/wp\/v2\/users\/1"}],"replies":[{"embeddable":true,"href":"https:\/\/goias.gov.br\/detran\/wp-json\/wp\/v2\/comments?post=1616"}],"version-history":[{"count":0,"href":"https:\/\/goias.gov.br\/detran\/wp-json\/wp\/v2\/posts\/1616\/revisions"}],"wp:featuredmedia":[{"embeddable":true,"href":"https:\/\/goias.gov.br\/detran\/wp-json\/wp\/v2\/media\/4046"}],"wp:attachment":[{"href":"https:\/\/goias.gov.br\/detran\/wp-json\/wp\/v2\/media?parent=1616"}],"wp:term":[{"taxonomy":"category","embeddable":true,"href":"https:\/\/goias.gov.br\/detran\/wp-json\/wp\/v2\/categories?post=1616"},{"taxonomy":"post_tag","embeddable":true,"href":"https:\/\/goias.gov.br\/detran\/wp-json\/wp\/v2\/tags?post=1616"}],"curies":[{"name":"wp","href":"https:\/\/api.w.org\/{rel}","templated":true}]}}