

{"id":1559,"date":"2019-03-28T12:03:00","date_gmt":"2019-03-28T12:03:00","guid":{"rendered":"https:\/\/wwwhomolog.detran.go.gov.br\/?p=1559"},"modified":"-0001-11-30T00:00:00","modified_gmt":"-0001-11-30T03:00:00","slug":"1559","status":"publish","type":"post","link":"https:\/\/goias.gov.br\/detran\/1559\/","title":{"rendered":"Detran entrega sinaliza\u00e7\u00e3o em Mineiros nesta sexta-feira"},"content":{"rendered":"<p>\u00a0 \u00a0 \u00a0 \u00a0 O Departamento Estadual de Tr\u00e2nsito de Goi\u00e1s (Detran-GO) entrega a sinaliza\u00e7\u00e3o horizontal na cidade de Mineiros nesta sexta-feira, \u00e0s 9 horas. Por meio do programa Goi\u00e1s Sinalizado foram atendidos os bairros Mutir\u00e3o 1 e 2, Nova Rep\u00fablica, a Pra\u00e7a do Skate, Setor Aerovi\u00e1rio e as avenidas Severiano, S\u00e3o Jo\u00e3o, Pampas, 19 e Erechim. O trabalho foi realizado em parceria com a Prefeitura Municipal de Mineiros.<\/p>\n<p>\u00a0 \u00a0 \u00a0 \u00a0 Na cidade, foi realizada a sinaliza\u00e7\u00e3o gr\u00e1fica horizontal, que \u00e9 implantada sobre o pavimento para o controle, advert\u00eancia e orienta\u00e7\u00e3o ou informa\u00e7\u00e3o, como faixa de pedestres, faixas cont\u00ednuas ou intermitentes. Segundo o diretor T\u00e9cnico e de Atendimento do Detran-GO, Isac Silva de Souza, o objetivo da sinaliza\u00e7\u00e3o \u00e9 organizar o fluxo de circula\u00e7\u00e3o, reduzir os conflitos, e, especialmente, promover a seguran\u00e7a vi\u00e1ria, contribuindo para a redu\u00e7\u00e3o de acidentes no munic\u00edpio.<\/p>\n<p>\u00a0 \u00a0 \u00a0 \u00a0 Al\u00e9m do Goi\u00e1s Sinalizado, cinco escolas de Mineiros est\u00e3o recebendo, nesta semana, o Detranzinho, que busca formar multiplicadores de conhecimento e incentivar a ado\u00e7\u00e3o de comportamentos seguros no tr\u00e2nsito. O programa conta com um micro-\u00f4nibus adaptado com a maquete de uma minicidade, onde, ap\u00f3s uma palestre sobre educa\u00e7\u00e3o para o tr\u00e2nsito, os alunos s\u00e3o estimulados a pensar solu\u00e7\u00f5es sustent\u00e1veis de mobilidade.<\/p>\n<p><b><u>Servi\u00e7o<\/u><\/b><\/p>\n<p>Entrega da sinaliza\u00e7\u00e3o horizontal em Mineiros<\/p>\n<p><b><u>Data:<\/u><\/b> 29\/03 \u2013 Sexta-feira<\/p>\n<p><b><u>Hor\u00e1rio<\/u><\/b>: 9h<\/p>\n<p><u><b>Local:<\/b><\/u> Rua Cabeceira Alta, Setor Leontino, em frente \u00e0 Escola M. Maria Aparecida Paniago.<\/p>\n<p>Goi\u00e2nia, 28 de mar\u00e7o de 2019.<br \/>Ger\u00eancia de Comunica\u00e7\u00e3o do Detran-GO.<\/p>\n","protected":false},"excerpt":{"rendered":"<p>\u00a0 \u00a0 \u00a0 \u00a0 O Departamento Estadual de Tr\u00e2nsito de Goi\u00e1s (Detran-GO) entrega a sinaliza\u00e7\u00e3o horizontal na cidade de Mineiros nesta sexta-feira, \u00e0s 9 horas. Por meio do programa Goi\u00e1s Sinalizado foram atendidos os bairros Mutir\u00e3o 1 e 2, Nova Rep\u00fablica, a Pra\u00e7a do Skate, Setor Aerovi\u00e1rio e as avenidas Severiano, S\u00e3o Jo\u00e3o, Pampas, 19 [&hellip;]<\/p>\n","protected":false},"author":1,"featured_media":3989,"comment_status":"closed","ping_status":"open","sticky":false,"template":"","format":"standard","meta":{"footnotes":"","_links_to":"","_links_to_target":""},"categories":[10],"tags":[],"class_list":["post-1559","post","type-post","status-publish","format-standard","has-post-thumbnail","hentry","category-noticias"],"rttpg_featured_image_url":{"full":["https:\/\/goias.gov.br\/detran\/wp-content\/uploads\/sites\/8\/2023\/05\/1559.jpg",0,0,false],"landscape":["https:\/\/goias.gov.br\/detran\/wp-content\/uploads\/sites\/8\/2023\/05\/1559.jpg",0,0,false],"portraits":["https:\/\/goias.gov.br\/detran\/wp-content\/uploads\/sites\/8\/2023\/05\/1559.jpg",0,0,false],"thumbnail":["https:\/\/goias.gov.br\/detran\/wp-content\/uploads\/sites\/8\/2023\/05\/1559.jpg",1,1,false],"medium":["https:\/\/goias.gov.br\/detran\/wp-content\/uploads\/sites\/8\/2023\/05\/1559.jpg",1,1,false],"large":["https:\/\/goias.gov.br\/detran\/wp-content\/uploads\/sites\/8\/2023\/05\/1559.jpg",1,1,false],"1536x1536":["https:\/\/goias.gov.br\/detran\/wp-content\/uploads\/sites\/8\/2023\/05\/1559.jpg",1,1,false],"2048x2048":["https:\/\/goias.gov.br\/detran\/wp-content\/uploads\/sites\/8\/2023\/05\/1559.jpg",1,1,false]},"rttpg_author":{"display_name":"wagner.viana","author_link":"https:\/\/goias.gov.br\/detran\/author\/wagner-viana\/"},"rttpg_comment":0,"rttpg_category":"<a href=\"https:\/\/goias.gov.br\/detran\/categoria\/noticias\/\" rel=\"category tag\">Not\u00edcias<\/a>","rttpg_excerpt":"\u00a0 \u00a0 \u00a0 \u00a0 O Departamento Estadual de Tr\u00e2nsito de Goi\u00e1s (Detran-GO) entrega a sinaliza\u00e7\u00e3o horizontal na cidade de Mineiros nesta sexta-feira, \u00e0s 9 horas. Por meio do programa Goi\u00e1s Sinalizado foram atendidos os bairros Mutir\u00e3o 1 e 2, Nova Rep\u00fablica, a Pra\u00e7a do Skate, Setor Aerovi\u00e1rio e as avenidas Severiano, S\u00e3o Jo\u00e3o, Pampas, 19&hellip;","_links":{"self":[{"href":"https:\/\/goias.gov.br\/detran\/wp-json\/wp\/v2\/posts\/1559","targetHints":{"allow":["GET"]}}],"collection":[{"href":"https:\/\/goias.gov.br\/detran\/wp-json\/wp\/v2\/posts"}],"about":[{"href":"https:\/\/goias.gov.br\/detran\/wp-json\/wp\/v2\/types\/post"}],"author":[{"embeddable":true,"href":"https:\/\/goias.gov.br\/detran\/wp-json\/wp\/v2\/users\/1"}],"replies":[{"embeddable":true,"href":"https:\/\/goias.gov.br\/detran\/wp-json\/wp\/v2\/comments?post=1559"}],"version-history":[{"count":0,"href":"https:\/\/goias.gov.br\/detran\/wp-json\/wp\/v2\/posts\/1559\/revisions"}],"wp:featuredmedia":[{"embeddable":true,"href":"https:\/\/goias.gov.br\/detran\/wp-json\/wp\/v2\/media\/3989"}],"wp:attachment":[{"href":"https:\/\/goias.gov.br\/detran\/wp-json\/wp\/v2\/media?parent=1559"}],"wp:term":[{"taxonomy":"category","embeddable":true,"href":"https:\/\/goias.gov.br\/detran\/wp-json\/wp\/v2\/categories?post=1559"},{"taxonomy":"post_tag","embeddable":true,"href":"https:\/\/goias.gov.br\/detran\/wp-json\/wp\/v2\/tags?post=1559"}],"curies":[{"name":"wp","href":"https:\/\/api.w.org\/{rel}","templated":true}]}}