

{"id":1528,"date":"2019-02-18T12:02:00","date_gmt":"2019-02-18T12:02:00","guid":{"rendered":"https:\/\/wwwhomolog.detran.go.gov.br\/?p=1528"},"modified":"-0001-11-30T00:00:00","modified_gmt":"-0001-11-30T03:00:00","slug":"1528","status":"publish","type":"post","link":"https:\/\/goias.gov.br\/detran\/1528\/","title":{"rendered":"Detran ministra palestra gratuita"},"content":{"rendered":"<p>\u00a0 \u00a0 \u00a0 \u00a0 O Departamento Estadual de Tr\u00e2nsito de Goi\u00e1s (Detran-GO), por meio da Ger\u00eancia de Educa\u00e7\u00e3o para o tr\u00e2nsito leva palestras gratuitas a empresas, com o mote Acidente de Trajeto e Dire\u00e7\u00e3o Defensiva. As palestras s\u00e3o ministradas pela equipe de educadores do Detran, e tem dura\u00e7\u00e3o de duas horas.<\/p>\n<p>\u00a0 \u00a0 \u00a0 \u00a0 De acordo com o gerente de Educa\u00e7\u00e3o para o tr\u00e2nsito, Gustavo Peixoto Mota, durante as ministra\u00e7\u00f5es s\u00e3o abordados temas sobre dire\u00e7\u00e3o defensiva, legisla\u00e7\u00e3o e seguran\u00e7a no tr\u00e2nsito, primeiros socorros, meio ambiente e rela\u00e7\u00f5es interpessoais.<\/p>\n<p>\u00a0 \u00a0 \u00a0 \u00a0 A palestra tem como objetivo levar conhecimento sobre t\u00e9cnicas e conceitos da dire\u00e7\u00e3o defensiva, a fim de minimizar e evitar acidentes de trajeto. De acordo com o gerente, a palestra provoca no condutor uma reflex\u00e3o sobre o relacionamento interpessoal no ambiente de tr\u00e2nsito.<\/p>\n<p>\u00a0 \u00a0 \u00a0 \u00a0 A Ger\u00eancia de Forma\u00e7\u00e3o de Condutores de Ve\u00edculos e Educa\u00e7\u00e3o de Tr\u00e2nsito leva palestras a empresas mediante solicita\u00e7\u00e3o ao setor, que pode ser feita pelo e-mail; gfc_detrango@hotmail.com  ou por telefone 32728422.<\/p>\n","protected":false},"excerpt":{"rendered":"<p>\u00a0 \u00a0 \u00a0 \u00a0 O Departamento Estadual de Tr\u00e2nsito de Goi\u00e1s (Detran-GO), por meio da Ger\u00eancia de Educa\u00e7\u00e3o para o tr\u00e2nsito leva palestras gratuitas a empresas, com o mote Acidente de Trajeto e Dire\u00e7\u00e3o Defensiva. As palestras s\u00e3o ministradas pela equipe de educadores do Detran, e tem dura\u00e7\u00e3o de duas horas. \u00a0 \u00a0 \u00a0 \u00a0 [&hellip;]<\/p>\n","protected":false},"author":1,"featured_media":3958,"comment_status":"closed","ping_status":"open","sticky":false,"template":"","format":"standard","meta":{"footnotes":"","_links_to":"","_links_to_target":""},"categories":[10],"tags":[],"class_list":["post-1528","post","type-post","status-publish","format-standard","has-post-thumbnail","hentry","category-noticias"],"rttpg_featured_image_url":{"full":["https:\/\/goias.gov.br\/detran\/wp-content\/uploads\/sites\/8\/2023\/05\/1528.jpg",0,0,false],"landscape":["https:\/\/goias.gov.br\/detran\/wp-content\/uploads\/sites\/8\/2023\/05\/1528.jpg",0,0,false],"portraits":["https:\/\/goias.gov.br\/detran\/wp-content\/uploads\/sites\/8\/2023\/05\/1528.jpg",0,0,false],"thumbnail":["https:\/\/goias.gov.br\/detran\/wp-content\/uploads\/sites\/8\/2023\/05\/1528.jpg",1,1,false],"medium":["https:\/\/goias.gov.br\/detran\/wp-content\/uploads\/sites\/8\/2023\/05\/1528.jpg",1,1,false],"large":["https:\/\/goias.gov.br\/detran\/wp-content\/uploads\/sites\/8\/2023\/05\/1528.jpg",1,1,false],"1536x1536":["https:\/\/goias.gov.br\/detran\/wp-content\/uploads\/sites\/8\/2023\/05\/1528.jpg",1,1,false],"2048x2048":["https:\/\/goias.gov.br\/detran\/wp-content\/uploads\/sites\/8\/2023\/05\/1528.jpg",1,1,false]},"rttpg_author":{"display_name":"wagner.viana","author_link":"https:\/\/goias.gov.br\/detran\/author\/wagner-viana\/"},"rttpg_comment":0,"rttpg_category":"<a href=\"https:\/\/goias.gov.br\/detran\/categoria\/noticias\/\" rel=\"category tag\">Not\u00edcias<\/a>","rttpg_excerpt":"\u00a0 \u00a0 \u00a0 \u00a0 O Departamento Estadual de Tr\u00e2nsito de Goi\u00e1s (Detran-GO), por meio da Ger\u00eancia de Educa\u00e7\u00e3o para o tr\u00e2nsito leva palestras gratuitas a empresas, com o mote Acidente de Trajeto e Dire\u00e7\u00e3o Defensiva. As palestras s\u00e3o ministradas pela equipe de educadores do Detran, e tem dura\u00e7\u00e3o de duas horas. \u00a0 \u00a0 \u00a0 \u00a0&hellip;","_links":{"self":[{"href":"https:\/\/goias.gov.br\/detran\/wp-json\/wp\/v2\/posts\/1528","targetHints":{"allow":["GET"]}}],"collection":[{"href":"https:\/\/goias.gov.br\/detran\/wp-json\/wp\/v2\/posts"}],"about":[{"href":"https:\/\/goias.gov.br\/detran\/wp-json\/wp\/v2\/types\/post"}],"author":[{"embeddable":true,"href":"https:\/\/goias.gov.br\/detran\/wp-json\/wp\/v2\/users\/1"}],"replies":[{"embeddable":true,"href":"https:\/\/goias.gov.br\/detran\/wp-json\/wp\/v2\/comments?post=1528"}],"version-history":[{"count":0,"href":"https:\/\/goias.gov.br\/detran\/wp-json\/wp\/v2\/posts\/1528\/revisions"}],"wp:featuredmedia":[{"embeddable":true,"href":"https:\/\/goias.gov.br\/detran\/wp-json\/wp\/v2\/media\/3958"}],"wp:attachment":[{"href":"https:\/\/goias.gov.br\/detran\/wp-json\/wp\/v2\/media?parent=1528"}],"wp:term":[{"taxonomy":"category","embeddable":true,"href":"https:\/\/goias.gov.br\/detran\/wp-json\/wp\/v2\/categories?post=1528"},{"taxonomy":"post_tag","embeddable":true,"href":"https:\/\/goias.gov.br\/detran\/wp-json\/wp\/v2\/tags?post=1528"}],"curies":[{"name":"wp","href":"https:\/\/api.w.org\/{rel}","templated":true}]}}