

{"id":1490,"date":"2018-12-07T12:12:00","date_gmt":"2018-12-07T12:12:00","guid":{"rendered":"https:\/\/wwwhomolog.detran.go.gov.br\/?p=1490"},"modified":"-0001-11-30T00:00:00","modified_gmt":"-0001-11-30T03:00:00","slug":"1490","status":"publish","type":"post","link":"https:\/\/goias.gov.br\/detran\/1490\/","title":{"rendered":"Inhumas recebe Detran em A\u00e7\u00e3o"},"content":{"rendered":"<div style=\"color: rgb(34, 34, 34);background-color: rgb(255, 255, 255);\">\u00a0 \u00a0 \u00a0 \u00a0 O munic\u00edpio de Inhumas recebe na pr\u00f3xima semana o programa Detran em A\u00e7\u00e3o, de 10 a 15 de dezembro. A cidade localizada a 47 quil\u00f4metros de Goi\u00e2nia, receber\u00e1 o programa em parceria com a Prefeitura Municipal, e apoio da Pol\u00edcia Militar, Corpo de Bombeiros, Col\u00e9gio Militar, Policia Civil, SAMU, Centro de Forma\u00e7\u00e3o de Condutores (CFC\u2019s) e Secretarias Municipais, que estar\u00e3o juntos com o Detran para levar servi\u00e7os e informa\u00e7\u00f5es de conscientiza\u00e7\u00e3o de tr\u00e2nsito para a popula\u00e7\u00e3o inhumense.<\/div>\n<div style=\"color: rgb(34, 34, 34);background-color: rgb(255, 255, 255);\"><\/div>\n<div style=\"color: rgb(34, 34, 34);background-color: rgb(255, 255, 255);\">\u00a0 \u00a0 \u00a0 \u00a0 A estrutura do evento ser\u00e1 no Gin\u00e1sio Firmo Luiz. No espa\u00e7o ser\u00e1 montado um ponto de atendimento no formato Vapt Vupt, onde ser\u00e3o oferecidos servi\u00e7os de solicita\u00e7\u00e3o de cart\u00e3o especial de estacionamento (idoso e pessoa com defici\u00eancia), confec\u00e7\u00e3o de RG, consulta de pontua\u00e7\u00e3o da Carteira Nacional de Habilita\u00e7\u00e3o (CNH) e emiss\u00e3o de boletos. Fazem parte da programa\u00e7\u00e3o ainda, Programa Detranzinho, palestras educativas e Balada Respons\u00e1vel educativa, simulador de dire\u00e7\u00e3o e demonstra\u00e7\u00e3o de primeiros-socorros.<\/div>\n<div style=\"color: rgb(34, 34, 34);background-color: rgb(255, 255, 255);\"><\/div>\n<div style=\"color: rgb(34, 34, 34);background-color: rgb(255, 255, 255);\">\u00a0 \u00a0 \u00a0 \u00a0 Durante o Detran em A\u00e7\u00e3o, tamb\u00e9m acontecer\u00e1 a simula\u00e7\u00e3o de um resgate de acidente de tr\u00e2nsito, em parceria com o Corpo de Bombeiros e Samu. A atividade busca chamar a aten\u00e7\u00e3o da popula\u00e7\u00e3o para os altos \u00edndices de mortos e feridos no tr\u00e2nsito e conscientizar para a import\u00e2ncia do respeito \u00e0 vida. Visando atrair um p\u00fablico ainda maior, a prefeitura ofertar\u00e1 servi\u00e7os em estandes das Secretarias Municipais de Assist\u00eancia, Meio Ambiente e Sa\u00fade.<\/div>\n<div style=\"color: rgb(34, 34, 34);background-color: rgb(255, 255, 255);\"><\/div>\n<div style=\"color: rgb(34, 34, 34);background-color: rgb(255, 255, 255);\">\u00a0 \u00a0 \u00a0 \u00a0 Essa edi\u00e7\u00e3o do programa Detran em A\u00e7\u00e3o conta com o lan\u00e7amento do I Pr\u00eamio Detran em A\u00e7\u00e3o. A premia\u00e7\u00e3o em parceria com a Secretaria Municipal de Educa\u00e7\u00e3o, consiste na escolha das duas melhores reda\u00e7\u00f5es, de alunos do 6\u00b0 ao 9\u00b0 ano do ensino fundamental, EJA e redes municipal e estadual. O regulamento com as regras do concurso e os prazos de inscri\u00e7\u00e3o podem ser acessados no site do Detran.\u00a0<\/div>\n<div style=\"color: rgb(34, 34, 34);background-color: rgb(255, 255, 255);\"><\/div>\n<div style=\"color: rgb(34, 34, 34);background-color: rgb(255, 255, 255);\"><b><u>Servi\u00e7o<\/u><\/b><\/div>\n<div style=\"color: rgb(34, 34, 34);background-color: rgb(255, 255, 255);\">Local: Gin\u00e1sio Firmo Luiz (Avenida Wilson Quirino de Andrade, Inhumas).\u00a0<\/div>\n<div style=\"color: rgb(34, 34, 34);background-color: rgb(255, 255, 255);\">Data: De 10 a 15 de dezembro<\/div>\n<p><!--EndFragment--><\/p>\n<p><\/p>\n<p><\/p>\n","protected":false},"excerpt":{"rendered":"<p>\u00a0 \u00a0 \u00a0 \u00a0 O munic\u00edpio de Inhumas recebe na pr\u00f3xima semana o programa Detran em A\u00e7\u00e3o, de 10 a 15 de dezembro. A cidade localizada a 47 quil\u00f4metros de Goi\u00e2nia, receber\u00e1 o programa em parceria com a Prefeitura Municipal, e apoio da Pol\u00edcia Militar, Corpo de Bombeiros, Col\u00e9gio Militar, Policia Civil, SAMU, Centro de [&hellip;]<\/p>\n","protected":false},"author":1,"featured_media":3920,"comment_status":"closed","ping_status":"open","sticky":false,"template":"","format":"standard","meta":{"footnotes":"","_links_to":"","_links_to_target":""},"categories":[10],"tags":[],"class_list":["post-1490","post","type-post","status-publish","format-standard","has-post-thumbnail","hentry","category-noticias"],"rttpg_featured_image_url":{"full":["https:\/\/goias.gov.br\/detran\/wp-content\/uploads\/sites\/8\/2023\/05\/1490.jpg",0,0,false],"landscape":["https:\/\/goias.gov.br\/detran\/wp-content\/uploads\/sites\/8\/2023\/05\/1490.jpg",0,0,false],"portraits":["https:\/\/goias.gov.br\/detran\/wp-content\/uploads\/sites\/8\/2023\/05\/1490.jpg",0,0,false],"thumbnail":["https:\/\/goias.gov.br\/detran\/wp-content\/uploads\/sites\/8\/2023\/05\/1490.jpg",1,1,false],"medium":["https:\/\/goias.gov.br\/detran\/wp-content\/uploads\/sites\/8\/2023\/05\/1490.jpg",1,1,false],"large":["https:\/\/goias.gov.br\/detran\/wp-content\/uploads\/sites\/8\/2023\/05\/1490.jpg",1,1,false],"1536x1536":["https:\/\/goias.gov.br\/detran\/wp-content\/uploads\/sites\/8\/2023\/05\/1490.jpg",1,1,false],"2048x2048":["https:\/\/goias.gov.br\/detran\/wp-content\/uploads\/sites\/8\/2023\/05\/1490.jpg",1,1,false]},"rttpg_author":{"display_name":"wagner.viana","author_link":"https:\/\/goias.gov.br\/detran\/author\/wagner-viana\/"},"rttpg_comment":0,"rttpg_category":"<a href=\"https:\/\/goias.gov.br\/detran\/categoria\/noticias\/\" rel=\"category tag\">Not\u00edcias<\/a>","rttpg_excerpt":"\u00a0 \u00a0 \u00a0 \u00a0 O munic\u00edpio de Inhumas recebe na pr\u00f3xima semana o programa Detran em A\u00e7\u00e3o, de 10 a 15 de dezembro. A cidade localizada a 47 quil\u00f4metros de Goi\u00e2nia, receber\u00e1 o programa em parceria com a Prefeitura Municipal, e apoio da Pol\u00edcia Militar, Corpo de Bombeiros, Col\u00e9gio Militar, Policia Civil, SAMU, Centro de&hellip;","_links":{"self":[{"href":"https:\/\/goias.gov.br\/detran\/wp-json\/wp\/v2\/posts\/1490","targetHints":{"allow":["GET"]}}],"collection":[{"href":"https:\/\/goias.gov.br\/detran\/wp-json\/wp\/v2\/posts"}],"about":[{"href":"https:\/\/goias.gov.br\/detran\/wp-json\/wp\/v2\/types\/post"}],"author":[{"embeddable":true,"href":"https:\/\/goias.gov.br\/detran\/wp-json\/wp\/v2\/users\/1"}],"replies":[{"embeddable":true,"href":"https:\/\/goias.gov.br\/detran\/wp-json\/wp\/v2\/comments?post=1490"}],"version-history":[{"count":0,"href":"https:\/\/goias.gov.br\/detran\/wp-json\/wp\/v2\/posts\/1490\/revisions"}],"wp:featuredmedia":[{"embeddable":true,"href":"https:\/\/goias.gov.br\/detran\/wp-json\/wp\/v2\/media\/3920"}],"wp:attachment":[{"href":"https:\/\/goias.gov.br\/detran\/wp-json\/wp\/v2\/media?parent=1490"}],"wp:term":[{"taxonomy":"category","embeddable":true,"href":"https:\/\/goias.gov.br\/detran\/wp-json\/wp\/v2\/categories?post=1490"},{"taxonomy":"post_tag","embeddable":true,"href":"https:\/\/goias.gov.br\/detran\/wp-json\/wp\/v2\/tags?post=1490"}],"curies":[{"name":"wp","href":"https:\/\/api.w.org\/{rel}","templated":true}]}}