

{"id":1402,"date":"2018-05-29T12:05:00","date_gmt":"2018-05-29T12:05:00","guid":{"rendered":"https:\/\/wwwhomolog.detran.go.gov.br\/?p=1402"},"modified":"-0001-11-30T00:00:00","modified_gmt":"-0001-11-30T03:00:00","slug":"1402","status":"publish","type":"post","link":"https:\/\/goias.gov.br\/detran\/1402\/","title":{"rendered":"Em decorr\u00eancia do feriado Padr\u00e3o Vapt-Vupt n\u00e3o funciona nesta quinta-feira (31)"},"content":{"rendered":"<p class=\"Standard\" style=\"text-align: justify;\">\u00a0 No feriado nacional de Corpus Christi, o Padr\u00e3o Vapt-Vupt n\u00e3o realiza atendimento nesta quinta-feira (31). Sexta-feira e s\u00e1bado funciona em hor\u00e1rio especial, das 7 \u00e0s 12h.   A unidade retoma o atendimento na segunda-feira (4\/06) a partir das 07 horas. O Padr\u00e3o Vapt-Vupt funciona das 07h \u00e0s 19h de segunda a sexta-feira e das 08h \u00e0s 12h aos s\u00e1bados. Nela, os usu\u00e1rios conseguem efetuar mais de 60 servi\u00e7os como transfer\u00eancia de propriedade de ve\u00edculo, recurso de multa, transfer\u00eancia de pontua\u00e7\u00e3o, pagamento de licenciamento, emiss\u00e3o de 2\u00aa via de CRV e CRLV, revalida\u00e7\u00e3o de CNH, parcelamento de IPVA entre outros. <\/p>\n","protected":false},"excerpt":{"rendered":"<p>\u00a0 No feriado nacional de Corpus Christi, o Padr\u00e3o Vapt-Vupt n\u00e3o realiza atendimento nesta quinta-feira (31). Sexta-feira e s\u00e1bado funciona em hor\u00e1rio especial, das 7 \u00e0s 12h. A unidade retoma o atendimento na segunda-feira (4\/06) a partir das 07 horas. O Padr\u00e3o Vapt-Vupt funciona das 07h \u00e0s 19h de segunda a sexta-feira e das 08h [&hellip;]<\/p>\n","protected":false},"author":1,"featured_media":3832,"comment_status":"closed","ping_status":"open","sticky":false,"template":"","format":"standard","meta":{"footnotes":"","_links_to":"","_links_to_target":""},"categories":[10],"tags":[],"class_list":["post-1402","post","type-post","status-publish","format-standard","has-post-thumbnail","hentry","category-noticias"],"rttpg_featured_image_url":{"full":["https:\/\/goias.gov.br\/detran\/wp-content\/uploads\/sites\/8\/2023\/05\/1402.jpg",0,0,false],"landscape":["https:\/\/goias.gov.br\/detran\/wp-content\/uploads\/sites\/8\/2023\/05\/1402.jpg",0,0,false],"portraits":["https:\/\/goias.gov.br\/detran\/wp-content\/uploads\/sites\/8\/2023\/05\/1402.jpg",0,0,false],"thumbnail":["https:\/\/goias.gov.br\/detran\/wp-content\/uploads\/sites\/8\/2023\/05\/1402.jpg",1,1,false],"medium":["https:\/\/goias.gov.br\/detran\/wp-content\/uploads\/sites\/8\/2023\/05\/1402.jpg",1,1,false],"large":["https:\/\/goias.gov.br\/detran\/wp-content\/uploads\/sites\/8\/2023\/05\/1402.jpg",1,1,false],"1536x1536":["https:\/\/goias.gov.br\/detran\/wp-content\/uploads\/sites\/8\/2023\/05\/1402.jpg",1,1,false],"2048x2048":["https:\/\/goias.gov.br\/detran\/wp-content\/uploads\/sites\/8\/2023\/05\/1402.jpg",1,1,false]},"rttpg_author":{"display_name":"wagner.viana","author_link":"https:\/\/goias.gov.br\/detran\/author\/wagner-viana\/"},"rttpg_comment":0,"rttpg_category":"<a href=\"https:\/\/goias.gov.br\/detran\/categoria\/noticias\/\" rel=\"category tag\">Not\u00edcias<\/a>","rttpg_excerpt":"\u00a0 No feriado nacional de Corpus Christi, o Padr\u00e3o Vapt-Vupt n\u00e3o realiza atendimento nesta quinta-feira (31). Sexta-feira e s\u00e1bado funciona em hor\u00e1rio especial, das 7 \u00e0s 12h. A unidade retoma o atendimento na segunda-feira (4\/06) a partir das 07 horas. O Padr\u00e3o Vapt-Vupt funciona das 07h \u00e0s 19h de segunda a sexta-feira e das 08h&hellip;","_links":{"self":[{"href":"https:\/\/goias.gov.br\/detran\/wp-json\/wp\/v2\/posts\/1402","targetHints":{"allow":["GET"]}}],"collection":[{"href":"https:\/\/goias.gov.br\/detran\/wp-json\/wp\/v2\/posts"}],"about":[{"href":"https:\/\/goias.gov.br\/detran\/wp-json\/wp\/v2\/types\/post"}],"author":[{"embeddable":true,"href":"https:\/\/goias.gov.br\/detran\/wp-json\/wp\/v2\/users\/1"}],"replies":[{"embeddable":true,"href":"https:\/\/goias.gov.br\/detran\/wp-json\/wp\/v2\/comments?post=1402"}],"version-history":[{"count":0,"href":"https:\/\/goias.gov.br\/detran\/wp-json\/wp\/v2\/posts\/1402\/revisions"}],"wp:featuredmedia":[{"embeddable":true,"href":"https:\/\/goias.gov.br\/detran\/wp-json\/wp\/v2\/media\/3832"}],"wp:attachment":[{"href":"https:\/\/goias.gov.br\/detran\/wp-json\/wp\/v2\/media?parent=1402"}],"wp:term":[{"taxonomy":"category","embeddable":true,"href":"https:\/\/goias.gov.br\/detran\/wp-json\/wp\/v2\/categories?post=1402"},{"taxonomy":"post_tag","embeddable":true,"href":"https:\/\/goias.gov.br\/detran\/wp-json\/wp\/v2\/tags?post=1402"}],"curies":[{"name":"wp","href":"https:\/\/api.w.org\/{rel}","templated":true}]}}