

{"id":1350,"date":"2018-03-22T12:03:00","date_gmt":"2018-03-22T12:03:00","guid":{"rendered":"https:\/\/wwwhomolog.detran.go.gov.br\/?p=1350"},"modified":"-0001-11-30T00:00:00","modified_gmt":"-0001-11-30T03:00:00","slug":"1350","status":"publish","type":"post","link":"https:\/\/goias.gov.br\/detran\/1350\/","title":{"rendered":"Pedido de isen\u00e7\u00e3o de IPVA e de ICMS s\u00f3 na delegacia fiscal"},"content":{"rendered":"<p style=\"color: rgb(102, 102, 102);background-color: rgb(255, 255, 255);\">Leis estaduais concedem isen\u00e7\u00e3o de IPVA e de ICMS para portadores de necessidades especiais, taxistas, mototaxistas, entre outros, e o interessado precisa fazer o pedido em uma das 12 Delegacias Regionais de Fiscaliza\u00e7\u00e3o da Secretaria da Fazenda. Se for morador de Goi\u00e2nia ou da Grande Goi\u00e2nia deve se dirigir \u00e0 Delegacia na Pra\u00e7a Tamandar\u00e9. N\u00e3o h\u00e1 necessidade de procurar a Sefaz, na Nova Vila.<\/p>\n<p style=\"color: rgb(102, 102, 102);background-color: rgb(255, 255, 255);\">O gerente de IPVA, Nivaldo Borges Damasceno, explica que a concess\u00e3o do benef\u00edcio \u00e9 descentralizada e deve ser solicitada na delegacia mais pr\u00f3xima da resid\u00eancia do interessado. O n\u00famero de pedido \u00e9 expressivo. Neste ano j\u00e1 chegou a aproximadamente dois mil, sendo que 1.500 foram solicitados em Goi\u00e2nia. \u201cNossa inten\u00e7\u00e3o \u00e9 facilitar o atendimento ao contribuinte\u201d, conclui.<\/p>\n<p style=\"color: rgb(102, 102, 102);background-color: rgb(255, 255, 255);\">O requerimento come\u00e7a a tramitar pela Receita Federal do Brasil com o pedido de isen\u00e7\u00e3o do IPI dos ve\u00edculos. L\u00e1, muitas vezes o contribuinte \u00e9 informado erroneamente que ele deve se dirigir ao Complexo Fazend\u00e1rio. O correto, para evitar deslocamentos desnecess\u00e1rios, \u00e9 dirigir-se \u00e0 Delegacia Regional de Fiscaliza\u00e7\u00e3o de sua regi\u00e3o.<\/p>\n<p style=\"color: rgb(102, 102, 102);background-color: rgb(255, 255, 255);\"><strong>Isen\u00e7\u00f5es<\/strong><br \/>Desde 2016, a Lei 19.947 passou a prever isen\u00e7\u00e3o de IPVA para deficientes f\u00edsicos que n\u00e3o dirigem, ou n\u00e3o s\u00e3o portadores de CNH. At\u00e9 ent\u00e3o, o benef\u00edcio era exclusivo para portadores de necessidades especiais com carteira de habilita\u00e7\u00e3o. H\u00e1 ainda isen\u00e7\u00e3o para portador de defici\u00eancia visual, defici\u00eancia mental severa ou profunda e autismo, entre outros.<\/p>\n<p style=\"color: rgb(102, 102, 102);background-color: rgb(255, 255, 255);\"><\/p>\n<p><!--EndFragment--><\/p>\n<p><\/p>\n<p><\/p>\n","protected":false},"excerpt":{"rendered":"<p>Leis estaduais concedem isen\u00e7\u00e3o de IPVA e de ICMS para portadores de necessidades especiais, taxistas, mototaxistas, entre outros, e o interessado precisa fazer o pedido em uma das 12 Delegacias Regionais de Fiscaliza\u00e7\u00e3o da Secretaria da Fazenda. Se for morador de Goi\u00e2nia ou da Grande Goi\u00e2nia deve se dirigir \u00e0 Delegacia na Pra\u00e7a Tamandar\u00e9. N\u00e3o [&hellip;]<\/p>\n","protected":false},"author":1,"featured_media":3780,"comment_status":"closed","ping_status":"open","sticky":false,"template":"","format":"standard","meta":{"footnotes":"","_links_to":"","_links_to_target":""},"categories":[10],"tags":[],"class_list":["post-1350","post","type-post","status-publish","format-standard","has-post-thumbnail","hentry","category-noticias"],"rttpg_featured_image_url":{"full":["https:\/\/goias.gov.br\/detran\/wp-content\/uploads\/sites\/8\/2023\/05\/1350.jpg",0,0,false],"landscape":["https:\/\/goias.gov.br\/detran\/wp-content\/uploads\/sites\/8\/2023\/05\/1350.jpg",0,0,false],"portraits":["https:\/\/goias.gov.br\/detran\/wp-content\/uploads\/sites\/8\/2023\/05\/1350.jpg",0,0,false],"thumbnail":["https:\/\/goias.gov.br\/detran\/wp-content\/uploads\/sites\/8\/2023\/05\/1350.jpg",1,1,false],"medium":["https:\/\/goias.gov.br\/detran\/wp-content\/uploads\/sites\/8\/2023\/05\/1350.jpg",1,1,false],"large":["https:\/\/goias.gov.br\/detran\/wp-content\/uploads\/sites\/8\/2023\/05\/1350.jpg",1,1,false],"1536x1536":["https:\/\/goias.gov.br\/detran\/wp-content\/uploads\/sites\/8\/2023\/05\/1350.jpg",1,1,false],"2048x2048":["https:\/\/goias.gov.br\/detran\/wp-content\/uploads\/sites\/8\/2023\/05\/1350.jpg",1,1,false]},"rttpg_author":{"display_name":"wagner.viana","author_link":"https:\/\/goias.gov.br\/detran\/author\/wagner-viana\/"},"rttpg_comment":0,"rttpg_category":"<a href=\"https:\/\/goias.gov.br\/detran\/categoria\/noticias\/\" rel=\"category tag\">Not\u00edcias<\/a>","rttpg_excerpt":"Leis estaduais concedem isen\u00e7\u00e3o de IPVA e de ICMS para portadores de necessidades especiais, taxistas, mototaxistas, entre outros, e o interessado precisa fazer o pedido em uma das 12 Delegacias Regionais de Fiscaliza\u00e7\u00e3o da Secretaria da Fazenda. Se for morador de Goi\u00e2nia ou da Grande Goi\u00e2nia deve se dirigir \u00e0 Delegacia na Pra\u00e7a Tamandar\u00e9. N\u00e3o&hellip;","_links":{"self":[{"href":"https:\/\/goias.gov.br\/detran\/wp-json\/wp\/v2\/posts\/1350","targetHints":{"allow":["GET"]}}],"collection":[{"href":"https:\/\/goias.gov.br\/detran\/wp-json\/wp\/v2\/posts"}],"about":[{"href":"https:\/\/goias.gov.br\/detran\/wp-json\/wp\/v2\/types\/post"}],"author":[{"embeddable":true,"href":"https:\/\/goias.gov.br\/detran\/wp-json\/wp\/v2\/users\/1"}],"replies":[{"embeddable":true,"href":"https:\/\/goias.gov.br\/detran\/wp-json\/wp\/v2\/comments?post=1350"}],"version-history":[{"count":0,"href":"https:\/\/goias.gov.br\/detran\/wp-json\/wp\/v2\/posts\/1350\/revisions"}],"wp:featuredmedia":[{"embeddable":true,"href":"https:\/\/goias.gov.br\/detran\/wp-json\/wp\/v2\/media\/3780"}],"wp:attachment":[{"href":"https:\/\/goias.gov.br\/detran\/wp-json\/wp\/v2\/media?parent=1350"}],"wp:term":[{"taxonomy":"category","embeddable":true,"href":"https:\/\/goias.gov.br\/detran\/wp-json\/wp\/v2\/categories?post=1350"},{"taxonomy":"post_tag","embeddable":true,"href":"https:\/\/goias.gov.br\/detran\/wp-json\/wp\/v2\/tags?post=1350"}],"curies":[{"name":"wp","href":"https:\/\/api.w.org\/{rel}","templated":true}]}}