

{"id":1314,"date":"2018-01-03T12:01:00","date_gmt":"2018-01-03T12:01:00","guid":{"rendered":"https:\/\/wwwhomolog.detran.go.gov.br\/?p=1314"},"modified":"-0001-11-30T00:00:00","modified_gmt":"-0001-11-30T03:00:00","slug":"1314","status":"publish","type":"post","link":"https:\/\/goias.gov.br\/detran\/1314\/","title":{"rendered":"Balada Respons\u00e1vel aborda 3.867 condutores durante festividades de fim de ano"},"content":{"rendered":"<p><span style=\"color: rgb(85, 85, 85);background-color: rgb(255, 255, 255);float: none;\">Com o lema \u201c\u00e1lcool e dire\u00e7\u00e3o n\u00e3o combinam\u201d o Departamento Estadual de Tr\u00e2nsito de Goi\u00e1s (Detran-GO) em parceria com o Batalh\u00e3o de Tr\u00e2nsito e a Ger\u00eancia de Educa\u00e7\u00e3o para o Tr\u00e2nsito do Detran, realizaram blitzes de fiscaliza\u00e7\u00e3o e educa\u00e7\u00e3o para o tr\u00e2nsito em v\u00e1rios pontos da capital, Aparecida de Goi\u00e2nia e An\u00e1polis durante as festividades de fim de ano.<\/span><br style=\"color: rgb(85, 85, 85);background-color: rgb(255, 255, 255);\"\/><br style=\"color: rgb(85, 85, 85);background-color: rgb(255, 255, 255);\"\/><span style=\"color: rgb(85, 85, 85);background-color: rgb(255, 255, 255);float: none;\">Nos \u00faltimos dias do ano 17 condutores foram autuados por dirigir sob influ\u00eancia de bebidas alco\u00f3licas em Goi\u00e2nia, Aparecida de Goi\u00e2nia e An\u00e1polis. Durante as blitzes foram realizados 257 testes de baf\u00f4metro, 16 CNH\u2019s foram retidas e 2 ve\u00edculos foram recolhidos ao p\u00e1tio do Detran.<\/span><br style=\"color: rgb(85, 85, 85);background-color: rgb(255, 255, 255);\"\/><br style=\"color: rgb(85, 85, 85);background-color: rgb(255, 255, 255);\"\/><span style=\"color: rgb(85, 85, 85);background-color: rgb(255, 255, 255);float: none;\">As equipes de educadores de tr\u00e2nsito em parceria com a Pol\u00edcia Rodovi\u00e1ria Federal conscientizaram 3.590 condutores nas GOs: 020, 040, 060 e 070 nos dias 29 e 30 de dezembro. A a\u00e7\u00e3o \u00e9 um esfor\u00e7o governamental envolvendo a Uni\u00e3o, estados e munic\u00edpios com o objetivo de reduzir os acidentes e as mortes no tr\u00e2nsito.<\/span><!--EndFragment--><\/p>\n<p><\/p>\n","protected":false},"excerpt":{"rendered":"<p>Com o lema \u201c\u00e1lcool e dire\u00e7\u00e3o n\u00e3o combinam\u201d o Departamento Estadual de Tr\u00e2nsito de Goi\u00e1s (Detran-GO) em parceria com o Batalh\u00e3o de Tr\u00e2nsito e a Ger\u00eancia de Educa\u00e7\u00e3o para o Tr\u00e2nsito do Detran, realizaram blitzes de fiscaliza\u00e7\u00e3o e educa\u00e7\u00e3o para o tr\u00e2nsito em v\u00e1rios pontos da capital, Aparecida de Goi\u00e2nia e An\u00e1polis durante as festividades [&hellip;]<\/p>\n","protected":false},"author":1,"featured_media":3744,"comment_status":"closed","ping_status":"open","sticky":false,"template":"","format":"standard","meta":{"footnotes":"","_links_to":"","_links_to_target":""},"categories":[10],"tags":[],"class_list":["post-1314","post","type-post","status-publish","format-standard","has-post-thumbnail","hentry","category-noticias"],"rttpg_featured_image_url":{"full":["https:\/\/goias.gov.br\/detran\/wp-content\/uploads\/sites\/8\/2023\/05\/1314.jpg",0,0,false],"landscape":["https:\/\/goias.gov.br\/detran\/wp-content\/uploads\/sites\/8\/2023\/05\/1314.jpg",0,0,false],"portraits":["https:\/\/goias.gov.br\/detran\/wp-content\/uploads\/sites\/8\/2023\/05\/1314.jpg",0,0,false],"thumbnail":["https:\/\/goias.gov.br\/detran\/wp-content\/uploads\/sites\/8\/2023\/05\/1314.jpg",1,1,false],"medium":["https:\/\/goias.gov.br\/detran\/wp-content\/uploads\/sites\/8\/2023\/05\/1314.jpg",1,1,false],"large":["https:\/\/goias.gov.br\/detran\/wp-content\/uploads\/sites\/8\/2023\/05\/1314.jpg",1,1,false],"1536x1536":["https:\/\/goias.gov.br\/detran\/wp-content\/uploads\/sites\/8\/2023\/05\/1314.jpg",1,1,false],"2048x2048":["https:\/\/goias.gov.br\/detran\/wp-content\/uploads\/sites\/8\/2023\/05\/1314.jpg",1,1,false]},"rttpg_author":{"display_name":"wagner.viana","author_link":"https:\/\/goias.gov.br\/detran\/author\/wagner-viana\/"},"rttpg_comment":0,"rttpg_category":"<a href=\"https:\/\/goias.gov.br\/detran\/categoria\/noticias\/\" rel=\"category tag\">Not\u00edcias<\/a>","rttpg_excerpt":"Com o lema \u201c\u00e1lcool e dire\u00e7\u00e3o n\u00e3o combinam\u201d o Departamento Estadual de Tr\u00e2nsito de Goi\u00e1s (Detran-GO) em parceria com o Batalh\u00e3o de Tr\u00e2nsito e a Ger\u00eancia de Educa\u00e7\u00e3o para o Tr\u00e2nsito do Detran, realizaram blitzes de fiscaliza\u00e7\u00e3o e educa\u00e7\u00e3o para o tr\u00e2nsito em v\u00e1rios pontos da capital, Aparecida de Goi\u00e2nia e An\u00e1polis durante as festividades&hellip;","_links":{"self":[{"href":"https:\/\/goias.gov.br\/detran\/wp-json\/wp\/v2\/posts\/1314","targetHints":{"allow":["GET"]}}],"collection":[{"href":"https:\/\/goias.gov.br\/detran\/wp-json\/wp\/v2\/posts"}],"about":[{"href":"https:\/\/goias.gov.br\/detran\/wp-json\/wp\/v2\/types\/post"}],"author":[{"embeddable":true,"href":"https:\/\/goias.gov.br\/detran\/wp-json\/wp\/v2\/users\/1"}],"replies":[{"embeddable":true,"href":"https:\/\/goias.gov.br\/detran\/wp-json\/wp\/v2\/comments?post=1314"}],"version-history":[{"count":0,"href":"https:\/\/goias.gov.br\/detran\/wp-json\/wp\/v2\/posts\/1314\/revisions"}],"wp:featuredmedia":[{"embeddable":true,"href":"https:\/\/goias.gov.br\/detran\/wp-json\/wp\/v2\/media\/3744"}],"wp:attachment":[{"href":"https:\/\/goias.gov.br\/detran\/wp-json\/wp\/v2\/media?parent=1314"}],"wp:term":[{"taxonomy":"category","embeddable":true,"href":"https:\/\/goias.gov.br\/detran\/wp-json\/wp\/v2\/categories?post=1314"},{"taxonomy":"post_tag","embeddable":true,"href":"https:\/\/goias.gov.br\/detran\/wp-json\/wp\/v2\/tags?post=1314"}],"curies":[{"name":"wp","href":"https:\/\/api.w.org\/{rel}","templated":true}]}}