

{"id":1296,"date":"2017-10-26T12:10:00","date_gmt":"2017-10-26T12:10:00","guid":{"rendered":"https:\/\/wwwhomolog.detran.go.gov.br\/?p=1296"},"modified":"-0001-11-30T00:00:00","modified_gmt":"-0001-11-30T03:00:00","slug":"1296","status":"publish","type":"post","link":"https:\/\/goias.gov.br\/detran\/1296\/","title":{"rendered":"Est\u00e3o abertas inscri\u00e7\u00f5es para passeio cicl\u00edstico em Aparecida"},"content":{"rendered":"<p class=\"m_6324866873325018161gmail-western\" style=\"color: rgb(34, 34, 34);background-color: rgb(255, 255, 255);\"><font color=\"#000000\"><font face=\"Times New Roman, serif\"><font size=\"3\">Com objetivo de despertar na popula\u00e7\u00e3o o interesse pelo ciclismo e conscientizar as pessoas de que andar sobre duas rodas faz bem \u00e0 sa\u00fade e \u00e0s cidades, a Record TV Goi\u00e1s e o Detran-GO, com o apoio da Federa\u00e7\u00e3o Goiana de Ciclismo e diversos grupos de pedais, realizam no pr\u00f3ximo dia 12 de novembro, o 16\u00ba Passeio Cicl\u00edstico &#8211; \u201c<i>Pedal por um\u00a0 tr\u00e2nsito mais consciente<\/i>\u201d.<\/font><\/font><\/font><\/p>\n<p class=\"m_6324866873325018161gmail-western\" style=\"color: rgb(34, 34, 34);background-color: rgb(255, 255, 255);\"><font color=\"#000000\"><font face=\"Times New Roman, serif\"><font size=\"3\">Essa edi\u00e7\u00e3o do Passeio Cicl\u00edstico pretende levar milhares de ciclistas para pedalar nas ruas de Aparecida de Goi\u00e2nia, pela terceira vez, desde que foi criado.<\/font><\/font><\/font><\/p>\n<p class=\"m_6324866873325018161gmail-western\" style=\"color: rgb(34, 34, 34);background-color: rgb(255, 255, 255);\"><font color=\"#000000\"><font face=\"Times New Roman, serif\"><font size=\"3\">No local da concentra\u00e7\u00e3o,<span>\u00a0<\/span><span>Pra\u00e7a da Igualdade (antigo CAIS Setor Garavelo)<\/span>, os participantes ser\u00e3o recebidos pelos apresentadores, rep\u00f3rteres e equipe da Record TV Goi\u00e1s. Ainda tem mesa de frutas, massagens, exerc\u00edcios para aquecimento e o melhor, sempre incentivando um comportamento mais seguro no tr\u00e2nsito e preservando vidas.<\/font><\/font><\/font><\/p>\n<p class=\"m_6324866873325018161gmail-western\" style=\"color: rgb(34, 34, 34);background-color: rgb(255, 255, 255);\"><font color=\"#000000\"><font face=\"Times New Roman, serif\"><font size=\"3\">Quem quiser dar um trato especial na bike ter\u00e1 \u00e0 disposi\u00e7\u00e3o uma oficina Fernando Bicicletas para pequenos acertos.<\/font><\/font><\/font><\/p>\n<p class=\"m_6324866873325018161gmail-western\" style=\"color: rgb(34, 34, 34);background-color: rgb(255, 255, 255);\"><font color=\"#000000\"><font face=\"Times New Roman, serif\"><font size=\"3\">Tamb\u00e9m neste local ser\u00e3o entregues, a partir das 7h, os kits com mochila, camiseta e squeeze, mediante entrega do comprovante de inscri\u00e7\u00e3o e apresenta\u00e7\u00e3o de documento pessoal.<\/font><\/font><\/font><\/p>\n<p class=\"m_6324866873325018161gmail-western\" style=\"color: rgb(34, 34, 34);background-color: rgb(255, 255, 255);\"><font color=\"#000000\"><font face=\"Times New Roman, serif\"><font size=\"3\">A largada acontece \u00e0s 8h30. Os ciclistas percorrer\u00e3o as principais vias da regi\u00e3o, acompanhados pela Secretaria Municipal de Tr\u00e2nsito de Aparecida de Goi\u00e2nia e pelos trios el\u00e9tricos animados por apresentadores da Record \u00a0TV Goi\u00e1s que ir\u00e3o \u00e0 frente divertindo a turma com brincadeiras e muita descontra\u00e7\u00e3o.<\/font><\/font><\/font><\/p>\n<p class=\"m_6324866873325018161gmail-western\" style=\"color: rgb(34, 34, 34);background-color: rgb(255, 255, 255);\"><font color=\"#000000\"><font face=\"Times New Roman, serif\"><font size=\"3\">Durante o trajeto os ciclistas ter\u00e3o \u00e0 disposi\u00e7\u00e3o pontos de hidrata\u00e7\u00e3o e todo o acompanhamento que garantir\u00e1 um passeio seguro. As inscri\u00e7\u00f5es podem ser feitas no per\u00edodo de 26\/10 a 11\/11 pelo site\u00a0 \u00a0<a href=\"http:\/\/www.evoluanotransito.com.br\/\" target=\"_blank\" style=\"color: rgb(17, 85, 204);\">www.evoluanotransito.com.br<\/a>. Os tr\u00eas mil primeiros inscritos ter\u00e3o direito ao kit promocional.<\/font><\/font><\/font><\/p>\n<p class=\"m_6324866873325018161gmail-western\" style=\"color: rgb(34, 34, 34);background-color: rgb(255, 255, 255);\">\n<p class=\"m_6324866873325018161gmail-western\" style=\"color: rgb(34, 34, 34);background-color: rgb(255, 255, 255);\"><font color=\"#000000\"><font face=\"Times New Roman, serif\"><font size=\"3\">Fonte: Ascom\/Record<\/font><\/font><\/font><\/p>\n<p><!--EndFragment--><\/p>\n<p><\/p>\n<p><\/p>\n","protected":false},"excerpt":{"rendered":"<p>Com objetivo de despertar na popula\u00e7\u00e3o o interesse pelo ciclismo e conscientizar as pessoas de que andar sobre duas rodas faz bem \u00e0 sa\u00fade e \u00e0s cidades, a Record TV Goi\u00e1s e o Detran-GO, com o apoio da Federa\u00e7\u00e3o Goiana de Ciclismo e diversos grupos de pedais, realizam no pr\u00f3ximo dia 12 de novembro, o [&hellip;]<\/p>\n","protected":false},"author":1,"featured_media":3726,"comment_status":"closed","ping_status":"open","sticky":false,"template":"","format":"standard","meta":{"footnotes":"","_links_to":"","_links_to_target":""},"categories":[10],"tags":[],"class_list":["post-1296","post","type-post","status-publish","format-standard","has-post-thumbnail","hentry","category-noticias"],"rttpg_featured_image_url":{"full":["https:\/\/goias.gov.br\/detran\/wp-content\/uploads\/sites\/8\/2023\/05\/1296.jpg",0,0,false],"landscape":["https:\/\/goias.gov.br\/detran\/wp-content\/uploads\/sites\/8\/2023\/05\/1296.jpg",0,0,false],"portraits":["https:\/\/goias.gov.br\/detran\/wp-content\/uploads\/sites\/8\/2023\/05\/1296.jpg",0,0,false],"thumbnail":["https:\/\/goias.gov.br\/detran\/wp-content\/uploads\/sites\/8\/2023\/05\/1296.jpg",1,1,false],"medium":["https:\/\/goias.gov.br\/detran\/wp-content\/uploads\/sites\/8\/2023\/05\/1296.jpg",1,1,false],"large":["https:\/\/goias.gov.br\/detran\/wp-content\/uploads\/sites\/8\/2023\/05\/1296.jpg",1,1,false],"1536x1536":["https:\/\/goias.gov.br\/detran\/wp-content\/uploads\/sites\/8\/2023\/05\/1296.jpg",1,1,false],"2048x2048":["https:\/\/goias.gov.br\/detran\/wp-content\/uploads\/sites\/8\/2023\/05\/1296.jpg",1,1,false]},"rttpg_author":{"display_name":"wagner.viana","author_link":"https:\/\/goias.gov.br\/detran\/author\/wagner-viana\/"},"rttpg_comment":0,"rttpg_category":"<a href=\"https:\/\/goias.gov.br\/detran\/categoria\/noticias\/\" rel=\"category tag\">Not\u00edcias<\/a>","rttpg_excerpt":"Com objetivo de despertar na popula\u00e7\u00e3o o interesse pelo ciclismo e conscientizar as pessoas de que andar sobre duas rodas faz bem \u00e0 sa\u00fade e \u00e0s cidades, a Record TV Goi\u00e1s e o Detran-GO, com o apoio da Federa\u00e7\u00e3o Goiana de Ciclismo e diversos grupos de pedais, realizam no pr\u00f3ximo dia 12 de novembro, o&hellip;","_links":{"self":[{"href":"https:\/\/goias.gov.br\/detran\/wp-json\/wp\/v2\/posts\/1296","targetHints":{"allow":["GET"]}}],"collection":[{"href":"https:\/\/goias.gov.br\/detran\/wp-json\/wp\/v2\/posts"}],"about":[{"href":"https:\/\/goias.gov.br\/detran\/wp-json\/wp\/v2\/types\/post"}],"author":[{"embeddable":true,"href":"https:\/\/goias.gov.br\/detran\/wp-json\/wp\/v2\/users\/1"}],"replies":[{"embeddable":true,"href":"https:\/\/goias.gov.br\/detran\/wp-json\/wp\/v2\/comments?post=1296"}],"version-history":[{"count":0,"href":"https:\/\/goias.gov.br\/detran\/wp-json\/wp\/v2\/posts\/1296\/revisions"}],"wp:featuredmedia":[{"embeddable":true,"href":"https:\/\/goias.gov.br\/detran\/wp-json\/wp\/v2\/media\/3726"}],"wp:attachment":[{"href":"https:\/\/goias.gov.br\/detran\/wp-json\/wp\/v2\/media?parent=1296"}],"wp:term":[{"taxonomy":"category","embeddable":true,"href":"https:\/\/goias.gov.br\/detran\/wp-json\/wp\/v2\/categories?post=1296"},{"taxonomy":"post_tag","embeddable":true,"href":"https:\/\/goias.gov.br\/detran\/wp-json\/wp\/v2\/tags?post=1296"}],"curies":[{"name":"wp","href":"https:\/\/api.w.org\/{rel}","templated":true}]}}