

{"id":1271,"date":"2017-09-25T12:09:00","date_gmt":"2017-09-25T12:09:00","guid":{"rendered":"https:\/\/wwwhomolog.detran.go.gov.br\/?p=1271"},"modified":"-0001-11-30T00:00:00","modified_gmt":"-0001-11-30T03:00:00","slug":"1271","status":"publish","type":"post","link":"https:\/\/goias.gov.br\/detran\/1271\/","title":{"rendered":"Motociclistas tiveram evento especial na Semana Nacional de Tr\u00e2nsito"},"content":{"rendered":"<p>Os ve\u00edculos de duas rodas representam menos de um ter\u00e7o da frota do estado. Por outro lado, os motociclistas s\u00e3o maioria das v\u00edtimas de tr\u00e2nsito, 62%. Por isso, durante a Semana Nacional de Tr\u00e2nsito, que neste ano abordou o tema: Minha escolha faz a diferen\u00e7a no tr\u00e2nsito,  os pilotos tiveram aten\u00e7\u00e3o especial. No pen\u00faltimo dia da SNT (24\/09, o Detran-GO e a Federa\u00e7\u00e3o Goiana de Motociclismo promoveram uma edi\u00e7\u00e3o especial do Superbike. O evento reuniu mais de cinco mil pessoas no Aut\u00f3dromo Internacional de Goi\u00e2nia e contou com corrida, apresenta\u00e7\u00f5es de profissionais, motoata e a\u00e7\u00f5es educativas.<\/p>\n<p>A edi\u00e7\u00e3o especial come\u00e7ou com um passeio motocicl\u00edstico, que partiu do Pa\u00e7o Municipal rumo ao aut\u00f3dromo. No local, educadores de tr\u00e2nsito do Detran abordaram os visitantes alertando para a necessidade do respeito \u00e0s leis de tr\u00e2nsito, especialmente, quanto ao uso do capacete com viseira fechada, do farol aceso, do respeito aos limites de velocidade e dos perigos da combina\u00e7\u00e3o de \u00e1lcool e dire\u00e7\u00e3o.<br \/><b><br \/>Esporte<\/b><br \/>O evento tamb\u00e9m contou com corridas amistosas. Na categoria 300cc Master, acima de 40 anos, o vencedor foi Waldemir Gustavo. &#34;Apesar de n\u00e3o somar pontos no campeonato, fiz quest\u00e3o de participar do evento e feliz por contribuir com essa a\u00e7\u00e3o de conscientiza\u00e7\u00e3o no tr\u00e2nsito&#34;, disse. E o empres\u00e1rio comemorou a conquista do trof\u00e9u contando a sua estrat\u00e9gia. &#34;Depois que est\u00e1 na pista n\u00e3o tem essa de desacelerar, o ritmo \u00e9 total. Levei a s\u00e9rio como qualquer outra corrida&#34;.<\/p>\n<p>Atual campe\u00e3o da SBK Pr\u00f3, Edson Morales ocupou novamente o lugar mais alto do p\u00f3dio. Dessa vez, al\u00e9m de outro trof\u00e9u para sua cole\u00e7\u00e3o, ele tamb\u00e9m ganhou um par de pneus &#8211; premia\u00e7\u00e3o especial do evento para os vencedores. &#34;Hoje o dia foi de repara\u00e7\u00e3o e teste. Como tive problema com a moto na 4\u00aa etapa, precisava colocar ela na pista pra ver se est\u00e1 pronta para o restante da temporada. Encerro o dia satisfeito, porque al\u00e9m de tudo ainda ganhei os pneus que j\u00e1 vou usar na pr\u00f3xima etapa &#34;, comemorou.<\/p>\n<p>Os vencedores das demais categorias foram: Romes Pereira (SBK Light), Ricardo Juliani (600cc), Melicegenes Regis (Naked), Wylkson Ribeiro (300cc Sport) e Winicius Alves (150cc). A temporada oficial do Goi\u00e1s Superbike ser\u00e1 retomada no dia 15 de outubro, com a realiza\u00e7\u00e3o da 5\u00aa etapa. Os campe\u00f5es devem ser conhecidos na \u00faltima etapa do ano, marcada para 10 de dezembro.<\/p>\n<p><b>Motoclubes<\/b><br \/>E as atividades deste domingo n\u00e3o ficaram restritas \u00e0 velocidade. Centenas de motocicletas participaram de uma passeata pelas ruas da capital goiana e finalizaram o trajeto na pista do aut\u00f3dromo. Homens e mulheres, integrantes ou n\u00e3o de motoclubes, se uniram com um \u00fanico objetivo: demonstrar a paix\u00e3o por motocicletas. O passeio guiado caiu no gosto do p\u00fablico, que aplaudiu de p\u00e9 os participantes.<\/p>\n<p>Teve ainda show de wheeling, com manobras radicais que desafiaram a gravidade e tiraram o f\u00f4lego de quem assistiu. A atra\u00e7\u00e3o ficou por conta do Clube Wheeling e Sunt de Goi\u00e1s, que se apresentou na reta diante da arquibancada e dos boxes. Para completar a programa\u00e7\u00e3o, uma turma especialista em motos 300cc promoveu o KM de Arrancada.<\/p>\n<p>O evento comemorativo foi fruto de uma parceria entre a Federa\u00e7\u00e3o de Motociclismo do Estado de Goi\u00e1s (FMG) e o Detran Goi\u00e1s. &#34;Mais que promover o esporte, nossa inten\u00e7\u00e3o hoje foi reunir as pessoas que gostam de motocicletas e das suas mais variadas formas de utiliza\u00e7\u00e3o. Sempre, \u00e9 claro, frisando a import\u00e2ncia de zelar por um tr\u00e2nsito mais seguro&#34;, explicou o presidente da FMG, Roberto Boettcher. A a\u00e7\u00e3o contou com apoio log\u00edstico do Batalh\u00e3o Rodovi\u00e1rio e Batalh\u00e3o de Tr\u00e2nsito da Pol\u00edcia Militar.<\/p>\n<p><\/p>\n","protected":false},"excerpt":{"rendered":"<p>Os ve\u00edculos de duas rodas representam menos de um ter\u00e7o da frota do estado. Por outro lado, os motociclistas s\u00e3o maioria das v\u00edtimas de tr\u00e2nsito, 62%. Por isso, durante a Semana Nacional de Tr\u00e2nsito, que neste ano abordou o tema: Minha escolha faz a diferen\u00e7a no tr\u00e2nsito, os pilotos tiveram aten\u00e7\u00e3o especial. No pen\u00faltimo dia [&hellip;]<\/p>\n","protected":false},"author":1,"featured_media":3701,"comment_status":"closed","ping_status":"open","sticky":false,"template":"","format":"standard","meta":{"footnotes":"","_links_to":"","_links_to_target":""},"categories":[10],"tags":[],"class_list":["post-1271","post","type-post","status-publish","format-standard","has-post-thumbnail","hentry","category-noticias"],"rttpg_featured_image_url":{"full":["https:\/\/goias.gov.br\/detran\/wp-content\/uploads\/sites\/8\/2023\/05\/1271.jpg",0,0,false],"landscape":["https:\/\/goias.gov.br\/detran\/wp-content\/uploads\/sites\/8\/2023\/05\/1271.jpg",0,0,false],"portraits":["https:\/\/goias.gov.br\/detran\/wp-content\/uploads\/sites\/8\/2023\/05\/1271.jpg",0,0,false],"thumbnail":["https:\/\/goias.gov.br\/detran\/wp-content\/uploads\/sites\/8\/2023\/05\/1271.jpg",1,1,false],"medium":["https:\/\/goias.gov.br\/detran\/wp-content\/uploads\/sites\/8\/2023\/05\/1271.jpg",1,1,false],"large":["https:\/\/goias.gov.br\/detran\/wp-content\/uploads\/sites\/8\/2023\/05\/1271.jpg",1,1,false],"1536x1536":["https:\/\/goias.gov.br\/detran\/wp-content\/uploads\/sites\/8\/2023\/05\/1271.jpg",1,1,false],"2048x2048":["https:\/\/goias.gov.br\/detran\/wp-content\/uploads\/sites\/8\/2023\/05\/1271.jpg",1,1,false]},"rttpg_author":{"display_name":"wagner.viana","author_link":"https:\/\/goias.gov.br\/detran\/author\/wagner-viana\/"},"rttpg_comment":0,"rttpg_category":"<a href=\"https:\/\/goias.gov.br\/detran\/categoria\/noticias\/\" rel=\"category tag\">Not\u00edcias<\/a>","rttpg_excerpt":"Os ve\u00edculos de duas rodas representam menos de um ter\u00e7o da frota do estado. Por outro lado, os motociclistas s\u00e3o maioria das v\u00edtimas de tr\u00e2nsito, 62%. Por isso, durante a Semana Nacional de Tr\u00e2nsito, que neste ano abordou o tema: Minha escolha faz a diferen\u00e7a no tr\u00e2nsito, os pilotos tiveram aten\u00e7\u00e3o especial. No pen\u00faltimo dia&hellip;","_links":{"self":[{"href":"https:\/\/goias.gov.br\/detran\/wp-json\/wp\/v2\/posts\/1271","targetHints":{"allow":["GET"]}}],"collection":[{"href":"https:\/\/goias.gov.br\/detran\/wp-json\/wp\/v2\/posts"}],"about":[{"href":"https:\/\/goias.gov.br\/detran\/wp-json\/wp\/v2\/types\/post"}],"author":[{"embeddable":true,"href":"https:\/\/goias.gov.br\/detran\/wp-json\/wp\/v2\/users\/1"}],"replies":[{"embeddable":true,"href":"https:\/\/goias.gov.br\/detran\/wp-json\/wp\/v2\/comments?post=1271"}],"version-history":[{"count":0,"href":"https:\/\/goias.gov.br\/detran\/wp-json\/wp\/v2\/posts\/1271\/revisions"}],"wp:featuredmedia":[{"embeddable":true,"href":"https:\/\/goias.gov.br\/detran\/wp-json\/wp\/v2\/media\/3701"}],"wp:attachment":[{"href":"https:\/\/goias.gov.br\/detran\/wp-json\/wp\/v2\/media?parent=1271"}],"wp:term":[{"taxonomy":"category","embeddable":true,"href":"https:\/\/goias.gov.br\/detran\/wp-json\/wp\/v2\/categories?post=1271"},{"taxonomy":"post_tag","embeddable":true,"href":"https:\/\/goias.gov.br\/detran\/wp-json\/wp\/v2\/tags?post=1271"}],"curies":[{"name":"wp","href":"https:\/\/api.w.org\/{rel}","templated":true}]}}