

{"id":1262,"date":"2017-09-15T12:09:00","date_gmt":"2017-09-15T12:09:00","guid":{"rendered":"https:\/\/wwwhomolog.detran.go.gov.br\/?p=1262"},"modified":"2023-08-09T14:29:56","modified_gmt":"2023-08-09T17:29:56","slug":"1262","status":"publish","type":"post","link":"https:\/\/goias.gov.br\/detran\/1262\/","title":{"rendered":"Prorrogado prazo de ades\u00e3o das escolas ao Pr\u00eamio SNT"},"content":{"rendered":"<p>Foi prorrogado, at\u00e9 o dia 21 de setembro, o per\u00edodo de ades\u00e3o de unidades de ensino da Regi\u00e3o Metropolitana de Goi\u00e2nia ao Pr\u00eamio da Semana Nacional de Tr\u00e2nsito 2017. A iniciativa ir\u00e1 premiar alunos da rede p\u00fablica nas modalidades hist\u00f3ria em quadrinhos, desenho, cr\u00f4nica, reda\u00e7\u00e3o. Os trabalhos devem abordar \u201cMinha Escolha faz a diferen\u00e7a no tr\u00e2nsito\u201d, tema da Semana Nacional de Tr\u00e2nsito de 2017, definido pelo Conselho Nacional de Tr\u00e2nsito (Contran).<br \/>\nAs escolas ser\u00e3o premiadas na modalidade relat\u00f3rio de atividades de mobiliza\u00e7\u00e3o. Alunos de institui\u00e7\u00f5es particulares da Regi\u00e3o Metropolitana tamb\u00e9m poder\u00e3o concorrer na modalidade fotografia. O pr\u00eamio integra a programa\u00e7\u00e3o oficial da Semana Nacional de Tr\u00e2nsito, que acontece em todo o pa\u00eds de 18 a 25 de setembro, e busca estimular a reflex\u00e3o sobre a necessidade de constru\u00e7\u00e3o de um tr\u00e2nsito mais seguro e humano.<br \/>\nPara que os alunos concorram, as escolas ter\u00e3o que aderir ao pr\u00eamio, pois elas ser\u00e3o respons\u00e1veis por orientar a confec\u00e7\u00e3o dos trabalhos em sala de aula e selecionar at\u00e9 cinco concorrentes em cada categoria para efetuar a inscri\u00e7\u00e3o. Ser\u00e3o premiados os tr\u00eas primeiros colocados em cada uma das categorias. Os alunos vencedores receber\u00e3o uma bicicleta e um tablet. J\u00e1 as escolas quem vencerem receber\u00e3o uma TV e um datashow.<br \/>\nO 1\u00ba Pr\u00eamio da Semana Nacional de Tr\u00e2nsito \u00e9 realizado pelo Detran-GO e Universidade Estadual de Goi\u00e1s (UEG), em parceria com a Secretaria de Estado da Educa\u00e7\u00e3o, Cultura e Esportes (Seduce), Secretaria Municipal de Educa\u00e7\u00e3o de Goi\u00e2nia e Sindicato dos Estabelecimentos Particulares de Ensino de Goi\u00e2nia.<\/p>\n<p>Confira o regulamento<\/p>\n<p>Goi\u00e2nia, 15 de setembro de 2017.<br \/>\nGer\u00eancia de Comunica\u00e7\u00e3o<\/p>\n","protected":false},"excerpt":{"rendered":"<p>Foi prorrogado, at\u00e9 o dia 21 de setembro, o per\u00edodo de ades\u00e3o de unidades de ensino da Regi\u00e3o Metropolitana de Goi\u00e2nia ao Pr\u00eamio da Semana Nacional de Tr\u00e2nsito 2017. A iniciativa ir\u00e1 premiar alunos da rede p\u00fablica nas modalidades hist\u00f3ria em quadrinhos, desenho, cr\u00f4nica, reda\u00e7\u00e3o. Os trabalhos devem abordar \u201cMinha Escolha faz a diferen\u00e7a no [&hellip;]<\/p>\n","protected":false},"author":1,"featured_media":3692,"comment_status":"closed","ping_status":"open","sticky":false,"template":"","format":"standard","meta":{"footnotes":"","_links_to":"","_links_to_target":""},"categories":[10],"tags":[],"class_list":["post-1262","post","type-post","status-publish","format-standard","has-post-thumbnail","hentry","category-noticias"],"rttpg_featured_image_url":{"full":["https:\/\/goias.gov.br\/detran\/wp-content\/uploads\/sites\/8\/2023\/05\/1262.jpg",0,0,false],"landscape":["https:\/\/goias.gov.br\/detran\/wp-content\/uploads\/sites\/8\/2023\/05\/1262.jpg",0,0,false],"portraits":["https:\/\/goias.gov.br\/detran\/wp-content\/uploads\/sites\/8\/2023\/05\/1262.jpg",0,0,false],"thumbnail":["https:\/\/goias.gov.br\/detran\/wp-content\/uploads\/sites\/8\/2023\/05\/1262.jpg",1,1,false],"medium":["https:\/\/goias.gov.br\/detran\/wp-content\/uploads\/sites\/8\/2023\/05\/1262.jpg",1,1,false],"large":["https:\/\/goias.gov.br\/detran\/wp-content\/uploads\/sites\/8\/2023\/05\/1262.jpg",1,1,false],"1536x1536":["https:\/\/goias.gov.br\/detran\/wp-content\/uploads\/sites\/8\/2023\/05\/1262.jpg",1,1,false],"2048x2048":["https:\/\/goias.gov.br\/detran\/wp-content\/uploads\/sites\/8\/2023\/05\/1262.jpg",1,1,false]},"rttpg_author":{"display_name":"wagner.viana","author_link":"https:\/\/goias.gov.br\/detran\/author\/wagner-viana\/"},"rttpg_comment":0,"rttpg_category":"<a href=\"https:\/\/goias.gov.br\/detran\/categoria\/noticias\/\" rel=\"category tag\">Not\u00edcias<\/a>","rttpg_excerpt":"Foi prorrogado, at\u00e9 o dia 21 de setembro, o per\u00edodo de ades\u00e3o de unidades de ensino da Regi\u00e3o Metropolitana de Goi\u00e2nia ao Pr\u00eamio da Semana Nacional de Tr\u00e2nsito 2017. A iniciativa ir\u00e1 premiar alunos da rede p\u00fablica nas modalidades hist\u00f3ria em quadrinhos, desenho, cr\u00f4nica, reda\u00e7\u00e3o. Os trabalhos devem abordar \u201cMinha Escolha faz a diferen\u00e7a no&hellip;","_links":{"self":[{"href":"https:\/\/goias.gov.br\/detran\/wp-json\/wp\/v2\/posts\/1262","targetHints":{"allow":["GET"]}}],"collection":[{"href":"https:\/\/goias.gov.br\/detran\/wp-json\/wp\/v2\/posts"}],"about":[{"href":"https:\/\/goias.gov.br\/detran\/wp-json\/wp\/v2\/types\/post"}],"author":[{"embeddable":true,"href":"https:\/\/goias.gov.br\/detran\/wp-json\/wp\/v2\/users\/1"}],"replies":[{"embeddable":true,"href":"https:\/\/goias.gov.br\/detran\/wp-json\/wp\/v2\/comments?post=1262"}],"version-history":[{"count":1,"href":"https:\/\/goias.gov.br\/detran\/wp-json\/wp\/v2\/posts\/1262\/revisions"}],"predecessor-version":[{"id":206290,"href":"https:\/\/goias.gov.br\/detran\/wp-json\/wp\/v2\/posts\/1262\/revisions\/206290"}],"wp:featuredmedia":[{"embeddable":true,"href":"https:\/\/goias.gov.br\/detran\/wp-json\/wp\/v2\/media\/3692"}],"wp:attachment":[{"href":"https:\/\/goias.gov.br\/detran\/wp-json\/wp\/v2\/media?parent=1262"}],"wp:term":[{"taxonomy":"category","embeddable":true,"href":"https:\/\/goias.gov.br\/detran\/wp-json\/wp\/v2\/categories?post=1262"},{"taxonomy":"post_tag","embeddable":true,"href":"https:\/\/goias.gov.br\/detran\/wp-json\/wp\/v2\/tags?post=1262"}],"curies":[{"name":"wp","href":"https:\/\/api.w.org\/{rel}","templated":true}]}}