

{"id":1257,"date":"2017-09-06T12:09:00","date_gmt":"2017-09-06T12:09:00","guid":{"rendered":"https:\/\/wwwhomolog.detran.go.gov.br\/?p=1257"},"modified":"-0001-11-30T00:00:00","modified_gmt":"-0001-11-30T03:00:00","slug":"1257","status":"publish","type":"post","link":"https:\/\/goias.gov.br\/detran\/1257\/","title":{"rendered":"Detran, PRF e Batalh\u00e3o Rodovi\u00e1rio lan\u00e7am Opera\u00e7\u00e3o Independ\u00eancia"},"content":{"rendered":"<p>\u00a0 \u00a0 \u00a0<span style=\"color: rgb(85, 85, 85);background-color: rgb(255, 255, 255);float: none;\">O Detran-GO, a Pol\u00edcia Rodovi\u00e1ria Federal e o Batalh\u00e3o de Rodovi\u00e1rio da Pol\u00edcia Militar lan\u00e7aram a Opera\u00e7\u00e3o Independ\u00eancia na manh\u00e3 desta quarta-feira (6\/09). A meta \u00e9 atuar de forma sistem\u00e1tica no feriado prolongado, intensificando a fiscaliza\u00e7\u00e3o e a educa\u00e7\u00e3o para o tr\u00e2nsito nas principais rodovias que cortam o estado, com o intuito sensibilizar os condutores para import\u00e2ncia do respeito \u00e0s leis de tr\u00e2nsito. A a\u00e7\u00e3o acontece de hoje a domingo (10\/09) nas BRs, GOs e principais destinos tur\u00edsticos de Goi\u00e1s.<\/span><br style=\"color: rgb(85, 85, 85);background-color: rgb(255, 255, 255);\"\/><span style=\"color: rgb(85, 85, 85);background-color: rgb(255, 255, 255);float: none;\">\u00a0\u00a0\u00a0\u00a0Durante a manh\u00e3 desta quarta-feira (6\/09), agentes dos tr\u00eas \u00f3rg\u00e3os pararam os motoristas que anteciparam a viagem. Enquanto os policiais fiscalizavam as condi\u00e7\u00f5es de circula\u00e7\u00e3o e documenta\u00e7\u00e3o dos condutores e ve\u00edculos, os educadores de tr\u00e2nsito distribu\u00edram material e educativo e orientaram os viajantes, alertando para, entre outras coisas, respeitarem os limites de velocidade, acender os far\u00f3is baixos durante o dia, e especialmente, nunca misturar \u00e1lcool e dire\u00e7\u00e3o.<\/span><br style=\"color: rgb(85, 85, 85);background-color: rgb(255, 255, 255);\"\/><br style=\"color: rgb(85, 85, 85);background-color: rgb(255, 255, 255);\"\/><span style=\"color: rgb(85, 85, 85);background-color: rgb(255, 255, 255);float: none;\">\u00a0\u00a0\u00a0\u00a0O presidente do Detran-GO, Manoel Xavier Ferreira Filho, destacou a import\u00e2ncia da atua\u00e7\u00e3o conjunta das for\u00e7as policiais e da educa\u00e7\u00e3o para o tr\u00e2nsito na preven\u00e7\u00e3o de acidentes. \u201cMais que punir quem coloca vidas em risco, a\u00e7\u00f5es como estas t\u00eam o papel de mostrar a sintonia entre os \u00f3rg\u00e3os e entidades de tr\u00e2nsito, mostrando ao condutor, aos ciclistas e aos pedestres a presen\u00e7a forte do estado e, sobretudo, a preocupa\u00e7\u00e3o com a seguran\u00e7a vi\u00e1ria\u201d, pondera.<\/span><br style=\"color: rgb(85, 85, 85);background-color: rgb(255, 255, 255);\"\/><br style=\"color: rgb(85, 85, 85);background-color: rgb(255, 255, 255);\"\/><span style=\"color: rgb(85, 85, 85);background-color: rgb(255, 255, 255);\"><b><b>Balada Respons\u00e1vel<br \/><\/b><span style=\"color: rgb(85, 85, 85);background-color: rgb(255, 255, 255);float: none;\">Durante o feriado, equipes da Balada Respons\u00e1vel atuar\u00e3o nos principais destinos tur\u00edsticos do Estado, al\u00e9m da Regi\u00e3o Metropolitana de Goi\u00e2nia. O programa \u00e9 desenvolvido em duas frentes. A primeira consiste visitas a locais de aglomera\u00e7\u00e3o de pessoas para abordagens pedag\u00f3gicas, buscando estimular uma reflex\u00e3o sobre os perigos de dirigir ap\u00f3s a ingest\u00e3o de bebidas alco\u00f3licas. A segunda \u00e9 feita por meio de blitzes, onde, al\u00e9m do cumprimento da Lei Seca, \u00e9 realizado todo o procedimento de rotina adotado pela Pol\u00edcia Militar.<\/span><!--EndFragment--><br \/><\/b><\/span><\/p>\n","protected":false},"excerpt":{"rendered":"<p>\u00a0 \u00a0 \u00a0O Detran-GO, a Pol\u00edcia Rodovi\u00e1ria Federal e o Batalh\u00e3o de Rodovi\u00e1rio da Pol\u00edcia Militar lan\u00e7aram a Opera\u00e7\u00e3o Independ\u00eancia na manh\u00e3 desta quarta-feira (6\/09). A meta \u00e9 atuar de forma sistem\u00e1tica no feriado prolongado, intensificando a fiscaliza\u00e7\u00e3o e a educa\u00e7\u00e3o para o tr\u00e2nsito nas principais rodovias que cortam o estado, com o intuito sensibilizar [&hellip;]<\/p>\n","protected":false},"author":1,"featured_media":3687,"comment_status":"closed","ping_status":"open","sticky":false,"template":"","format":"standard","meta":{"footnotes":"","_links_to":"","_links_to_target":""},"categories":[10],"tags":[],"class_list":["post-1257","post","type-post","status-publish","format-standard","has-post-thumbnail","hentry","category-noticias"],"rttpg_featured_image_url":{"full":["https:\/\/goias.gov.br\/detran\/wp-content\/uploads\/sites\/8\/2023\/05\/1257.jpg",0,0,false],"landscape":["https:\/\/goias.gov.br\/detran\/wp-content\/uploads\/sites\/8\/2023\/05\/1257.jpg",0,0,false],"portraits":["https:\/\/goias.gov.br\/detran\/wp-content\/uploads\/sites\/8\/2023\/05\/1257.jpg",0,0,false],"thumbnail":["https:\/\/goias.gov.br\/detran\/wp-content\/uploads\/sites\/8\/2023\/05\/1257.jpg",1,1,false],"medium":["https:\/\/goias.gov.br\/detran\/wp-content\/uploads\/sites\/8\/2023\/05\/1257.jpg",1,1,false],"large":["https:\/\/goias.gov.br\/detran\/wp-content\/uploads\/sites\/8\/2023\/05\/1257.jpg",1,1,false],"1536x1536":["https:\/\/goias.gov.br\/detran\/wp-content\/uploads\/sites\/8\/2023\/05\/1257.jpg",1,1,false],"2048x2048":["https:\/\/goias.gov.br\/detran\/wp-content\/uploads\/sites\/8\/2023\/05\/1257.jpg",1,1,false]},"rttpg_author":{"display_name":"wagner.viana","author_link":"https:\/\/goias.gov.br\/detran\/author\/wagner-viana\/"},"rttpg_comment":0,"rttpg_category":"<a href=\"https:\/\/goias.gov.br\/detran\/categoria\/noticias\/\" rel=\"category tag\">Not\u00edcias<\/a>","rttpg_excerpt":"\u00a0 \u00a0 \u00a0O Detran-GO, a Pol\u00edcia Rodovi\u00e1ria Federal e o Batalh\u00e3o de Rodovi\u00e1rio da Pol\u00edcia Militar lan\u00e7aram a Opera\u00e7\u00e3o Independ\u00eancia na manh\u00e3 desta quarta-feira (6\/09). A meta \u00e9 atuar de forma sistem\u00e1tica no feriado prolongado, intensificando a fiscaliza\u00e7\u00e3o e a educa\u00e7\u00e3o para o tr\u00e2nsito nas principais rodovias que cortam o estado, com o intuito sensibilizar&hellip;","_links":{"self":[{"href":"https:\/\/goias.gov.br\/detran\/wp-json\/wp\/v2\/posts\/1257","targetHints":{"allow":["GET"]}}],"collection":[{"href":"https:\/\/goias.gov.br\/detran\/wp-json\/wp\/v2\/posts"}],"about":[{"href":"https:\/\/goias.gov.br\/detran\/wp-json\/wp\/v2\/types\/post"}],"author":[{"embeddable":true,"href":"https:\/\/goias.gov.br\/detran\/wp-json\/wp\/v2\/users\/1"}],"replies":[{"embeddable":true,"href":"https:\/\/goias.gov.br\/detran\/wp-json\/wp\/v2\/comments?post=1257"}],"version-history":[{"count":0,"href":"https:\/\/goias.gov.br\/detran\/wp-json\/wp\/v2\/posts\/1257\/revisions"}],"wp:featuredmedia":[{"embeddable":true,"href":"https:\/\/goias.gov.br\/detran\/wp-json\/wp\/v2\/media\/3687"}],"wp:attachment":[{"href":"https:\/\/goias.gov.br\/detran\/wp-json\/wp\/v2\/media?parent=1257"}],"wp:term":[{"taxonomy":"category","embeddable":true,"href":"https:\/\/goias.gov.br\/detran\/wp-json\/wp\/v2\/categories?post=1257"},{"taxonomy":"post_tag","embeddable":true,"href":"https:\/\/goias.gov.br\/detran\/wp-json\/wp\/v2\/tags?post=1257"}],"curies":[{"name":"wp","href":"https:\/\/api.w.org\/{rel}","templated":true}]}}