

{"id":1177,"date":"2017-05-15T12:05:00","date_gmt":"2017-05-15T12:05:00","guid":{"rendered":"https:\/\/wwwhomolog.detran.go.gov.br\/?p=1177"},"modified":"-0001-11-30T00:00:00","modified_gmt":"-0001-11-30T03:00:00","slug":"1177","status":"publish","type":"post","link":"https:\/\/goias.gov.br\/detran\/1177\/","title":{"rendered":"Detran-GO comemora o Dia Das M\u00e3es"},"content":{"rendered":"<p class=\"m_5213184017912153755gmail-western\" style=\"color: rgb(34, 34, 34);background-color: rgb(255, 255, 255);\">\u00a0 \u00a0O Detran-GO homenageou as servidoras do \u00f3rg\u00e3o, na manh\u00e3 desta sexta-feira, dia\u00a012. Foi realizado, de 8h \u00e0s 11h apresenta\u00e7\u00f5es musicais da Banda do Corpo de Bombeiros, Banda Changara Jazz, Grupo Cantoria, Coral Vozes da HP e Coral Vozes da Justi\u00e7a. As crian\u00e7as da creche do Detran fizeram uma linda apresenta\u00e7\u00e3o com m\u00fasicas especiais sobre as m\u00e3es. Durante toda a programa\u00e7\u00e3o, as servidoras receberam rosas amarelas em alus\u00e3o ao Movimento Maio Amarelo.<\/p>\n<p class=\"m_5213184017912153755gmail-western\" style=\"color: rgb(34, 34, 34);background-color: rgb(255, 255, 255);\">\u00a0 \u00a0A servidora, Anna Carolina destacou a import\u00e2ncia da a\u00e7\u00e3o. &#34;Todas as servidoras se sentem acolhidas pelo \u00f3rg\u00e3o, principalmente as mam\u00e3es que tem seus filhos na creche e puderam ver uma bela apresenta\u00e7\u00e3o. A qual me encheu de orgulho&#34;, ponderou emocionada.<\/p>\n<p class=\"m_5213184017912153755gmail-western\" style=\"background-color: rgb(255, 255, 255);\"><font color=\"#222222\" face=\"inherit\">\u00a0 O presidente do Detran-GO, Manoel Xavier Ferreira Filho, enfatizou a import\u00e2ncia das m\u00e3es na educa\u00e7\u00e3o dos filhos, especialmente, no sentido de prepar\u00e1-los para conviver em harmonia. &#34;\u00c9 nos primeiros anos de vida que a crian\u00e7a recebe a orienta\u00e7\u00e3o necess\u00e1ria para alicer\u00e7ar seu car\u00e1ter. <\/font><font color=\"#222222\">Princ\u00edpios<\/font><font color=\"#222222\" face=\"inherit\">\u00a0que v\u00e3o carregar por toda vida e colocar em pr\u00e1tica na vida social e no tr\u00e2nsito. As m\u00e3es t\u00eam papel fundamental,&#34; destaca.<\/font><\/p>\n<p class=\"m_5213184017912153755gmail-western\" style=\"color: rgb(34, 34, 34);background-color: rgb(255, 255, 255);\">\u00a0 \u00a0Manoel Xavier explicou ainda que grande parte dos servidores s\u00e3o formados pelas mulheres. &#34;Elas t\u00eam desempenhado um trabalho bastante importante no Detran, atendendo com cordialidade e celeridade. Queremos reconhecer cada vez mais o papel da mulher dando melhores condi\u00e7\u00f5es de trabalho.\u00a0Esse \u00e9 o papel do Detran, somar em atendimento e qualidade com servidores e usu\u00e1rios&#34;, ressaltou o presidente.<\/p>\n<p class=\"m_5213184017912153755gmail-western\" style=\"color: rgb(34, 34, 34);background-color: rgb(255, 255, 255);\">\u00a0 \u00a0A homenagem contou com um espa\u00e7o da\u00a0Superintend\u00eancia Municipal de Pol\u00edticas para as mulheres, que divulgou material educativo sobre o respeito e valoriza\u00e7\u00e3o da mulher enquanto: servidora, esposa, m\u00e3e.<\/p>\n<p><!--EndFragment--><\/p>\n<p><\/p>\n<p><\/p>\n","protected":false},"excerpt":{"rendered":"<p>\u00a0 \u00a0O Detran-GO homenageou as servidoras do \u00f3rg\u00e3o, na manh\u00e3 desta sexta-feira, dia\u00a012. Foi realizado, de 8h \u00e0s 11h apresenta\u00e7\u00f5es musicais da Banda do Corpo de Bombeiros, Banda Changara Jazz, Grupo Cantoria, Coral Vozes da HP e Coral Vozes da Justi\u00e7a. As crian\u00e7as da creche do Detran fizeram uma linda apresenta\u00e7\u00e3o com m\u00fasicas especiais sobre [&hellip;]<\/p>\n","protected":false},"author":1,"featured_media":3607,"comment_status":"closed","ping_status":"open","sticky":false,"template":"","format":"standard","meta":{"footnotes":"","_links_to":"","_links_to_target":""},"categories":[10],"tags":[],"class_list":["post-1177","post","type-post","status-publish","format-standard","has-post-thumbnail","hentry","category-noticias"],"rttpg_featured_image_url":{"full":["https:\/\/goias.gov.br\/detran\/wp-content\/uploads\/sites\/8\/2023\/05\/1177.jpg",0,0,false],"landscape":["https:\/\/goias.gov.br\/detran\/wp-content\/uploads\/sites\/8\/2023\/05\/1177.jpg",0,0,false],"portraits":["https:\/\/goias.gov.br\/detran\/wp-content\/uploads\/sites\/8\/2023\/05\/1177.jpg",0,0,false],"thumbnail":["https:\/\/goias.gov.br\/detran\/wp-content\/uploads\/sites\/8\/2023\/05\/1177.jpg",1,1,false],"medium":["https:\/\/goias.gov.br\/detran\/wp-content\/uploads\/sites\/8\/2023\/05\/1177.jpg",1,1,false],"large":["https:\/\/goias.gov.br\/detran\/wp-content\/uploads\/sites\/8\/2023\/05\/1177.jpg",1,1,false],"1536x1536":["https:\/\/goias.gov.br\/detran\/wp-content\/uploads\/sites\/8\/2023\/05\/1177.jpg",1,1,false],"2048x2048":["https:\/\/goias.gov.br\/detran\/wp-content\/uploads\/sites\/8\/2023\/05\/1177.jpg",1,1,false]},"rttpg_author":{"display_name":"wagner.viana","author_link":"https:\/\/goias.gov.br\/detran\/author\/wagner-viana\/"},"rttpg_comment":0,"rttpg_category":"<a href=\"https:\/\/goias.gov.br\/detran\/categoria\/noticias\/\" rel=\"category tag\">Not\u00edcias<\/a>","rttpg_excerpt":"\u00a0 \u00a0O Detran-GO homenageou as servidoras do \u00f3rg\u00e3o, na manh\u00e3 desta sexta-feira, dia\u00a012. Foi realizado, de 8h \u00e0s 11h apresenta\u00e7\u00f5es musicais da Banda do Corpo de Bombeiros, Banda Changara Jazz, Grupo Cantoria, Coral Vozes da HP e Coral Vozes da Justi\u00e7a. As crian\u00e7as da creche do Detran fizeram uma linda apresenta\u00e7\u00e3o com m\u00fasicas especiais sobre&hellip;","_links":{"self":[{"href":"https:\/\/goias.gov.br\/detran\/wp-json\/wp\/v2\/posts\/1177","targetHints":{"allow":["GET"]}}],"collection":[{"href":"https:\/\/goias.gov.br\/detran\/wp-json\/wp\/v2\/posts"}],"about":[{"href":"https:\/\/goias.gov.br\/detran\/wp-json\/wp\/v2\/types\/post"}],"author":[{"embeddable":true,"href":"https:\/\/goias.gov.br\/detran\/wp-json\/wp\/v2\/users\/1"}],"replies":[{"embeddable":true,"href":"https:\/\/goias.gov.br\/detran\/wp-json\/wp\/v2\/comments?post=1177"}],"version-history":[{"count":0,"href":"https:\/\/goias.gov.br\/detran\/wp-json\/wp\/v2\/posts\/1177\/revisions"}],"wp:featuredmedia":[{"embeddable":true,"href":"https:\/\/goias.gov.br\/detran\/wp-json\/wp\/v2\/media\/3607"}],"wp:attachment":[{"href":"https:\/\/goias.gov.br\/detran\/wp-json\/wp\/v2\/media?parent=1177"}],"wp:term":[{"taxonomy":"category","embeddable":true,"href":"https:\/\/goias.gov.br\/detran\/wp-json\/wp\/v2\/categories?post=1177"},{"taxonomy":"post_tag","embeddable":true,"href":"https:\/\/goias.gov.br\/detran\/wp-json\/wp\/v2\/tags?post=1177"}],"curies":[{"name":"wp","href":"https:\/\/api.w.org\/{rel}","templated":true}]}}