

{"id":1099,"date":"2017-01-31T12:01:00","date_gmt":"2017-01-31T12:01:00","guid":{"rendered":"https:\/\/wwwhomolog.detran.go.gov.br\/?p=1099"},"modified":"-0001-11-30T00:00:00","modified_gmt":"-0001-11-30T03:00:00","slug":"1099","status":"publish","type":"post","link":"https:\/\/goias.gov.br\/detran\/1099\/","title":{"rendered":"Rodovias ganhar\u00e3o sinaliza\u00e7\u00e3o ambiental"},"content":{"rendered":"<p><\/p>\n<p><\/p>\n<p><!--StartFragment--><\/p>\n<p><span class=\"m_-8295766337893148624gmail-style7\" style=\"text-align: justify;color: rgb(0, 0, 0);\"><\/span><\/p>\n<p>A Ag\u00eancia Goiana de Transportes e Obras (Agetop) e a Goi\u00e1s Turismo v\u00e3o desenvolver projetos de sinaliza\u00e7\u00e3o tur\u00edstica e rodovi\u00e1ria nas rodovias GO-239 e GO-118 que margeiam o Parque Nacional da Chapada dos Veadeiros, no Nordeste goiano.<\/p>\n<p><br class=\"m_-8295766337893148624gmail-autobr\"\/>A parceria prev\u00ea tamb\u00e9m recupera\u00e7\u00e3o da faixa de dom\u00ednio, instala\u00e7\u00e3o de redutores de velocidade, radares, mirantes e pontos de apoio com a inten\u00e7\u00e3o de sensibilizar os usu\u00e1rios destas rodovias para o valor paisag\u00edstico e de fauna local, reduzindo o atropelamento de animais silvestres e acidentes. Os dois \u00f3rg\u00e3os pretendem tamb\u00e9m, tematizar as rodovias tur\u00edsticas e parques.<\/p>\n<p><br class=\"m_-8295766337893148624gmail-autobr\"\/>A a\u00e7\u00e3o come\u00e7ou com a parceria do Instituto Chico Mendes de Conserva\u00e7\u00e3o da Biodiversidade (ICMBio), ONG amigos da Floresta, Secretaria do Meio Ambiente (Secima), Agetop, prefeitura de Alto Para\u00edso e Goi\u00e1s Turismo. A\u00e7\u00f5es de radares m\u00f3veis j\u00e1 come\u00e7aram entre Alto Para\u00edso e S\u00e3o Jorge.<\/p>\n<p><!--EndFragment--><\/p>\n<p><\/p>\n<p><\/p>\n","protected":false},"excerpt":{"rendered":"<p>A Ag\u00eancia Goiana de Transportes e Obras (Agetop) e a Goi\u00e1s Turismo v\u00e3o desenvolver projetos de sinaliza\u00e7\u00e3o tur\u00edstica e rodovi\u00e1ria nas rodovias GO-239 e GO-118 que margeiam o Parque Nacional da Chapada dos Veadeiros, no Nordeste goiano. A parceria prev\u00ea tamb\u00e9m recupera\u00e7\u00e3o da faixa de dom\u00ednio, instala\u00e7\u00e3o de redutores de velocidade, radares, mirantes e pontos [&hellip;]<\/p>\n","protected":false},"author":1,"featured_media":3529,"comment_status":"closed","ping_status":"open","sticky":false,"template":"","format":"standard","meta":{"footnotes":"","_links_to":"","_links_to_target":""},"categories":[10],"tags":[],"class_list":["post-1099","post","type-post","status-publish","format-standard","has-post-thumbnail","hentry","category-noticias"],"rttpg_featured_image_url":{"full":["https:\/\/goias.gov.br\/detran\/wp-content\/uploads\/sites\/8\/2023\/05\/1099.jpg",0,0,false],"landscape":["https:\/\/goias.gov.br\/detran\/wp-content\/uploads\/sites\/8\/2023\/05\/1099.jpg",0,0,false],"portraits":["https:\/\/goias.gov.br\/detran\/wp-content\/uploads\/sites\/8\/2023\/05\/1099.jpg",0,0,false],"thumbnail":["https:\/\/goias.gov.br\/detran\/wp-content\/uploads\/sites\/8\/2023\/05\/1099.jpg",1,1,false],"medium":["https:\/\/goias.gov.br\/detran\/wp-content\/uploads\/sites\/8\/2023\/05\/1099.jpg",1,1,false],"large":["https:\/\/goias.gov.br\/detran\/wp-content\/uploads\/sites\/8\/2023\/05\/1099.jpg",1,1,false],"1536x1536":["https:\/\/goias.gov.br\/detran\/wp-content\/uploads\/sites\/8\/2023\/05\/1099.jpg",1,1,false],"2048x2048":["https:\/\/goias.gov.br\/detran\/wp-content\/uploads\/sites\/8\/2023\/05\/1099.jpg",1,1,false]},"rttpg_author":{"display_name":"wagner.viana","author_link":"https:\/\/goias.gov.br\/detran\/author\/wagner-viana\/"},"rttpg_comment":0,"rttpg_category":"<a href=\"https:\/\/goias.gov.br\/detran\/categoria\/noticias\/\" rel=\"category tag\">Not\u00edcias<\/a>","rttpg_excerpt":"A Ag\u00eancia Goiana de Transportes e Obras (Agetop) e a Goi\u00e1s Turismo v\u00e3o desenvolver projetos de sinaliza\u00e7\u00e3o tur\u00edstica e rodovi\u00e1ria nas rodovias GO-239 e GO-118 que margeiam o Parque Nacional da Chapada dos Veadeiros, no Nordeste goiano. A parceria prev\u00ea tamb\u00e9m recupera\u00e7\u00e3o da faixa de dom\u00ednio, instala\u00e7\u00e3o de redutores de velocidade, radares, mirantes e pontos&hellip;","_links":{"self":[{"href":"https:\/\/goias.gov.br\/detran\/wp-json\/wp\/v2\/posts\/1099","targetHints":{"allow":["GET"]}}],"collection":[{"href":"https:\/\/goias.gov.br\/detran\/wp-json\/wp\/v2\/posts"}],"about":[{"href":"https:\/\/goias.gov.br\/detran\/wp-json\/wp\/v2\/types\/post"}],"author":[{"embeddable":true,"href":"https:\/\/goias.gov.br\/detran\/wp-json\/wp\/v2\/users\/1"}],"replies":[{"embeddable":true,"href":"https:\/\/goias.gov.br\/detran\/wp-json\/wp\/v2\/comments?post=1099"}],"version-history":[{"count":0,"href":"https:\/\/goias.gov.br\/detran\/wp-json\/wp\/v2\/posts\/1099\/revisions"}],"wp:featuredmedia":[{"embeddable":true,"href":"https:\/\/goias.gov.br\/detran\/wp-json\/wp\/v2\/media\/3529"}],"wp:attachment":[{"href":"https:\/\/goias.gov.br\/detran\/wp-json\/wp\/v2\/media?parent=1099"}],"wp:term":[{"taxonomy":"category","embeddable":true,"href":"https:\/\/goias.gov.br\/detran\/wp-json\/wp\/v2\/categories?post=1099"},{"taxonomy":"post_tag","embeddable":true,"href":"https:\/\/goias.gov.br\/detran\/wp-json\/wp\/v2\/tags?post=1099"}],"curies":[{"name":"wp","href":"https:\/\/api.w.org\/{rel}","templated":true}]}}