

{"id":1082,"date":"2017-01-10T12:01:00","date_gmt":"2017-01-10T12:01:00","guid":{"rendered":"https:\/\/wwwhomolog.detran.go.gov.br\/?p=1082"},"modified":"-0001-11-30T00:00:00","modified_gmt":"-0001-11-30T03:00:00","slug":"1082","status":"publish","type":"post","link":"https:\/\/goias.gov.br\/detran\/1082\/","title":{"rendered":"Come\u00e7a pagamento do IPVA de 2017"},"content":{"rendered":"<p style=\"color: rgb(102, 102, 102);background-color: rgb(255, 255, 255);\">\u00a0 \u00a0Os propriet\u00e1rios de ve\u00edculos com placa final 1 que quiserem pagar o IPVA de 2017 de forma parcelada t\u00eam at\u00e9 o dia 30 deste m\u00eas para quitar a primeira parcela. J\u00e1 a segunda deve ser paga at\u00e9 o dia 24 de fevereiro e a terceira at\u00e9 27 de mar\u00e7o, que tamb\u00e9m \u00e9 a data em que vence a quota \u00fanica para o propriet\u00e1rio que n\u00e3o aderir ao parcelamento.<\/p>\n<p style=\"color: rgb(102, 102, 102);background-color: rgb(255, 255, 255);\">\u00a0 \u00a0Com a mudan\u00e7a do calend\u00e1rio, uma das primeiras medidas adotadas pelo novo secret\u00e1rio da Fazenda, Fernando Navarrete, o pagamento do IPVA voltou a ser feito de janeiro at\u00e9 novembro, de acordo com o final da placa.<\/p>\n<p style=\"color: rgb(102, 102, 102);background-color: rgb(255, 255, 255);\">\u00a0 O propriet\u00e1rio de ve\u00edculo de placa final 4 por exemplo, que antes tinha que quitar o IPVA at\u00e9 o final de abril, agora come\u00e7a a parcelar o imposto em abril, caso opte pelo parcelamento, e tem at\u00e9 junho para quit\u00e1-lo. A quota \u00fanica, que antes tinha que ser feita em abril, agora passa a ser feita em junho.<\/p>\n<p style=\"color: rgb(102, 102, 102);background-color: rgb(255, 255, 255);\"><strong>Envio<\/strong><br \/>\u00a0 \u00a0O coordenador do IPVA em exerc\u00edcio da Secretaria da Fazenda, Cecil Bulh\u00f5es, informa que os boletos ser\u00e3o enviados, esta semana, para a casa dos propriet\u00e1rios. Por\u00e9m, ele ressalta que, quem preferir pode acessar o\u00a0<a href=\"https:\/\/www.detran.go.gov.br\/psw\/#\/\" style=\"text-decoration: underline;color: rgb(0, 102, 255);\">site do Detran<\/a><span class=\"Apple-converted-space\">\u00a0<\/span>para imprimir o Dare, por meio do menu<span class=\"Apple-converted-space\">\u00a0<\/span><strong>Boleto<\/strong>. Se houver d\u00favida na hora da emiss\u00e3o, o propriet\u00e1rio pode ligar para o<span class=\"Apple-converted-space\">\u00a0<\/span><em>call center<\/em><span class=\"Apple-converted-space\">\u00a0<\/span>da Sefaz<span class=\"Apple-converted-space\">\u00a0<\/span><strong>0300 210 1994.<\/strong><\/p>\n<p style=\"color: rgb(102, 102, 102);background-color: rgb(255, 255, 255);\">\u00a0 \u00a0Cecil informa que os boletos est\u00e3o sendo emitidos com o desconto de 5% de todos os inscritos no<span class=\"Apple-converted-space\">\u00a0<\/span><em>Programa Nota Fiscal Goiana<\/em><span class=\"Apple-converted-space\">\u00a0<\/span>at\u00e9 o dia 31 de dezembro passado e, ainda, com os 50% para os carros e motos populares (1.0 e 125 cc, respectivamente), que atenderam as exig\u00eancias legais, como n\u00e3o ter tido infra\u00e7\u00e3o no ano anterior.<\/p>\n<p style=\"color: rgb(102, 102, 102);background-color: rgb(255, 255, 255);\"><\/p>\n<p style=\"color: rgb(102, 102, 102);background-color: rgb(255, 255, 255);\"><strong><br \/><\/strong><\/p>\n<p><!--EndFragment--><\/p>\n<p><\/p>\n<p><\/p>\n","protected":false},"excerpt":{"rendered":"<p>\u00a0 \u00a0Os propriet\u00e1rios de ve\u00edculos com placa final 1 que quiserem pagar o IPVA de 2017 de forma parcelada t\u00eam at\u00e9 o dia 30 deste m\u00eas para quitar a primeira parcela. J\u00e1 a segunda deve ser paga at\u00e9 o dia 24 de fevereiro e a terceira at\u00e9 27 de mar\u00e7o, que tamb\u00e9m \u00e9 a data [&hellip;]<\/p>\n","protected":false},"author":1,"featured_media":3512,"comment_status":"closed","ping_status":"open","sticky":false,"template":"","format":"standard","meta":{"footnotes":"","_links_to":"","_links_to_target":""},"categories":[10],"tags":[],"class_list":["post-1082","post","type-post","status-publish","format-standard","has-post-thumbnail","hentry","category-noticias"],"rttpg_featured_image_url":{"full":["https:\/\/goias.gov.br\/detran\/wp-content\/uploads\/sites\/8\/2023\/05\/1082.jpg",0,0,false],"landscape":["https:\/\/goias.gov.br\/detran\/wp-content\/uploads\/sites\/8\/2023\/05\/1082.jpg",0,0,false],"portraits":["https:\/\/goias.gov.br\/detran\/wp-content\/uploads\/sites\/8\/2023\/05\/1082.jpg",0,0,false],"thumbnail":["https:\/\/goias.gov.br\/detran\/wp-content\/uploads\/sites\/8\/2023\/05\/1082.jpg",1,1,false],"medium":["https:\/\/goias.gov.br\/detran\/wp-content\/uploads\/sites\/8\/2023\/05\/1082.jpg",1,1,false],"large":["https:\/\/goias.gov.br\/detran\/wp-content\/uploads\/sites\/8\/2023\/05\/1082.jpg",1,1,false],"1536x1536":["https:\/\/goias.gov.br\/detran\/wp-content\/uploads\/sites\/8\/2023\/05\/1082.jpg",1,1,false],"2048x2048":["https:\/\/goias.gov.br\/detran\/wp-content\/uploads\/sites\/8\/2023\/05\/1082.jpg",1,1,false]},"rttpg_author":{"display_name":"wagner.viana","author_link":"https:\/\/goias.gov.br\/detran\/author\/wagner-viana\/"},"rttpg_comment":0,"rttpg_category":"<a href=\"https:\/\/goias.gov.br\/detran\/categoria\/noticias\/\" rel=\"category tag\">Not\u00edcias<\/a>","rttpg_excerpt":"\u00a0 \u00a0Os propriet\u00e1rios de ve\u00edculos com placa final 1 que quiserem pagar o IPVA de 2017 de forma parcelada t\u00eam at\u00e9 o dia 30 deste m\u00eas para quitar a primeira parcela. J\u00e1 a segunda deve ser paga at\u00e9 o dia 24 de fevereiro e a terceira at\u00e9 27 de mar\u00e7o, que tamb\u00e9m \u00e9 a data&hellip;","_links":{"self":[{"href":"https:\/\/goias.gov.br\/detran\/wp-json\/wp\/v2\/posts\/1082","targetHints":{"allow":["GET"]}}],"collection":[{"href":"https:\/\/goias.gov.br\/detran\/wp-json\/wp\/v2\/posts"}],"about":[{"href":"https:\/\/goias.gov.br\/detran\/wp-json\/wp\/v2\/types\/post"}],"author":[{"embeddable":true,"href":"https:\/\/goias.gov.br\/detran\/wp-json\/wp\/v2\/users\/1"}],"replies":[{"embeddable":true,"href":"https:\/\/goias.gov.br\/detran\/wp-json\/wp\/v2\/comments?post=1082"}],"version-history":[{"count":0,"href":"https:\/\/goias.gov.br\/detran\/wp-json\/wp\/v2\/posts\/1082\/revisions"}],"wp:featuredmedia":[{"embeddable":true,"href":"https:\/\/goias.gov.br\/detran\/wp-json\/wp\/v2\/media\/3512"}],"wp:attachment":[{"href":"https:\/\/goias.gov.br\/detran\/wp-json\/wp\/v2\/media?parent=1082"}],"wp:term":[{"taxonomy":"category","embeddable":true,"href":"https:\/\/goias.gov.br\/detran\/wp-json\/wp\/v2\/categories?post=1082"},{"taxonomy":"post_tag","embeddable":true,"href":"https:\/\/goias.gov.br\/detran\/wp-json\/wp\/v2\/tags?post=1082"}],"curies":[{"name":"wp","href":"https:\/\/api.w.org\/{rel}","templated":true}]}}