

{"id":98480,"date":"2025-01-20T09:34:19","date_gmt":"2025-01-20T12:34:19","guid":{"rendered":"https:\/\/goias.gov.br\/cultura\/?p=98480"},"modified":"2025-07-18T10:27:57","modified_gmt":"2025-07-18T13:27:57","slug":"documentario-sobre-a-historia-do-rock-goiano-estreia-nesta-sexta-feira-24-01","status":"publish","type":"post","link":"https:\/\/goias.gov.br\/cultura\/documentario-sobre-a-historia-do-rock-goiano-estreia-nesta-sexta-feira-24-01\/","title":{"rendered":"Document\u00e1rio sobre a hist\u00f3ria do rock goiano estreia nesta sexta-feira (24\/01)"},"content":{"rendered":"\n<figure class=\"wp-block-image size-large\"><img fetchpriority=\"high\" decoding=\"async\" width=\"1024\" height=\"576\" src=\"https:\/\/goias.gov.br\/cultura\/wp-content\/uploads\/sites\/25\/2025\/01\/GRC_Trecho-do-filme.03-1024x576.jpg\" alt=\"\" class=\"wp-image-98481\" srcset=\"https:\/\/goias.gov.br\/cultura\/wp-content\/uploads\/sites\/25\/2025\/01\/GRC_Trecho-do-filme.03-1024x576.jpg 1024w, https:\/\/goias.gov.br\/cultura\/wp-content\/uploads\/sites\/25\/2025\/01\/GRC_Trecho-do-filme.03-300x169.jpg 300w, https:\/\/goias.gov.br\/cultura\/wp-content\/uploads\/sites\/25\/2025\/01\/GRC_Trecho-do-filme.03-768x432.jpg 768w, https:\/\/goias.gov.br\/cultura\/wp-content\/uploads\/sites\/25\/2025\/01\/GRC_Trecho-do-filme.03-1536x864.jpg 1536w, https:\/\/goias.gov.br\/cultura\/wp-content\/uploads\/sites\/25\/2025\/01\/GRC_Trecho-do-filme.03-1320x743.jpg 1320w, https:\/\/goias.gov.br\/cultura\/wp-content\/uploads\/sites\/25\/2025\/01\/GRC_Trecho-do-filme.03.jpg 1920w\" sizes=\"(max-width: 1024px) 100vw, 1024px\" \/><\/figure>\n\n\n\n<p class=\"has-text-align-center\"><em>\u201cGoi\u00e2nia Rock City\u201d mergulha no cen\u00e1rio musical goiano desde o in\u00edcio dos anos 2000. Longa foi contemplado pela lei federal Paulo Gustavo, operacionalizada pela Secult Goi\u00e1s<\/em><\/p>\n\n\n\n<p>A hist\u00f3ria da cena musical independente goiana, considerada uma das mais criativas e reconhecidas do Brasil, \u00e9 contada por quem a construiu e viveu de perto, no document\u00e1rio \u201cGoi\u00e2nia Rock City\u201d. O longa-metragem, que foi realizado com recursos da Lei Paulo Gustavo, do Governo Federal, operacionalizada pela Secretaria de Estado da Cultura, estreia na pr\u00f3xima sexta-feira (24\/01), \u00e0s 21 horas, no Cine Ritz.<\/p>\n\n\n\n<p>Dirigido por Th\u00e9o Farah, o filme mergulha no cen\u00e1rio musical goiano desde o in\u00edcio dos anos 2000 e retrata a evolu\u00e7\u00e3o do rock na capital. Com a participa\u00e7\u00e3o de 27 entrevistados, \u201cGoi\u00e2nia Rock City\u201d recria um per\u00edodo efervescente da cidade, e apresenta o surgimento das bandas mais importantes da \u00e9poca, e dos espa\u00e7os culturais, festivais e selos musicais que ajudaram na consolida\u00e7\u00e3o da cena rock local.<\/p>\n\n\n\n<p>Com um esbo\u00e7o do roteiro engavetado desde 2014, Th\u00e9o Farah conta que sempre sentiu falta deste per\u00edodo n\u00e3o ter sido abordado de maneira mais completa em nenhuma produ\u00e7\u00e3o local. \u201cAchei que contar esta hist\u00f3ria seria uma forma de eternizar um momento t\u00e3o importante para a m\u00fasica goiana e brasileira\u201d, diz.<\/p>\n\n\n\n<p>Momentos hist\u00f3ricos como o Rock Pelo Niemeyer e o dia do rock na Pecu\u00e1ria de Goi\u00e2nia s\u00e3o exemplos de fatos relembrados ao longo do filme. Entre os entrevistados est\u00e3o membros de bandas como Mechanics, MQN, Black Drawing Chalks, Hellbenders, Girlie Hell e Rollin Chamas. O document\u00e1rio tamb\u00e9m aborda a diversifica\u00e7\u00e3o da m\u00fasica goiana, explorando g\u00eaneros desde o metal e hardcore at\u00e9 o hip hop.<\/p>\n\n\n\n<p>Outro ponto de destaque da produ\u00e7\u00e3o \u00e9 o Centro Cultural Martim Cerer\u00ea, unidade da Secult que faz parte da hist\u00f3ria da cena do rock e da m\u00fasica independente em Goi\u00e2nia. Festivais como Vaca Amarela, Goi\u00e2nia Noise e Bananada t\u00eam suas ra\u00edzes no Cerer\u00ea, que foi o primeiro palco de muitos artistas e bandas da capital.<\/p>\n\n\n\n<p>\u201cFalar de rock numa terra historicamente dominada pelo sertanejo \u00e9 muito dif\u00edcil e, at\u00e9 certo ponto, subversivo\u201d, aponta Th\u00e9o Farah. \u201cO rock nada mais \u00e9 do que subvers\u00e3o, nadar contra a mar\u00e9 e lutar por um ideal. Ent\u00e3o eu creio que o filme Goi\u00e2nia Rock City j\u00e1 nasceu l\u00e1 atr\u00e1s com uma ess\u00eancia roqueira e que tem o papel de espalhar esta atitude rock and roll mundo afora\u201d, destaca.<\/p>\n\n\n\n<p><strong>Servi\u00e7o<\/strong>:<br><strong>Lan\u00e7amento do document\u00e1rio \u201cGoi\u00e2nia Rock City\u201d<br><\/strong>Data: sexta-feira (24\/01\/2025)<br>Hor\u00e1rio: 21h<br>Local: Cine Ritz (Rua 8, Centro de Goi\u00e2nia)<br>Ingressos: gratuitos, com retirada via Sympla (esgotados)<\/p>\n\n\n\n<p><em>Foto: Divulga\u00e7\u00e3o<\/em><\/p>\n\n\n\n<p><strong>Secretaria de Estado da Cultura \u2013 Governo de Goi\u00e1s<\/strong><\/p>\n","protected":false},"excerpt":{"rendered":"<p>\u201cGoi\u00e2nia Rock City\u201d mergulha no cen\u00e1rio musical goiano desde o in\u00edcio dos anos 2000. Longa foi contemplado pela lei federal Paulo Gustavo, operacionalizada pela Secult Goi\u00e1s A hist\u00f3ria da cena musical independente goiana, considerada uma das mais criativas e reconhecidas do Brasil, \u00e9 contada por quem a construiu e viveu de perto, no document\u00e1rio \u201cGoi\u00e2nia [&hellip;]<\/p>\n","protected":false},"author":396,"featured_media":98481,"comment_status":"closed","ping_status":"open","sticky":false,"template":"","format":"standard","meta":{"footnotes":""},"categories":[367,339],"tags":[],"class_list":["post-98480","post","type-post","status-publish","format-standard","has-post-thumbnail","hentry","category-lei-paulo-gustavo","category-noticias"],"rttpg_featured_image_url":{"full":["https:\/\/goias.gov.br\/cultura\/wp-content\/uploads\/sites\/25\/2025\/01\/GRC_Trecho-do-filme.03.jpg",1920,1080,false],"landscape":["https:\/\/goias.gov.br\/cultura\/wp-content\/uploads\/sites\/25\/2025\/01\/GRC_Trecho-do-filme.03.jpg",1920,1080,false],"portraits":["https:\/\/goias.gov.br\/cultura\/wp-content\/uploads\/sites\/25\/2025\/01\/GRC_Trecho-do-filme.03.jpg",1920,1080,false],"thumbnail":["https:\/\/goias.gov.br\/cultura\/wp-content\/uploads\/sites\/25\/2025\/01\/GRC_Trecho-do-filme.03-150x150.jpg",150,150,true],"medium":["https:\/\/goias.gov.br\/cultura\/wp-content\/uploads\/sites\/25\/2025\/01\/GRC_Trecho-do-filme.03-300x169.jpg",300,169,true],"large":["https:\/\/goias.gov.br\/cultura\/wp-content\/uploads\/sites\/25\/2025\/01\/GRC_Trecho-do-filme.03-1024x576.jpg",1024,576,true],"1536x1536":["https:\/\/goias.gov.br\/cultura\/wp-content\/uploads\/sites\/25\/2025\/01\/GRC_Trecho-do-filme.03-1536x864.jpg",1536,864,true],"2048x2048":["https:\/\/goias.gov.br\/cultura\/wp-content\/uploads\/sites\/25\/2025\/01\/GRC_Trecho-do-filme.03.jpg",1920,1080,false],"mailpoet_newsletter_max":["https:\/\/goias.gov.br\/cultura\/wp-content\/uploads\/sites\/25\/2025\/01\/GRC_Trecho-do-filme.03-1320x743.jpg",1320,743,true]},"rttpg_author":{"display_name":"giovanaalmeida","author_link":"https:\/\/goias.gov.br\/cultura\/author\/giovanaalmeida\/"},"rttpg_comment":0,"rttpg_category":"<a href=\"https:\/\/goias.gov.br\/cultura\/categoria\/lei-paulo-gustavo\/\" rel=\"category tag\">Lei Paulo Gustavo<\/a> <a href=\"https:\/\/goias.gov.br\/cultura\/categoria\/noticias\/\" rel=\"category tag\">Not\u00edcias<\/a>","rttpg_excerpt":"\u201cGoi\u00e2nia Rock City\u201d mergulha no cen\u00e1rio musical goiano desde o in\u00edcio dos anos 2000. Longa foi contemplado pela lei federal Paulo Gustavo, operacionalizada pela Secult Goi\u00e1s A hist\u00f3ria da cena musical independente goiana, considerada uma das mais criativas e reconhecidas do Brasil, \u00e9 contada por quem a construiu e viveu de perto, no document\u00e1rio \u201cGoi\u00e2nia&hellip;","_links":{"self":[{"href":"https:\/\/goias.gov.br\/cultura\/wp-json\/wp\/v2\/posts\/98480","targetHints":{"allow":["GET"]}}],"collection":[{"href":"https:\/\/goias.gov.br\/cultura\/wp-json\/wp\/v2\/posts"}],"about":[{"href":"https:\/\/goias.gov.br\/cultura\/wp-json\/wp\/v2\/types\/post"}],"author":[{"embeddable":true,"href":"https:\/\/goias.gov.br\/cultura\/wp-json\/wp\/v2\/users\/396"}],"replies":[{"embeddable":true,"href":"https:\/\/goias.gov.br\/cultura\/wp-json\/wp\/v2\/comments?post=98480"}],"version-history":[{"count":1,"href":"https:\/\/goias.gov.br\/cultura\/wp-json\/wp\/v2\/posts\/98480\/revisions"}],"predecessor-version":[{"id":98482,"href":"https:\/\/goias.gov.br\/cultura\/wp-json\/wp\/v2\/posts\/98480\/revisions\/98482"}],"wp:featuredmedia":[{"embeddable":true,"href":"https:\/\/goias.gov.br\/cultura\/wp-json\/wp\/v2\/media\/98481"}],"wp:attachment":[{"href":"https:\/\/goias.gov.br\/cultura\/wp-json\/wp\/v2\/media?parent=98480"}],"wp:term":[{"taxonomy":"category","embeddable":true,"href":"https:\/\/goias.gov.br\/cultura\/wp-json\/wp\/v2\/categories?post=98480"},{"taxonomy":"post_tag","embeddable":true,"href":"https:\/\/goias.gov.br\/cultura\/wp-json\/wp\/v2\/tags?post=98480"}],"curies":[{"name":"wp","href":"https:\/\/api.w.org\/{rel}","templated":true}]}}