

{"id":350485,"date":"2026-04-08T14:34:40","date_gmt":"2026-04-08T17:34:40","guid":{"rendered":"https:\/\/goias.gov.br\/cultura\/?p=350485"},"modified":"2026-04-09T14:21:32","modified_gmt":"2026-04-09T17:21:32","slug":"vila-cultural-cora-coralina-sera-ponto-de-votacao-das-eleicoes-gerais-do-peru-em-goiania","status":"publish","type":"post","link":"https:\/\/goias.gov.br\/cultura\/vila-cultural-cora-coralina-sera-ponto-de-votacao-das-eleicoes-gerais-do-peru-em-goiania\/","title":{"rendered":"Vila Cultural Cora Coralina ser\u00e1 ponto de vota\u00e7\u00e3o das elei\u00e7\u00f5es gerais do Peru em Goi\u00e2nia"},"content":{"rendered":"\n<figure class=\"wp-block-gallery has-nested-images columns-default is-cropped wp-block-gallery-1 is-layout-flex wp-block-gallery-is-layout-flex\">\n<figure class=\"wp-block-image size-large\"><img fetchpriority=\"high\" decoding=\"async\" width=\"1024\" height=\"682\" data-id=\"350491\" src=\"https:\/\/goias.gov.br\/cultura\/wp-content\/uploads\/sites\/25\/2026\/04\/WhatsApp-Image-2026-04-08-at-14.26.11-1024x682.jpeg\" alt=\"\" class=\"wp-image-350491\" srcset=\"https:\/\/goias.gov.br\/cultura\/wp-content\/uploads\/sites\/25\/2026\/04\/WhatsApp-Image-2026-04-08-at-14.26.11-1024x682.jpeg 1024w, https:\/\/goias.gov.br\/cultura\/wp-content\/uploads\/sites\/25\/2026\/04\/WhatsApp-Image-2026-04-08-at-14.26.11-300x200.jpeg 300w, https:\/\/goias.gov.br\/cultura\/wp-content\/uploads\/sites\/25\/2026\/04\/WhatsApp-Image-2026-04-08-at-14.26.11-768x512.jpeg 768w, https:\/\/goias.gov.br\/cultura\/wp-content\/uploads\/sites\/25\/2026\/04\/WhatsApp-Image-2026-04-08-at-14.26.11-1536x1023.jpeg 1536w, https:\/\/goias.gov.br\/cultura\/wp-content\/uploads\/sites\/25\/2026\/04\/WhatsApp-Image-2026-04-08-at-14.26.11-1320x879.jpeg 1320w, https:\/\/goias.gov.br\/cultura\/wp-content\/uploads\/sites\/25\/2026\/04\/WhatsApp-Image-2026-04-08-at-14.26.11.jpeg 1600w\" sizes=\"(max-width: 1024px) 100vw, 1024px\" \/><figcaption class=\"wp-element-caption\">Vila Cultural Cora Coralina ser\u00e1 ponto de vota\u00e7\u00e3o das elei\u00e7\u00f5es gerais do Peru em Goi\u00e2nia neste s\u00e1bado (12\/4), das 8h \u00e0s 17h<\/figcaption><\/figure>\n\n\n\n<figure class=\"wp-block-image size-large\"><img decoding=\"async\" width=\"1024\" height=\"703\" data-id=\"350493\" src=\"https:\/\/goias.gov.br\/cultura\/wp-content\/uploads\/sites\/25\/2026\/04\/WhatsApp-Image-2026-04-08-at-14.26.10-1024x703.jpeg\" alt=\"\" class=\"wp-image-350493\" srcset=\"https:\/\/goias.gov.br\/cultura\/wp-content\/uploads\/sites\/25\/2026\/04\/WhatsApp-Image-2026-04-08-at-14.26.10-1024x703.jpeg 1024w, https:\/\/goias.gov.br\/cultura\/wp-content\/uploads\/sites\/25\/2026\/04\/WhatsApp-Image-2026-04-08-at-14.26.10-300x206.jpeg 300w, https:\/\/goias.gov.br\/cultura\/wp-content\/uploads\/sites\/25\/2026\/04\/WhatsApp-Image-2026-04-08-at-14.26.10-768x528.jpeg 768w, https:\/\/goias.gov.br\/cultura\/wp-content\/uploads\/sites\/25\/2026\/04\/WhatsApp-Image-2026-04-08-at-14.26.10-1536x1055.jpeg 1536w, https:\/\/goias.gov.br\/cultura\/wp-content\/uploads\/sites\/25\/2026\/04\/WhatsApp-Image-2026-04-08-at-14.26.10-1320x907.jpeg 1320w, https:\/\/goias.gov.br\/cultura\/wp-content\/uploads\/sites\/25\/2026\/04\/WhatsApp-Image-2026-04-08-at-14.26.10.jpeg 1600w\" sizes=\"(max-width: 1024px) 100vw, 1024px\" \/><\/figure>\n<\/figure>\n\n\n\n<p class=\"has-text-align-center\"><em>Comunidade peruana que reside na capital participa do primeiro turno neste domingo (12\/4), na Sala Multim\u00eddias Jo\u00e3o Bennio<\/em><\/p>\n\n\n\n<p>A Vila Cultural Cora Coralina, unidade da Secretaria de Estado da Cultura (Secult) do Governo de Goi\u00e1s, recebe, neste domingo (12\/4), o primeiro turno das elei\u00e7\u00f5es gerais do Peru. A expectativa \u00e9 atender cerca de 270 eleitores peruanos residentes na capital goiana. Em caso de segundo turno, a vota\u00e7\u00e3o ser\u00e1 realizada em junho. O hor\u00e1rio da vota\u00e7\u00e3o ser\u00e1 das 8h \u00e0s 17h, quando fecha a unidade.<\/p>\n\n\n\n<p>A Secult confirmou a cess\u00e3o da Sala Multim\u00eddia Jo\u00e3o Bennio para o pleito ap\u00f3s pedido formal da Embaixada do Peru no Brasil, que realizou visita t\u00e9cnica acompanhada pelo Gabinete de Assuntos Institucionais. A Se\u00e7\u00e3o Consular da Embaixada, sob responsabilidade do primeiro-secret\u00e1rio Alejandro Paredes, ficar\u00e1 encarregada de toda a infraestrutura necess\u00e1ria, incluindo contrata\u00e7\u00e3o de equipe, limpeza e devolu\u00e7\u00e3o do espa\u00e7o em perfeitas condi\u00e7\u00f5es.<\/p>\n\n\n\n<p><strong>Exposi\u00e7\u00e3o no Museu da Imagem e do Som<\/strong><br><\/p>\n\n\n\n<figure class=\"wp-block-gallery has-nested-images columns-default is-cropped wp-block-gallery-2 is-layout-flex wp-block-gallery-is-layout-flex\">\n<figure class=\"wp-block-image size-large\"><img decoding=\"async\" width=\"1024\" height=\"682\" data-id=\"350518\" src=\"https:\/\/goias.gov.br\/cultura\/wp-content\/uploads\/sites\/25\/2026\/04\/WhatsApp-Image-2026-04-08-at-14.26.14-1-1024x682.jpeg\" alt=\"\" class=\"wp-image-350518\" srcset=\"https:\/\/goias.gov.br\/cultura\/wp-content\/uploads\/sites\/25\/2026\/04\/WhatsApp-Image-2026-04-08-at-14.26.14-1-1024x682.jpeg 1024w, https:\/\/goias.gov.br\/cultura\/wp-content\/uploads\/sites\/25\/2026\/04\/WhatsApp-Image-2026-04-08-at-14.26.14-1-300x200.jpeg 300w, https:\/\/goias.gov.br\/cultura\/wp-content\/uploads\/sites\/25\/2026\/04\/WhatsApp-Image-2026-04-08-at-14.26.14-1-768x512.jpeg 768w, https:\/\/goias.gov.br\/cultura\/wp-content\/uploads\/sites\/25\/2026\/04\/WhatsApp-Image-2026-04-08-at-14.26.14-1-1536x1024.jpeg 1536w, https:\/\/goias.gov.br\/cultura\/wp-content\/uploads\/sites\/25\/2026\/04\/WhatsApp-Image-2026-04-08-at-14.26.14-1-2048x1365.jpeg 2048w, https:\/\/goias.gov.br\/cultura\/wp-content\/uploads\/sites\/25\/2026\/04\/WhatsApp-Image-2026-04-08-at-14.26.14-1-1320x880.jpeg 1320w\" sizes=\"(max-width: 1024px) 100vw, 1024px\" \/><\/figure>\n\n\n\n<figure class=\"wp-block-image size-large\"><img loading=\"lazy\" decoding=\"async\" width=\"1024\" height=\"682\" data-id=\"350519\" src=\"https:\/\/goias.gov.br\/cultura\/wp-content\/uploads\/sites\/25\/2026\/04\/WhatsApp-Image-2026-04-08-at-14.26.13-1024x682.jpeg\" alt=\"\" class=\"wp-image-350519\" srcset=\"https:\/\/goias.gov.br\/cultura\/wp-content\/uploads\/sites\/25\/2026\/04\/WhatsApp-Image-2026-04-08-at-14.26.13-1024x682.jpeg 1024w, https:\/\/goias.gov.br\/cultura\/wp-content\/uploads\/sites\/25\/2026\/04\/WhatsApp-Image-2026-04-08-at-14.26.13-300x200.jpeg 300w, https:\/\/goias.gov.br\/cultura\/wp-content\/uploads\/sites\/25\/2026\/04\/WhatsApp-Image-2026-04-08-at-14.26.13-768x512.jpeg 768w, https:\/\/goias.gov.br\/cultura\/wp-content\/uploads\/sites\/25\/2026\/04\/WhatsApp-Image-2026-04-08-at-14.26.13-1536x1023.jpeg 1536w, https:\/\/goias.gov.br\/cultura\/wp-content\/uploads\/sites\/25\/2026\/04\/WhatsApp-Image-2026-04-08-at-14.26.13-1320x879.jpeg 1320w, https:\/\/goias.gov.br\/cultura\/wp-content\/uploads\/sites\/25\/2026\/04\/WhatsApp-Image-2026-04-08-at-14.26.13.jpeg 1600w\" sizes=\"(max-width: 1024px) 100vw, 1024px\" \/><figcaption class=\"wp-element-caption\">Museu da Imagem e Som de Goi\u00e1s sedia mostra fotogr\u00e1fica &#8220;O Grande Caminho Inca&#8221;, promovida pela Embaixada do Peru no Brasil<\/figcaption><\/figure>\n<\/figure>\n\n\n\n<p>Simultaneamente, o Museu da Imagem e do Som de Goi\u00e1s (MIS) sedia a mostra fotogr\u00e1fica \u201cO Grande Caminho Inca\u201d, promovida pela Embaixada do Peru no Brasil, em cartaz at\u00e9 23 de maio. A exposi\u00e7\u00e3o re\u00fane 35 fotografias que retratam a import\u00e2ncia cultural, social e hist\u00f3rica do Qhapaq \u00d1an, o complexo sistema de caminhos que conectou povos do Peru, Equador, Col\u00f4mbia, Bol\u00edvia, Chile e Argentina.<\/p>\n\n\n\n<p>Entre os destaques da mostra est\u00e3o registros da Ponte Q\u2019eswachaka, em Cusco, renovada anualmente de forma coletiva por comunidades locais; a Pra\u00e7a de Armas de Cusco, ponto de partida para os quatro suyos; o Templo do Sol, em Tumbes, que marcava o in\u00edcio do Caminho das Plan\u00edcies; al\u00e9m de cenas cotidianas de camponeses e crian\u00e7as que ainda percorrem trechos do caminho, mantendo viva a tradi\u00e7\u00e3o ancestral.<\/p>\n\n\n\n<p>O MIS fica localizado no Centro Cultural Marieta Telles Machado, na Pra\u00e7a C\u00edvica. A galeria de exposi\u00e7\u00f5es funciona de segunda a sexta-feira, das 9h \u00e0s 17h, e aos s\u00e1bados, das 9h \u00e0s 13h, com entrada gratuita.<\/p>\n\n\n\n<p><strong>Fotos: <\/strong>Secult<\/p>\n","protected":false},"excerpt":{"rendered":"<p>Comunidade peruana que reside na capital participa do primeiro turno neste domingo (12\/4), na Sala Multim\u00eddias Jo\u00e3o Bennio A Vila Cultural Cora Coralina, unidade da Secretaria de Estado da Cultura (Secult) do Governo de Goi\u00e1s, recebe, neste domingo (12\/4), o primeiro turno das elei\u00e7\u00f5es gerais do Peru. A expectativa \u00e9 atender cerca de 270 eleitores [&hellip;]<\/p>\n","protected":false},"author":799,"featured_media":350534,"comment_status":"closed","ping_status":"open","sticky":false,"template":"","format":"standard","meta":{"footnotes":""},"categories":[339],"tags":[484,483,485],"class_list":["post-350485","post","type-post","status-publish","format-standard","has-post-thumbnail","hentry","category-noticias","tag-eleicoes","tag-peru","tag-votacao"],"rttpg_featured_image_url":{"full":["https:\/\/goias.gov.br\/cultura\/wp-content\/uploads\/sites\/25\/2026\/04\/WhatsApp-Image-2026-04-08-at-14.26.11-1.jpeg",1600,1066,false],"landscape":["https:\/\/goias.gov.br\/cultura\/wp-content\/uploads\/sites\/25\/2026\/04\/WhatsApp-Image-2026-04-08-at-14.26.11-1.jpeg",1600,1066,false],"portraits":["https:\/\/goias.gov.br\/cultura\/wp-content\/uploads\/sites\/25\/2026\/04\/WhatsApp-Image-2026-04-08-at-14.26.11-1.jpeg",1600,1066,false],"thumbnail":["https:\/\/goias.gov.br\/cultura\/wp-content\/uploads\/sites\/25\/2026\/04\/WhatsApp-Image-2026-04-08-at-14.26.11-1-150x150.jpeg",150,150,true],"medium":["https:\/\/goias.gov.br\/cultura\/wp-content\/uploads\/sites\/25\/2026\/04\/WhatsApp-Image-2026-04-08-at-14.26.11-1-300x200.jpeg",300,200,true],"large":["https:\/\/goias.gov.br\/cultura\/wp-content\/uploads\/sites\/25\/2026\/04\/WhatsApp-Image-2026-04-08-at-14.26.11-1-1024x682.jpeg",1024,682,true],"1536x1536":["https:\/\/goias.gov.br\/cultura\/wp-content\/uploads\/sites\/25\/2026\/04\/WhatsApp-Image-2026-04-08-at-14.26.11-1-1536x1023.jpeg",1536,1023,true],"2048x2048":["https:\/\/goias.gov.br\/cultura\/wp-content\/uploads\/sites\/25\/2026\/04\/WhatsApp-Image-2026-04-08-at-14.26.11-1.jpeg",1600,1066,false],"mailpoet_newsletter_max":["https:\/\/goias.gov.br\/cultura\/wp-content\/uploads\/sites\/25\/2026\/04\/WhatsApp-Image-2026-04-08-at-14.26.11-1-1320x879.jpeg",1320,879,true]},"rttpg_author":{"display_name":"matheusomoreira","author_link":"https:\/\/goias.gov.br\/cultura\/author\/matheusomoreira\/"},"rttpg_comment":0,"rttpg_category":"<a href=\"https:\/\/goias.gov.br\/cultura\/categoria\/noticias\/\" rel=\"category tag\">Not\u00edcias<\/a>","rttpg_excerpt":"Comunidade peruana que reside na capital participa do primeiro turno neste domingo (12\/4), na Sala Multim\u00eddias Jo\u00e3o Bennio A Vila Cultural Cora Coralina, unidade da Secretaria de Estado da Cultura (Secult) do Governo de Goi\u00e1s, recebe, neste domingo (12\/4), o primeiro turno das elei\u00e7\u00f5es gerais do Peru. A expectativa \u00e9 atender cerca de 270 eleitores&hellip;","_links":{"self":[{"href":"https:\/\/goias.gov.br\/cultura\/wp-json\/wp\/v2\/posts\/350485","targetHints":{"allow":["GET"]}}],"collection":[{"href":"https:\/\/goias.gov.br\/cultura\/wp-json\/wp\/v2\/posts"}],"about":[{"href":"https:\/\/goias.gov.br\/cultura\/wp-json\/wp\/v2\/types\/post"}],"author":[{"embeddable":true,"href":"https:\/\/goias.gov.br\/cultura\/wp-json\/wp\/v2\/users\/799"}],"replies":[{"embeddable":true,"href":"https:\/\/goias.gov.br\/cultura\/wp-json\/wp\/v2\/comments?post=350485"}],"version-history":[{"count":2,"href":"https:\/\/goias.gov.br\/cultura\/wp-json\/wp\/v2\/posts\/350485\/revisions"}],"predecessor-version":[{"id":350703,"href":"https:\/\/goias.gov.br\/cultura\/wp-json\/wp\/v2\/posts\/350485\/revisions\/350703"}],"wp:featuredmedia":[{"embeddable":true,"href":"https:\/\/goias.gov.br\/cultura\/wp-json\/wp\/v2\/media\/350534"}],"wp:attachment":[{"href":"https:\/\/goias.gov.br\/cultura\/wp-json\/wp\/v2\/media?parent=350485"}],"wp:term":[{"taxonomy":"category","embeddable":true,"href":"https:\/\/goias.gov.br\/cultura\/wp-json\/wp\/v2\/categories?post=350485"},{"taxonomy":"post_tag","embeddable":true,"href":"https:\/\/goias.gov.br\/cultura\/wp-json\/wp\/v2\/tags?post=350485"}],"curies":[{"name":"wp","href":"https:\/\/api.w.org\/{rel}","templated":true}]}}