

{"id":349840,"date":"2026-04-08T10:35:06","date_gmt":"2026-04-08T13:35:06","guid":{"rendered":"https:\/\/goias.gov.br\/cultura\/?p=349840"},"modified":"2026-04-08T10:35:06","modified_gmt":"2026-04-08T13:35:06","slug":"estreias-internacionais-e-classico-cult-marcam-a-nova-semana-do-cine-cultura","status":"publish","type":"post","link":"https:\/\/goias.gov.br\/cultura\/estreias-internacionais-e-classico-cult-marcam-a-nova-semana-do-cine-cultura\/","title":{"rendered":"Estreias internacionais e cl\u00e1ssico cult marcam a nova semana do Cine Cultura"},"content":{"rendered":"\n<figure class=\"wp-block-gallery has-nested-images columns-default is-cropped wp-block-gallery-1 is-layout-flex wp-block-gallery-is-layout-flex\">\n<figure class=\"wp-block-image size-large\"><img fetchpriority=\"high\" decoding=\"async\" width=\"1024\" height=\"682\" data-id=\"349848\" src=\"https:\/\/goias.gov.br\/cultura\/wp-content\/uploads\/sites\/25\/2026\/04\/a-pior-pessoa-do-mundo-especial-1024x682.jpg\" alt=\"\" class=\"wp-image-349848\" srcset=\"https:\/\/goias.gov.br\/cultura\/wp-content\/uploads\/sites\/25\/2026\/04\/a-pior-pessoa-do-mundo-especial-1024x682.jpg 1024w, https:\/\/goias.gov.br\/cultura\/wp-content\/uploads\/sites\/25\/2026\/04\/a-pior-pessoa-do-mundo-especial-300x200.jpg 300w, https:\/\/goias.gov.br\/cultura\/wp-content\/uploads\/sites\/25\/2026\/04\/a-pior-pessoa-do-mundo-especial-768x512.jpg 768w, https:\/\/goias.gov.br\/cultura\/wp-content\/uploads\/sites\/25\/2026\/04\/a-pior-pessoa-do-mundo-especial-1536x1023.jpg 1536w, https:\/\/goias.gov.br\/cultura\/wp-content\/uploads\/sites\/25\/2026\/04\/a-pior-pessoa-do-mundo-especial-2048x1364.jpg 2048w, https:\/\/goias.gov.br\/cultura\/wp-content\/uploads\/sites\/25\/2026\/04\/a-pior-pessoa-do-mundo-especial-1320x879.jpg 1320w\" sizes=\"(max-width: 1024px) 100vw, 1024px\" \/><figcaption class=\"wp-element-caption\">A Pior Pessoa do Mundo<\/figcaption><\/figure>\n\n\n\n<figure class=\"wp-block-image size-large\"><img decoding=\"async\" width=\"1024\" height=\"500\" data-id=\"349850\" src=\"https:\/\/goias.gov.br\/cultura\/wp-content\/uploads\/sites\/25\/2026\/04\/pai-mae-irma-irmao-filme-estreia-1024x500.jpg\" alt=\"\" class=\"wp-image-349850\" srcset=\"https:\/\/goias.gov.br\/cultura\/wp-content\/uploads\/sites\/25\/2026\/04\/pai-mae-irma-irmao-filme-estreia-1024x500.jpg 1024w, https:\/\/goias.gov.br\/cultura\/wp-content\/uploads\/sites\/25\/2026\/04\/pai-mae-irma-irmao-filme-estreia-300x146.jpg 300w, https:\/\/goias.gov.br\/cultura\/wp-content\/uploads\/sites\/25\/2026\/04\/pai-mae-irma-irmao-filme-estreia-768x375.jpg 768w, https:\/\/goias.gov.br\/cultura\/wp-content\/uploads\/sites\/25\/2026\/04\/pai-mae-irma-irmao-filme-estreia-1536x750.jpg 1536w, https:\/\/goias.gov.br\/cultura\/wp-content\/uploads\/sites\/25\/2026\/04\/pai-mae-irma-irmao-filme-estreia-1320x644.jpg 1320w, https:\/\/goias.gov.br\/cultura\/wp-content\/uploads\/sites\/25\/2026\/04\/pai-mae-irma-irmao-filme-estreia.jpg 2000w\" sizes=\"(max-width: 1024px) 100vw, 1024px\" \/><figcaption class=\"wp-element-caption\">Pai M\u00e3e Irm\u00e3 Irm\u00e3o<\/figcaption><\/figure>\n\n\n\n<figure class=\"wp-block-image size-large\"><img decoding=\"async\" width=\"1024\" height=\"683\" data-id=\"349849\" src=\"https:\/\/goias.gov.br\/cultura\/wp-content\/uploads\/sites\/25\/2026\/04\/a-mulher-mais-rica-do-mundo-2-1024x683.jpg\" alt=\"\" class=\"wp-image-349849\" srcset=\"https:\/\/goias.gov.br\/cultura\/wp-content\/uploads\/sites\/25\/2026\/04\/a-mulher-mais-rica-do-mundo-2-1024x683.jpg 1024w, https:\/\/goias.gov.br\/cultura\/wp-content\/uploads\/sites\/25\/2026\/04\/a-mulher-mais-rica-do-mundo-2-300x200.jpg 300w, https:\/\/goias.gov.br\/cultura\/wp-content\/uploads\/sites\/25\/2026\/04\/a-mulher-mais-rica-do-mundo-2-768x512.jpg 768w, https:\/\/goias.gov.br\/cultura\/wp-content\/uploads\/sites\/25\/2026\/04\/a-mulher-mais-rica-do-mundo-2.jpg 1280w\" sizes=\"(max-width: 1024px) 100vw, 1024px\" \/><figcaption class=\"wp-element-caption\">A Mulher Mais Rica do Mundo<\/figcaption><\/figure>\n<\/figure>\n\n\n\n<p class=\"has-text-align-center\"><em>Destaque para novo filme de Jim Jarmusch, sess\u00f5es especiais e homenagem a Joachim Trier<\/em><\/p>\n\n\n\n<p>O Cine Cultura traz, nesta quinta-feira (9\/4), o lan\u00e7amento de dois longas-metragens que dialogam com diferentes estilos e propostas narrativas. Entre os destaques est\u00e1 \u201cPai M\u00e3e Irm\u00e3 Irm\u00e3o\u201d, novo trabalho do diretor Jim Jarmusch. O filme explora as rela\u00e7\u00f5es familiares e afetivas por meio de uma abordagem sens\u00edvel e fragmentada, caracter\u00edstica do cineasta.<\/p>\n\n\n\n<p>Outra estreia \u00e9 \u201cA Mulher Mais Rica do Mundo\u201d, com\u00e9dia dram\u00e1tica protagonizada por Isabelle Huppert, uma das grandes refer\u00eancias do cinema europeu contempor\u00e2neo. Inspirado em fatos reais e exibido no Festival de Cannes 2025, o longa constr\u00f3i uma narrativa que transita entre ironia e cr\u00edtica social, acompanhando os dilemas e contradi\u00e7\u00f5es de uma mulher inserida em um contexto de poder e privil\u00e9gio.<\/p>\n\n\n\n<p>A programa\u00e7\u00e3o tamb\u00e9m reserva espa\u00e7o para uma homenagem ao cineasta noruegu\u00eas Joachim Trier, com duas sess\u00f5es exclusivas de \u201cA Pior Pessoa do Mundo\u201d, exibidas na quinta-feira (9\/4), \u00e0s 17h e s\u00e1bado (11\/4) \u00e0s 11h. O filme, considerado um marco na filmografia do diretor, acompanha as inquieta\u00e7\u00f5es de uma jovem adulta em busca de sentido em meio \u00e0s incertezas da vida contempor\u00e2nea, consolidando Trier como um dos nomes mais relevantes do cinema atual.<\/p>\n\n\n\n<p>A sala tamb\u00e9m retorna com o Cl\u00e1ssicos do Cultura no domingo (12\/4), \u00e0s 20h, com a produ\u00e7\u00e3o \u201cO Escondido\u201d (1987), dirigido por Jack Sholder. A obra combina elementos de a\u00e7\u00e3o e fic\u00e7\u00e3o cient\u00edfica em uma narrativa marcada pelo suspense, ambientada em uma cidade atravessada por viol\u00eancia e mist\u00e9rio.<\/p>\n\n\n\n<p>Permanecem em cartaz o terror nacional \u201cBarba Ensopada de Sangue\u201d, adapta\u00e7\u00e3o do romance de Daniel Galera, que investiga identidade e pertencimento em uma atmosfera densa e inquietante, e \u201cA Cronologia da \u00c1gua\u201d, estreia na dire\u00e7\u00e3o da atriz Kristen Stewart, baseada na obra autobiogr\u00e1fica de Lidia Yuknavitch.<\/p>\n\n\n\n<p>A semana \u00e9 marcada ainda pelo encerramento de dois t\u00edtulos. \u201cA Noiva!\u201d realiza sua \u00faltima exibi\u00e7\u00e3o na quarta-feira (15\/4), \u00e0s 19h, concluindo sua releitura contempor\u00e2nea do universo de Frankenstein. J\u00e1 no domingo (12\/4), \u201cA Pequena Am\u00e9lie\u201d, em vers\u00e3o legendada, se despede da programa\u00e7\u00e3o ap\u00f3s apresentar ao p\u00fablico uma narrativa delicada sobre inf\u00e2ncia, afeto e descobertas.<\/p>\n\n\n\n<p>O Cine Cultura funciona no Centro Cultural Marietta Telles Machado, na Pra\u00e7a C\u00edvica, em Goi\u00e2nia. Os ingressos custam R$ 20 (inteira) e R$ 10 (meia), com meia-entrada para todos \u00e0s segundas-feiras. Informa\u00e7\u00f5es completas sobre hor\u00e1rios e sess\u00f5es est\u00e3o dispon\u00edveis nos <a href=\"https:\/\/goias.gov.br\/cultura\/cinemas\/cine-cultura\/\">canais oficiais da unidade<\/a>.<\/p>\n\n\n\n<p><strong>Fotos:<\/strong> Divulga\u00e7\u00e3o<\/p>\n","protected":false},"excerpt":{"rendered":"<p>Destaque para novo filme de Jim Jarmusch, sess\u00f5es especiais e homenagem a Joachim Trier O Cine Cultura traz, nesta quinta-feira (9\/4), o lan\u00e7amento de dois longas-metragens que dialogam com diferentes estilos e propostas narrativas. Entre os destaques est\u00e1 \u201cPai M\u00e3e Irm\u00e3 Irm\u00e3o\u201d, novo trabalho do diretor Jim Jarmusch. O filme explora as rela\u00e7\u00f5es familiares e [&hellip;]<\/p>\n","protected":false},"author":799,"featured_media":349848,"comment_status":"closed","ping_status":"open","sticky":false,"template":"","format":"standard","meta":{"footnotes":""},"categories":[377,339],"tags":[226,321],"class_list":["post-349840","post","type-post","status-publish","format-standard","has-post-thumbnail","hentry","category-cinecultura","category-noticias","tag-cine-cultura","tag-programacao"],"rttpg_featured_image_url":{"full":["https:\/\/goias.gov.br\/cultura\/wp-content\/uploads\/sites\/25\/2026\/04\/a-pior-pessoa-do-mundo-especial.jpg",2400,1599,false],"landscape":["https:\/\/goias.gov.br\/cultura\/wp-content\/uploads\/sites\/25\/2026\/04\/a-pior-pessoa-do-mundo-especial.jpg",2400,1599,false],"portraits":["https:\/\/goias.gov.br\/cultura\/wp-content\/uploads\/sites\/25\/2026\/04\/a-pior-pessoa-do-mundo-especial.jpg",2400,1599,false],"thumbnail":["https:\/\/goias.gov.br\/cultura\/wp-content\/uploads\/sites\/25\/2026\/04\/a-pior-pessoa-do-mundo-especial-150x150.jpg",150,150,true],"medium":["https:\/\/goias.gov.br\/cultura\/wp-content\/uploads\/sites\/25\/2026\/04\/a-pior-pessoa-do-mundo-especial-300x200.jpg",300,200,true],"large":["https:\/\/goias.gov.br\/cultura\/wp-content\/uploads\/sites\/25\/2026\/04\/a-pior-pessoa-do-mundo-especial-1024x682.jpg",1024,682,true],"1536x1536":["https:\/\/goias.gov.br\/cultura\/wp-content\/uploads\/sites\/25\/2026\/04\/a-pior-pessoa-do-mundo-especial-1536x1023.jpg",1536,1023,true],"2048x2048":["https:\/\/goias.gov.br\/cultura\/wp-content\/uploads\/sites\/25\/2026\/04\/a-pior-pessoa-do-mundo-especial-2048x1364.jpg",2048,1364,true],"mailpoet_newsletter_max":["https:\/\/goias.gov.br\/cultura\/wp-content\/uploads\/sites\/25\/2026\/04\/a-pior-pessoa-do-mundo-especial-1320x879.jpg",1320,879,true]},"rttpg_author":{"display_name":"matheusomoreira","author_link":"https:\/\/goias.gov.br\/cultura\/author\/matheusomoreira\/"},"rttpg_comment":0,"rttpg_category":"<a href=\"https:\/\/goias.gov.br\/cultura\/categoria\/cinecultura\/\" rel=\"category tag\">Cine Cultura<\/a> <a href=\"https:\/\/goias.gov.br\/cultura\/categoria\/noticias\/\" rel=\"category tag\">Not\u00edcias<\/a>","rttpg_excerpt":"Destaque para novo filme de Jim Jarmusch, sess\u00f5es especiais e homenagem a Joachim Trier O Cine Cultura traz, nesta quinta-feira (9\/4), o lan\u00e7amento de dois longas-metragens que dialogam com diferentes estilos e propostas narrativas. Entre os destaques est\u00e1 \u201cPai M\u00e3e Irm\u00e3 Irm\u00e3o\u201d, novo trabalho do diretor Jim Jarmusch. O filme explora as rela\u00e7\u00f5es familiares e&hellip;","_links":{"self":[{"href":"https:\/\/goias.gov.br\/cultura\/wp-json\/wp\/v2\/posts\/349840","targetHints":{"allow":["GET"]}}],"collection":[{"href":"https:\/\/goias.gov.br\/cultura\/wp-json\/wp\/v2\/posts"}],"about":[{"href":"https:\/\/goias.gov.br\/cultura\/wp-json\/wp\/v2\/types\/post"}],"author":[{"embeddable":true,"href":"https:\/\/goias.gov.br\/cultura\/wp-json\/wp\/v2\/users\/799"}],"replies":[{"embeddable":true,"href":"https:\/\/goias.gov.br\/cultura\/wp-json\/wp\/v2\/comments?post=349840"}],"version-history":[{"count":1,"href":"https:\/\/goias.gov.br\/cultura\/wp-json\/wp\/v2\/posts\/349840\/revisions"}],"predecessor-version":[{"id":349879,"href":"https:\/\/goias.gov.br\/cultura\/wp-json\/wp\/v2\/posts\/349840\/revisions\/349879"}],"wp:featuredmedia":[{"embeddable":true,"href":"https:\/\/goias.gov.br\/cultura\/wp-json\/wp\/v2\/media\/349848"}],"wp:attachment":[{"href":"https:\/\/goias.gov.br\/cultura\/wp-json\/wp\/v2\/media?parent=349840"}],"wp:term":[{"taxonomy":"category","embeddable":true,"href":"https:\/\/goias.gov.br\/cultura\/wp-json\/wp\/v2\/categories?post=349840"},{"taxonomy":"post_tag","embeddable":true,"href":"https:\/\/goias.gov.br\/cultura\/wp-json\/wp\/v2\/tags?post=349840"}],"curies":[{"name":"wp","href":"https:\/\/api.w.org\/{rel}","templated":true}]}}