

{"id":349358,"date":"2026-04-07T16:07:20","date_gmt":"2026-04-07T19:07:20","guid":{"rendered":"https:\/\/goias.gov.br\/cultura\/?p=349358"},"modified":"2026-04-07T16:07:20","modified_gmt":"2026-04-07T19:07:20","slug":"projeto-pressa-ocupa-praca-do-trt-go-com-danca-intervencao-urbana-e-oficina-gratuitas","status":"publish","type":"post","link":"https:\/\/goias.gov.br\/cultura\/projeto-pressa-ocupa-praca-do-trt-go-com-danca-intervencao-urbana-e-oficina-gratuitas\/","title":{"rendered":"Projeto \u201cPressa\u201d ocupa pra\u00e7a do TRT-GO com dan\u00e7a, interven\u00e7\u00e3o urbana e oficina gratuitas"},"content":{"rendered":"\n<figure class=\"wp-block-gallery has-nested-images columns-default is-cropped wp-block-gallery-1 is-layout-flex wp-block-gallery-is-layout-flex\">\n<figure class=\"wp-block-image size-large\"><img fetchpriority=\"high\" decoding=\"async\" width=\"1024\" height=\"683\" data-id=\"349381\" src=\"https:\/\/goias.gov.br\/cultura\/wp-content\/uploads\/sites\/25\/2026\/04\/24C07BD202-1024x683.jpg\" alt=\"\" class=\"wp-image-349381\" srcset=\"https:\/\/goias.gov.br\/cultura\/wp-content\/uploads\/sites\/25\/2026\/04\/24C07BD202-1024x683.jpg 1024w, https:\/\/goias.gov.br\/cultura\/wp-content\/uploads\/sites\/25\/2026\/04\/24C07BD202-300x200.jpg 300w, https:\/\/goias.gov.br\/cultura\/wp-content\/uploads\/sites\/25\/2026\/04\/24C07BD202-768x512.jpg 768w, https:\/\/goias.gov.br\/cultura\/wp-content\/uploads\/sites\/25\/2026\/04\/24C07BD202-1536x1024.jpg 1536w, https:\/\/goias.gov.br\/cultura\/wp-content\/uploads\/sites\/25\/2026\/04\/24C07BD202-2048x1365.jpg 2048w, https:\/\/goias.gov.br\/cultura\/wp-content\/uploads\/sites\/25\/2026\/04\/24C07BD202-1320x880.jpg 1320w\" sizes=\"(max-width: 1024px) 100vw, 1024px\" \/><\/figure>\n\n\n\n<figure class=\"wp-block-image size-large\"><img decoding=\"async\" width=\"683\" height=\"1024\" data-id=\"349382\" src=\"https:\/\/goias.gov.br\/cultura\/wp-content\/uploads\/sites\/25\/2026\/04\/24C07BD206-683x1024.jpg\" alt=\"\" class=\"wp-image-349382\" srcset=\"https:\/\/goias.gov.br\/cultura\/wp-content\/uploads\/sites\/25\/2026\/04\/24C07BD206-683x1024.jpg 683w, https:\/\/goias.gov.br\/cultura\/wp-content\/uploads\/sites\/25\/2026\/04\/24C07BD206-200x300.jpg 200w, https:\/\/goias.gov.br\/cultura\/wp-content\/uploads\/sites\/25\/2026\/04\/24C07BD206-768x1152.jpg 768w, https:\/\/goias.gov.br\/cultura\/wp-content\/uploads\/sites\/25\/2026\/04\/24C07BD206-1024x1536.jpg 1024w, https:\/\/goias.gov.br\/cultura\/wp-content\/uploads\/sites\/25\/2026\/04\/24C07BD206-1365x2048.jpg 1365w, https:\/\/goias.gov.br\/cultura\/wp-content\/uploads\/sites\/25\/2026\/04\/24C07BD206-1320x1980.jpg 1320w\" sizes=\"(max-width: 683px) 100vw, 683px\" \/><\/figure>\n\n\n\n<figure class=\"wp-block-image size-large\"><img decoding=\"async\" width=\"1024\" height=\"683\" data-id=\"349379\" src=\"https:\/\/goias.gov.br\/cultura\/wp-content\/uploads\/sites\/25\/2026\/04\/24C08BD455-1024x683.jpg\" alt=\"\" class=\"wp-image-349379\" srcset=\"https:\/\/goias.gov.br\/cultura\/wp-content\/uploads\/sites\/25\/2026\/04\/24C08BD455-1024x683.jpg 1024w, https:\/\/goias.gov.br\/cultura\/wp-content\/uploads\/sites\/25\/2026\/04\/24C08BD455-300x200.jpg 300w, https:\/\/goias.gov.br\/cultura\/wp-content\/uploads\/sites\/25\/2026\/04\/24C08BD455-768x512.jpg 768w, https:\/\/goias.gov.br\/cultura\/wp-content\/uploads\/sites\/25\/2026\/04\/24C08BD455-1536x1024.jpg 1536w, https:\/\/goias.gov.br\/cultura\/wp-content\/uploads\/sites\/25\/2026\/04\/24C08BD455-2048x1365.jpg 2048w, https:\/\/goias.gov.br\/cultura\/wp-content\/uploads\/sites\/25\/2026\/04\/24C08BD455-1320x880.jpg 1320w\" sizes=\"(max-width: 1024px) 100vw, 1024px\" \/><\/figure>\n<\/figure>\n\n\n\n<p class=\"has-text-align-center\"><em>Atividades acontecem de 8 a 11 de abril, no Setor Bueno, com participa\u00e7\u00e3o aberta ao p\u00fablico<\/em><\/p>\n\n\n\n<p>O Grupo Bacae Dan\u00e7a realiza, de quarta a s\u00e1bado (de 8 a 11 de abril), uma s\u00e9rie de atra\u00e7\u00f5es gratuitas na Pra\u00e7a do Tribunal Regional do Trabalho da 18\u00aa Regi\u00e3o (TRT-GO), no Setor Bueno, em Goi\u00e2nia. As atividades integram o projeto \u201cPressa\u201d e re\u00fanem dan\u00e7a contempor\u00e2nea, bate-papos e oficina formativa. A iniciativa conta com apoio do Governo de Goi\u00e1s, por meio do Programa Goyazes, mecanismo de fomento operacionalizado pela Secretaria de Estado da Cultura (Secult).<\/p>\n\n\n\n<p>As a\u00e7\u00f5es come\u00e7am \u00e0s 17h desta quarta-feira, com a montagem interven\u00e7\u00e3o urbana \u201cBrincantes\u201d, inspirada na coreografia do espet\u00e1culo. A proposta convida o p\u00fablico a participar de brincadeiras populares, como amarelinha e pular corda, em diferentes pontos da pra\u00e7a, promovendo momentos de pausa e intera\u00e7\u00e3o no cotidiano urbano.<\/p>\n\n\n\n<p>Na quinta e sexta-feira, \u00e0s 19h, ser\u00e1 apresentado o espet\u00e1culo \u201cPressa\u201d, seguido de bate-papo com o p\u00fablico, com interpreta\u00e7\u00e3o em Libras. Concebida por Ingrid Costa, a montagem prop\u00f5e uma reflex\u00e3o sobre a acelera\u00e7\u00e3o da vida contempor\u00e2nea e seus impactos, abordando temas como burnout, ansiedade e a sensa\u00e7\u00e3o constante de urg\u00eancia.<\/p>\n\n\n\n<p>A programa\u00e7\u00e3o se encerra no s\u00e1bado, das 17h \u00e0s 19h, com a oficina \u201cUrbanidades\u201d, que combina pr\u00e1ticas de dan\u00e7a contempor\u00e2nea e parkour. Ministrada por Ingrid Costa e Zaf Pk Popper, a atividade prop\u00f5e explorar o espa\u00e7o urbano por meio do movimento. S\u00e3o oferecidas 20 vagas, sendo quatro destinadas a pessoas com defici\u00eancia, com inscri\u00e7\u00f5es gratuitas pela <a href=\"https:\/\/www.sympla.com.br\/evento\/espetaculo-pressa-no-trt-go\/3359306\">plataforma Sympla<\/a>. A oficina \u00e9 voltada para maiores de 18 anos e oferece certifica\u00e7\u00e3o.<\/p>\n\n\n\n<p>Todas as atividades s\u00e3o abertas ao p\u00fablico, com retirada antecipada de ingressos online. Durante o evento, tamb\u00e9m ser\u00e3o recebidas doa\u00e7\u00f5es volunt\u00e1rias destinadas ao Instituto Batu\u00edra, que atua na \u00e1rea de sa\u00fade mental. Entre os itens solicitados, est\u00e3o alimentos e materiais de limpeza.<\/p>\n\n\n\n<p><strong>Servi\u00e7o<\/strong><br><br>Projeto \u201cPressa\u201d \u2013 Grupo Bacae Dan\u00e7a<br>Data: Quarta a s\u00e1bado (8 a 11\/4)<br>Local: Pra\u00e7a do Tribunal Regional do Trabalho da 18\u00aa Regi\u00e3o (Av. T-1, 1698, Setor Bueno<br>Entrada gratuita<\/p>\n\n\n\n<p><strong>Programa\u00e7\u00e3o:<\/strong><\/p>\n\n\n\n<p>Quarta-feira (8\/4), 17h \u2013 Interven\u00e7\u00e3o urbana \u201cBrincantes\u201d<br>Quinta e sexta-feira (9 e 10\/4), 19h \u2013 Espet\u00e1culo \u201cPressa\u201d + bate-papo com Libras<br>S\u00e1bado (11\/4), 17h \u00e0s 19h \u2013 Oficina \u201cUrbanidades\u201d (inscri\u00e7\u00e3o gratuita, 20 vagas, 18+)<\/p>\n\n\n\n<p>Ingressos e inscri\u00e7\u00f5es: Sympla<br>Doa\u00e7\u00f5es volunt\u00e1rias: destinadas ao Instituto Batu\u00edra<\/p>\n\n\n\n<p><strong>Fotos:<\/strong> Lu Barcelos<\/p>\n","protected":false},"excerpt":{"rendered":"<p>Atividades acontecem de 8 a 11 de abril, no Setor Bueno, com participa\u00e7\u00e3o aberta ao p\u00fablico O Grupo Bacae Dan\u00e7a realiza, de quarta a s\u00e1bado (de 8 a 11 de abril), uma s\u00e9rie de atra\u00e7\u00f5es gratuitas na Pra\u00e7a do Tribunal Regional do Trabalho da 18\u00aa Regi\u00e3o (TRT-GO), no Setor Bueno, em Goi\u00e2nia. As atividades integram [&hellip;]<\/p>\n","protected":false},"author":799,"featured_media":349387,"comment_status":"closed","ping_status":"open","sticky":false,"template":"","format":"standard","meta":{"footnotes":""},"categories":[339,374],"tags":[480,329,481],"class_list":["post-349358","post","type-post","status-publish","format-standard","has-post-thumbnail","hentry","category-noticias","category-programa-goyazes","tag-peca","tag-programa-goyazes","tag-trt-go"],"rttpg_featured_image_url":{"full":["https:\/\/goias.gov.br\/cultura\/wp-content\/uploads\/sites\/25\/2026\/04\/24C08BD455-1.jpg",3543,2362,false],"landscape":["https:\/\/goias.gov.br\/cultura\/wp-content\/uploads\/sites\/25\/2026\/04\/24C08BD455-1.jpg",3543,2362,false],"portraits":["https:\/\/goias.gov.br\/cultura\/wp-content\/uploads\/sites\/25\/2026\/04\/24C08BD455-1.jpg",3543,2362,false],"thumbnail":["https:\/\/goias.gov.br\/cultura\/wp-content\/uploads\/sites\/25\/2026\/04\/24C08BD455-1-150x150.jpg",150,150,true],"medium":["https:\/\/goias.gov.br\/cultura\/wp-content\/uploads\/sites\/25\/2026\/04\/24C08BD455-1-300x200.jpg",300,200,true],"large":["https:\/\/goias.gov.br\/cultura\/wp-content\/uploads\/sites\/25\/2026\/04\/24C08BD455-1-1024x683.jpg",1024,683,true],"1536x1536":["https:\/\/goias.gov.br\/cultura\/wp-content\/uploads\/sites\/25\/2026\/04\/24C08BD455-1-1536x1024.jpg",1536,1024,true],"2048x2048":["https:\/\/goias.gov.br\/cultura\/wp-content\/uploads\/sites\/25\/2026\/04\/24C08BD455-1-2048x1365.jpg",2048,1365,true],"mailpoet_newsletter_max":["https:\/\/goias.gov.br\/cultura\/wp-content\/uploads\/sites\/25\/2026\/04\/24C08BD455-1-1320x880.jpg",1320,880,true]},"rttpg_author":{"display_name":"matheusomoreira","author_link":"https:\/\/goias.gov.br\/cultura\/author\/matheusomoreira\/"},"rttpg_comment":0,"rttpg_category":"<a href=\"https:\/\/goias.gov.br\/cultura\/categoria\/noticias\/\" rel=\"category tag\">Not\u00edcias<\/a> <a href=\"https:\/\/goias.gov.br\/cultura\/categoria\/programa-goyazes\/\" rel=\"category tag\">Programa Goyazes<\/a>","rttpg_excerpt":"Atividades acontecem de 8 a 11 de abril, no Setor Bueno, com participa\u00e7\u00e3o aberta ao p\u00fablico O Grupo Bacae Dan\u00e7a realiza, de quarta a s\u00e1bado (de 8 a 11 de abril), uma s\u00e9rie de atra\u00e7\u00f5es gratuitas na Pra\u00e7a do Tribunal Regional do Trabalho da 18\u00aa Regi\u00e3o (TRT-GO), no Setor Bueno, em Goi\u00e2nia. As atividades integram&hellip;","_links":{"self":[{"href":"https:\/\/goias.gov.br\/cultura\/wp-json\/wp\/v2\/posts\/349358","targetHints":{"allow":["GET"]}}],"collection":[{"href":"https:\/\/goias.gov.br\/cultura\/wp-json\/wp\/v2\/posts"}],"about":[{"href":"https:\/\/goias.gov.br\/cultura\/wp-json\/wp\/v2\/types\/post"}],"author":[{"embeddable":true,"href":"https:\/\/goias.gov.br\/cultura\/wp-json\/wp\/v2\/users\/799"}],"replies":[{"embeddable":true,"href":"https:\/\/goias.gov.br\/cultura\/wp-json\/wp\/v2\/comments?post=349358"}],"version-history":[{"count":1,"href":"https:\/\/goias.gov.br\/cultura\/wp-json\/wp\/v2\/posts\/349358\/revisions"}],"predecessor-version":[{"id":349402,"href":"https:\/\/goias.gov.br\/cultura\/wp-json\/wp\/v2\/posts\/349358\/revisions\/349402"}],"wp:featuredmedia":[{"embeddable":true,"href":"https:\/\/goias.gov.br\/cultura\/wp-json\/wp\/v2\/media\/349387"}],"wp:attachment":[{"href":"https:\/\/goias.gov.br\/cultura\/wp-json\/wp\/v2\/media?parent=349358"}],"wp:term":[{"taxonomy":"category","embeddable":true,"href":"https:\/\/goias.gov.br\/cultura\/wp-json\/wp\/v2\/categories?post=349358"},{"taxonomy":"post_tag","embeddable":true,"href":"https:\/\/goias.gov.br\/cultura\/wp-json\/wp\/v2\/tags?post=349358"}],"curies":[{"name":"wp","href":"https:\/\/api.w.org\/{rel}","templated":true}]}}