

{"id":349173,"date":"2026-04-07T11:11:30","date_gmt":"2026-04-07T14:11:30","guid":{"rendered":"https:\/\/goias.gov.br\/cultura\/?p=349173"},"modified":"2026-04-07T11:12:25","modified_gmt":"2026-04-07T14:12:25","slug":"vinillandia-ocupa-martim-cerere-com-feira-de-discos-djs-e-cultura-do-vinil-em-alta","status":"publish","type":"post","link":"https:\/\/goias.gov.br\/cultura\/vinillandia-ocupa-martim-cerere-com-feira-de-discos-djs-e-cultura-do-vinil-em-alta\/","title":{"rendered":"Vinill\u00e2ndia ocupa Martim Cerer\u00ea com feira de discos, DJs e cultura do vinil em alta"},"content":{"rendered":"\n<figure class=\"wp-block-image size-full\"><img fetchpriority=\"high\" decoding=\"async\" width=\"1024\" height=\"768\" src=\"https:\/\/goias.gov.br\/cultura\/wp-content\/uploads\/sites\/25\/2026\/04\/Vinillandia.webp\" alt=\"\" class=\"wp-image-349198\" srcset=\"https:\/\/goias.gov.br\/cultura\/wp-content\/uploads\/sites\/25\/2026\/04\/Vinillandia.webp 1024w, https:\/\/goias.gov.br\/cultura\/wp-content\/uploads\/sites\/25\/2026\/04\/Vinillandia-300x225.webp 300w, https:\/\/goias.gov.br\/cultura\/wp-content\/uploads\/sites\/25\/2026\/04\/Vinillandia-768x576.webp 768w\" sizes=\"(max-width: 1024px) 100vw, 1024px\" \/><\/figure>\n\n\n\n<p class=\"has-text-align-center\"><em>Evento gratuito re\u00fane lojas especializadas, discotecagem 100% em vinil e refor\u00e7a o crescimento global do formato<\/em><\/p>\n\n\n\n<p>O Centro Cultural Martim Cerer\u00ea recebe, neste s\u00e1bado (11\/4), a primeira edi\u00e7\u00e3o de 2026 da feira de discos Vinill\u00e2ndia, que ocorre a partir das 14h, com entrada gratuita. A programa\u00e7\u00e3o inclui discotecagem 100% em vinil com os DJs O. Pacheco, Glauco Brand\u00e3o, Rodzilla, Yasmin Lauck e Bacural, al\u00e9m de bares, pra\u00e7a de alimenta\u00e7\u00e3o com food trucks e barracas de artigos pop e m\u00edsticos.<\/p>\n\n\n\n<p>A feira re\u00fane algumas das principais lojas especializadas da capital, como Monstro Discos, Lado A Discos, Bacural Discos, Bambas Discos, Discos e Afins, Raw Records e Oliveira\u2019s Livraria, al\u00e9m de outros expositores.<\/p>\n\n\n\n<p>Mais do que um espa\u00e7o de compra e venda, a Vinill\u00e2ndia se firma como um ponto de encontro entre gera\u00e7\u00f5es de colecionadores e apaixonados por m\u00fasica. O evento acompanha ainda a nova onda global de alta nas vendas de discos de vinil, que, em 2025, ultrapassaram a marca de US$ 1 bilh\u00e3o pela primeira vez desde 1983, consolidando a retomada de um formato que j\u00e1 foi considerado ultrapassado.<\/p>\n\n\n\n<p>Segundo dados da ind\u00fastria, s\u00f3 em 2025, foram mais de 48 milh\u00f5es de discos vendidos, superando os CDs e marcando o 19\u00ba ano consecutivo de crescimento do formato. A alta \u00e9 proporcionada principalmente pelos jovens, com pesquisas indicando que at\u00e9 76% dos f\u00e3s de vinil da Gera\u00e7\u00e3o Z compram discos regularmente, atra\u00eddos pela experi\u00eancia f\u00edsica, pelo valor afetivo e pelo car\u00e1ter colecion\u00e1vel.<\/p>\n\n\n\n<p>Em um mundo dominado pelo streaming, o vinil virou s\u00edmbolo de pausa, de conex\u00e3o e at\u00e9 de identidade. Muitos consumidores sequer t\u00eam toca-discos, mas compram pela arte, pelo objeto e pela rela\u00e7\u00e3o com o artista. Nesse contexto, a Vinill\u00e2ndia refor\u00e7a que o vinil n\u00e3o \u00e9 apenas uma tend\u00eancia passageira, mas sim uma cultura viva, que segue se reinventando e conquistando novos p\u00fablicos.<\/p>\n\n\n\n<p><strong>Servi\u00e7o<br><\/strong><em>1\u00aa Vinill\u00e2ndia 2026<br><\/em>Data: S\u00e1bado (11\/4)<br>Hor\u00e1rio: das 14 \u00e0s 20h<br>Local: Centro Cultural Martim Cerer\u00ea (Travessa Bezerra de Menezes, Setor Sul)<br>Entrada gratuita<\/p>\n\n\n\n<p><em>Programa\u00e7\u00e3o musical:<br><\/em>14h \u2013 DJ O. Pacheco<br>15h30 \u2013 DJ Glauco Brand\u00e3o<br>17h \u2013 DJ Rodzilla<br>18h30 \u2013 DJ Yasmim Lauck<br>20h \u2013 DJ Bacural<\/p>\n\n\n\n<p><strong>Fotos: <\/strong>Divulga\u00e7\u00e3o<\/p>\n","protected":false},"excerpt":{"rendered":"<p>Evento gratuito re\u00fane lojas especializadas, discotecagem 100% em vinil e refor\u00e7a o crescimento global do formato O Centro Cultural Martim Cerer\u00ea recebe, neste s\u00e1bado (11\/4), a primeira edi\u00e7\u00e3o de 2026 da feira de discos Vinill\u00e2ndia, que ocorre a partir das 14h, com entrada gratuita. A programa\u00e7\u00e3o inclui discotecagem 100% em vinil com os DJs O. [&hellip;]<\/p>\n","protected":false},"author":396,"featured_media":349200,"comment_status":"closed","ping_status":"open","sticky":false,"template":"","format":"standard","meta":{"footnotes":""},"categories":[339],"tags":[478,397],"class_list":["post-349173","post","type-post","status-publish","format-standard","has-post-thumbnail","hentry","category-noticias","tag-feira-de-discos","tag-martim-cerere"],"rttpg_featured_image_url":{"full":["https:\/\/goias.gov.br\/cultura\/wp-content\/uploads\/sites\/25\/2026\/04\/Vinillandia-1.webp",1024,768,false],"landscape":["https:\/\/goias.gov.br\/cultura\/wp-content\/uploads\/sites\/25\/2026\/04\/Vinillandia-1.webp",1024,768,false],"portraits":["https:\/\/goias.gov.br\/cultura\/wp-content\/uploads\/sites\/25\/2026\/04\/Vinillandia-1.webp",1024,768,false],"thumbnail":["https:\/\/goias.gov.br\/cultura\/wp-content\/uploads\/sites\/25\/2026\/04\/Vinillandia-1-150x150.webp",150,150,true],"medium":["https:\/\/goias.gov.br\/cultura\/wp-content\/uploads\/sites\/25\/2026\/04\/Vinillandia-1-300x225.webp",300,225,true],"large":["https:\/\/goias.gov.br\/cultura\/wp-content\/uploads\/sites\/25\/2026\/04\/Vinillandia-1.webp",1024,768,false],"1536x1536":["https:\/\/goias.gov.br\/cultura\/wp-content\/uploads\/sites\/25\/2026\/04\/Vinillandia-1.webp",1024,768,false],"2048x2048":["https:\/\/goias.gov.br\/cultura\/wp-content\/uploads\/sites\/25\/2026\/04\/Vinillandia-1.webp",1024,768,false],"mailpoet_newsletter_max":["https:\/\/goias.gov.br\/cultura\/wp-content\/uploads\/sites\/25\/2026\/04\/Vinillandia-1.webp",1024,768,false]},"rttpg_author":{"display_name":"giovanaalmeida","author_link":"https:\/\/goias.gov.br\/cultura\/author\/giovanaalmeida\/"},"rttpg_comment":0,"rttpg_category":"<a href=\"https:\/\/goias.gov.br\/cultura\/categoria\/noticias\/\" rel=\"category tag\">Not\u00edcias<\/a>","rttpg_excerpt":"Evento gratuito re\u00fane lojas especializadas, discotecagem 100% em vinil e refor\u00e7a o crescimento global do formato O Centro Cultural Martim Cerer\u00ea recebe, neste s\u00e1bado (11\/4), a primeira edi\u00e7\u00e3o de 2026 da feira de discos Vinill\u00e2ndia, que ocorre a partir das 14h, com entrada gratuita. A programa\u00e7\u00e3o inclui discotecagem 100% em vinil com os DJs O.&hellip;","_links":{"self":[{"href":"https:\/\/goias.gov.br\/cultura\/wp-json\/wp\/v2\/posts\/349173","targetHints":{"allow":["GET"]}}],"collection":[{"href":"https:\/\/goias.gov.br\/cultura\/wp-json\/wp\/v2\/posts"}],"about":[{"href":"https:\/\/goias.gov.br\/cultura\/wp-json\/wp\/v2\/types\/post"}],"author":[{"embeddable":true,"href":"https:\/\/goias.gov.br\/cultura\/wp-json\/wp\/v2\/users\/396"}],"replies":[{"embeddable":true,"href":"https:\/\/goias.gov.br\/cultura\/wp-json\/wp\/v2\/comments?post=349173"}],"version-history":[{"count":1,"href":"https:\/\/goias.gov.br\/cultura\/wp-json\/wp\/v2\/posts\/349173\/revisions"}],"predecessor-version":[{"id":349202,"href":"https:\/\/goias.gov.br\/cultura\/wp-json\/wp\/v2\/posts\/349173\/revisions\/349202"}],"wp:featuredmedia":[{"embeddable":true,"href":"https:\/\/goias.gov.br\/cultura\/wp-json\/wp\/v2\/media\/349200"}],"wp:attachment":[{"href":"https:\/\/goias.gov.br\/cultura\/wp-json\/wp\/v2\/media?parent=349173"}],"wp:term":[{"taxonomy":"category","embeddable":true,"href":"https:\/\/goias.gov.br\/cultura\/wp-json\/wp\/v2\/categories?post=349173"},{"taxonomy":"post_tag","embeddable":true,"href":"https:\/\/goias.gov.br\/cultura\/wp-json\/wp\/v2\/tags?post=349173"}],"curies":[{"name":"wp","href":"https:\/\/api.w.org\/{rel}","templated":true}]}}