

{"id":348607,"date":"2026-04-06T13:31:44","date_gmt":"2026-04-06T16:31:44","guid":{"rendered":"https:\/\/goias.gov.br\/cultura\/?p=348607"},"modified":"2026-04-06T13:36:18","modified_gmt":"2026-04-06T16:36:18","slug":"governo-de-goias-publica-errata-dos-editais-da-pnab-goias-2026-para-alinhamento-tecnico","status":"publish","type":"post","link":"https:\/\/goias.gov.br\/cultura\/governo-de-goias-publica-errata-dos-editais-da-pnab-goias-2026-para-alinhamento-tecnico\/","title":{"rendered":"Governo de Goi\u00e1s publica errata dos editais da PNAB Goi\u00e1s 2026 para alinhamento t\u00e9cnico"},"content":{"rendered":"\n<figure class=\"wp-block-image size-large\"><img fetchpriority=\"high\" decoding=\"async\" width=\"1024\" height=\"640\" src=\"https:\/\/goias.gov.br\/cultura\/wp-content\/uploads\/sites\/25\/2026\/04\/Foto-Kamilla-Brandao-9.jpg-1-1024x640.jpeg\" alt=\"\" class=\"wp-image-348659\" srcset=\"https:\/\/goias.gov.br\/cultura\/wp-content\/uploads\/sites\/25\/2026\/04\/Foto-Kamilla-Brandao-9.jpg-1-1024x640.jpeg 1024w, https:\/\/goias.gov.br\/cultura\/wp-content\/uploads\/sites\/25\/2026\/04\/Foto-Kamilla-Brandao-9.jpg-1-300x188.jpeg 300w, https:\/\/goias.gov.br\/cultura\/wp-content\/uploads\/sites\/25\/2026\/04\/Foto-Kamilla-Brandao-9.jpg-1-768x480.jpeg 768w, https:\/\/goias.gov.br\/cultura\/wp-content\/uploads\/sites\/25\/2026\/04\/Foto-Kamilla-Brandao-9.jpg-1-1536x960.jpeg 1536w, https:\/\/goias.gov.br\/cultura\/wp-content\/uploads\/sites\/25\/2026\/04\/Foto-Kamilla-Brandao-9.jpg-1-2048x1280.jpeg 2048w, https:\/\/goias.gov.br\/cultura\/wp-content\/uploads\/sites\/25\/2026\/04\/Foto-Kamilla-Brandao-9.jpg-1-1320x825.jpeg 1320w\" sizes=\"(max-width: 1024px) 100vw, 1024px\" \/><\/figure>\n\n\n\n<p class=\"has-text-align-center\"><em>As adequa\u00e7\u00f5es t\u00eam car\u00e1ter t\u00e9cnico e visam corrigir inconsist\u00eancias entre documentos e n\u00e3o altera o conte\u00fado essencial dos certames<\/em><\/p>\n\n\n\n<p>O Governo de Goi\u00e1s, por meio da Secretaria de Estado da Cultura (Secult), publicou, nesta segunda-feira (06\/04), a errata dos editais do 2\u00ba ciclo da Pol\u00edtica Nacional Aldir Blanc (PNAB Goi\u00e1s 2026), com o objetivo de promover ajustes t\u00e9cnicos e garantir o alinhamento das informa\u00e7\u00f5es entre edital, anexos e o Sistema Baru.<\/p>\n\n\n\n<p>As corre\u00e7\u00f5es abrangem pontos espec\u00edficos do Anexo I do Edital de Manuten\u00e7\u00e3o de Grupos e Companhias Art\u00edsticas (Edital n\u00ba 02\/2026) e tamb\u00e9m dispositivos comuns aos Editais n\u00ba 02 a 15\/2026.<\/p>\n\n\n\n<p>No caso do Edital n\u00ba 02\/2026, a altera\u00e7\u00e3o trata do eixo internacional das propostas da Categoria A. O texto foi ajustado para estabelecer que as propostas dever\u00e3o contemplar, no m\u00ednimo, duas circula\u00e7\u00f5es internacionais ao longo dos quatro anos de execu\u00e7\u00e3o, cada uma envolvendo participa\u00e7\u00e3o em festival ou evento organizado por entidade estrangeira ou parceria de coprodu\u00e7\u00e3o com institui\u00e7\u00e3o internacional.<\/p>\n\n\n\n<p>J\u00e1 nos Editais n\u00ba 02 a 15\/2026, as corre\u00e7\u00f5es incluem ajustes na reda\u00e7\u00e3o sobre despesas que n\u00e3o integram o percentual m\u00ednimo, com a exclus\u00e3o dos itens relacionados \u00e0 filmagem e fotografia, e atualiza\u00e7\u00e3o do item referente \u00e0 contrapartida, que passa a permitir a utiliza\u00e7\u00e3o de recursos do pr\u00f3prio projeto para sua execu\u00e7\u00e3o, quando necess\u00e1rio.<\/p>\n\n\n\n<p>A Secult ressalta que a errata n\u00e3o altera o conte\u00fado essencial dos editais, mantendo integralmente suas diretrizes e regras. As adequa\u00e7\u00f5es t\u00eam car\u00e1ter t\u00e9cnico e visam corrigir inconsist\u00eancias entre documentos, garantindo maior clareza, seguran\u00e7a jur\u00eddica e transpar\u00eancia para os proponentes.<\/p>\n\n\n\n<p>A errata j\u00e1 est\u00e1 dispon\u00edvel para consulta <a href=\"https:\/\/goias.gov.br\/cultura\/wp-content\/uploads\/sites\/25\/2026\/04\/Errata-Pnab-SEI-202517645004352.pdf\">aqui<\/a>, e os interessados devem considerar as atualiza\u00e7\u00f5es no momento da elabora\u00e7\u00e3o e submiss\u00e3o de propostas.<\/p>\n\n\n\n<p><em>Secretaria de Estado da Cultura &#8211; Governo de Goi\u00e1s<\/em><\/p>\n","protected":false},"excerpt":{"rendered":"<p>As adequa\u00e7\u00f5es t\u00eam car\u00e1ter t\u00e9cnico e visam corrigir inconsist\u00eancias entre documentos e n\u00e3o altera o conte\u00fado essencial dos certames O Governo de Goi\u00e1s, por meio da Secretaria de Estado da Cultura (Secult), publicou, nesta segunda-feira (06\/04), a errata dos editais do 2\u00ba ciclo da Pol\u00edtica Nacional Aldir Blanc (PNAB Goi\u00e1s 2026), com o objetivo de [&hellip;]<\/p>\n","protected":false},"author":799,"featured_media":348629,"comment_status":"closed","ping_status":"open","sticky":false,"template":"","format":"standard","meta":{"footnotes":""},"categories":[339,369],"tags":[475,346],"class_list":["post-348607","post","type-post","status-publish","format-standard","has-post-thumbnail","hentry","category-noticias","category-politica-nacional-aldir-blanc","tag-errata","tag-pnab"],"rttpg_featured_image_url":{"full":["https:\/\/goias.gov.br\/cultura\/wp-content\/uploads\/sites\/25\/2026\/04\/Foto-Kamilla-Brandao-9.jpg.jpeg",5535,3460,false],"landscape":["https:\/\/goias.gov.br\/cultura\/wp-content\/uploads\/sites\/25\/2026\/04\/Foto-Kamilla-Brandao-9.jpg.jpeg",5535,3460,false],"portraits":["https:\/\/goias.gov.br\/cultura\/wp-content\/uploads\/sites\/25\/2026\/04\/Foto-Kamilla-Brandao-9.jpg.jpeg",5535,3460,false],"thumbnail":["https:\/\/goias.gov.br\/cultura\/wp-content\/uploads\/sites\/25\/2026\/04\/Foto-Kamilla-Brandao-9.jpg-150x150.jpeg",150,150,true],"medium":["https:\/\/goias.gov.br\/cultura\/wp-content\/uploads\/sites\/25\/2026\/04\/Foto-Kamilla-Brandao-9.jpg-300x188.jpeg",300,188,true],"large":["https:\/\/goias.gov.br\/cultura\/wp-content\/uploads\/sites\/25\/2026\/04\/Foto-Kamilla-Brandao-9.jpg-1024x640.jpeg",1024,640,true],"1536x1536":["https:\/\/goias.gov.br\/cultura\/wp-content\/uploads\/sites\/25\/2026\/04\/Foto-Kamilla-Brandao-9.jpg-1536x960.jpeg",1536,960,true],"2048x2048":["https:\/\/goias.gov.br\/cultura\/wp-content\/uploads\/sites\/25\/2026\/04\/Foto-Kamilla-Brandao-9.jpg-2048x1280.jpeg",2048,1280,true],"mailpoet_newsletter_max":["https:\/\/goias.gov.br\/cultura\/wp-content\/uploads\/sites\/25\/2026\/04\/Foto-Kamilla-Brandao-9.jpg-1320x825.jpeg",1320,825,true]},"rttpg_author":{"display_name":"matheusomoreira","author_link":"https:\/\/goias.gov.br\/cultura\/author\/matheusomoreira\/"},"rttpg_comment":0,"rttpg_category":"<a href=\"https:\/\/goias.gov.br\/cultura\/categoria\/noticias\/\" rel=\"category tag\">Not\u00edcias<\/a> <a href=\"https:\/\/goias.gov.br\/cultura\/categoria\/politica-nacional-aldir-blanc\/\" rel=\"category tag\">Pol\u00edtica Nacional Aldir Blanc<\/a>","rttpg_excerpt":"As adequa\u00e7\u00f5es t\u00eam car\u00e1ter t\u00e9cnico e visam corrigir inconsist\u00eancias entre documentos e n\u00e3o altera o conte\u00fado essencial dos certames O Governo de Goi\u00e1s, por meio da Secretaria de Estado da Cultura (Secult), publicou, nesta segunda-feira (06\/04), a errata dos editais do 2\u00ba ciclo da Pol\u00edtica Nacional Aldir Blanc (PNAB Goi\u00e1s 2026), com o objetivo de&hellip;","_links":{"self":[{"href":"https:\/\/goias.gov.br\/cultura\/wp-json\/wp\/v2\/posts\/348607","targetHints":{"allow":["GET"]}}],"collection":[{"href":"https:\/\/goias.gov.br\/cultura\/wp-json\/wp\/v2\/posts"}],"about":[{"href":"https:\/\/goias.gov.br\/cultura\/wp-json\/wp\/v2\/types\/post"}],"author":[{"embeddable":true,"href":"https:\/\/goias.gov.br\/cultura\/wp-json\/wp\/v2\/users\/799"}],"replies":[{"embeddable":true,"href":"https:\/\/goias.gov.br\/cultura\/wp-json\/wp\/v2\/comments?post=348607"}],"version-history":[{"count":2,"href":"https:\/\/goias.gov.br\/cultura\/wp-json\/wp\/v2\/posts\/348607\/revisions"}],"predecessor-version":[{"id":348696,"href":"https:\/\/goias.gov.br\/cultura\/wp-json\/wp\/v2\/posts\/348607\/revisions\/348696"}],"wp:featuredmedia":[{"embeddable":true,"href":"https:\/\/goias.gov.br\/cultura\/wp-json\/wp\/v2\/media\/348629"}],"wp:attachment":[{"href":"https:\/\/goias.gov.br\/cultura\/wp-json\/wp\/v2\/media?parent=348607"}],"wp:term":[{"taxonomy":"category","embeddable":true,"href":"https:\/\/goias.gov.br\/cultura\/wp-json\/wp\/v2\/categories?post=348607"},{"taxonomy":"post_tag","embeddable":true,"href":"https:\/\/goias.gov.br\/cultura\/wp-json\/wp\/v2\/tags?post=348607"}],"curies":[{"name":"wp","href":"https:\/\/api.w.org\/{rel}","templated":true}]}}