

{"id":348408,"date":"2026-04-06T12:02:45","date_gmt":"2026-04-06T15:02:45","guid":{"rendered":"https:\/\/goias.gov.br\/cultura\/?p=348408"},"modified":"2026-04-06T12:05:49","modified_gmt":"2026-04-06T15:05:49","slug":"governo-de-goias-anuncia-shows-de-xande-de-pilares-e-vanessa-da-mata-no-fica-2026","status":"publish","type":"post","link":"https:\/\/goias.gov.br\/cultura\/governo-de-goias-anuncia-shows-de-xande-de-pilares-e-vanessa-da-mata-no-fica-2026\/","title":{"rendered":"Governo de Goi\u00e1s anuncia shows de Xande de Pilares e Vanessa da Mata no Fica 2026"},"content":{"rendered":"\n<figure class=\"wp-block-gallery has-nested-images columns-default is-cropped wp-block-gallery-1 is-layout-flex wp-block-gallery-is-layout-flex\">\n<figure class=\"wp-block-image size-large\"><img fetchpriority=\"high\" decoding=\"async\" width=\"640\" height=\"960\" data-id=\"348415\" src=\"https:\/\/goias.gov.br\/cultura\/wp-content\/uploads\/sites\/25\/2026\/04\/WhatsApp-Image-2026-04-06-at-11.58.07.jpeg\" alt=\"\" class=\"wp-image-348415\" srcset=\"https:\/\/goias.gov.br\/cultura\/wp-content\/uploads\/sites\/25\/2026\/04\/WhatsApp-Image-2026-04-06-at-11.58.07.jpeg 640w, https:\/\/goias.gov.br\/cultura\/wp-content\/uploads\/sites\/25\/2026\/04\/WhatsApp-Image-2026-04-06-at-11.58.07-200x300.jpeg 200w\" sizes=\"(max-width: 640px) 100vw, 640px\" \/><\/figure>\n\n\n\n<figure class=\"wp-block-image size-large\"><img decoding=\"async\" width=\"790\" height=\"1024\" data-id=\"348413\" src=\"https:\/\/goias.gov.br\/cultura\/wp-content\/uploads\/sites\/25\/2026\/04\/WhatsApp-Image-2026-04-06-at-11.58.06-790x1024.jpeg\" alt=\"\" class=\"wp-image-348413\" srcset=\"https:\/\/goias.gov.br\/cultura\/wp-content\/uploads\/sites\/25\/2026\/04\/WhatsApp-Image-2026-04-06-at-11.58.06-790x1024.jpeg 790w, https:\/\/goias.gov.br\/cultura\/wp-content\/uploads\/sites\/25\/2026\/04\/WhatsApp-Image-2026-04-06-at-11.58.06-232x300.jpeg 232w, https:\/\/goias.gov.br\/cultura\/wp-content\/uploads\/sites\/25\/2026\/04\/WhatsApp-Image-2026-04-06-at-11.58.06-768x995.jpeg 768w, https:\/\/goias.gov.br\/cultura\/wp-content\/uploads\/sites\/25\/2026\/04\/WhatsApp-Image-2026-04-06-at-11.58.06.jpeg 988w\" sizes=\"(max-width: 790px) 100vw, 790px\" \/><\/figure>\n<\/figure>\n\n\n\n<p class=\"has-text-align-center\"><em>Festival realizado de 16 a 21 de junho, na cidade de Goi\u00e1s, une m\u00fasica, cinema e debates ambientais em programa\u00e7\u00e3o gratuita<\/em><\/p>\n\n\n\n<p>O Governo de Goi\u00e1s, por meio da Secretaria de Estado da Cultura (Secult), anuncia as atra\u00e7\u00f5es nacionais confirmadas para a programa\u00e7\u00e3o do Festival Internacional de Cinema e V\u00eddeo Ambiental (Fica) 2026, que ser\u00e1 realizado de 16 a 21 de junho, na cidade de Goi\u00e1s. Com uma proposta que integra arte, meio ambiente e diversidade cultural, o evento re\u00fane shows, mostras de cinema, atividades formativas e debates, consolidando-se como um dos mais importantes festivais do pa\u00eds.<\/p>\n\n\n\n<p>No dia 19 de junho, o p\u00fablico poder\u00e1 conferir o show de Xande de Pilares, um dos grandes nomes do samba contempor\u00e2neo. Com carreira consolidada tanto \u00e0 frente do Grupo Revela\u00e7\u00e3o quanto em sua trajet\u00f3ria solo, o m\u00fasico \u00e9 reconhecido pela pot\u00eancia vocal, carisma e repert\u00f3rio que transita entre cl\u00e1ssicos do samba e composi\u00e7\u00f5es autorais de grande sucesso, conquistando diferentes gera\u00e7\u00f5es.<\/p>\n\n\n\n<p>A cantora e compositora Vanessa da Mata sobe ao palco no dia 20 de junho, com a turn\u00ea \u201cTodas Elas\u201d. O espet\u00e1culo re\u00fane can\u00e7\u00f5es in\u00e9ditas e sucessos de sua carreira, marcada por mais de duas d\u00e9cadas de trajet\u00f3ria. A artista, conhecida por sua sensibilidade e energia criativa, aborda em sua obra temas como afetividade, quest\u00f5es sociais e a valoriza\u00e7\u00e3o da diversidade.<\/p>\n\n\n\n<p><strong>Cultura e debate ambiental<br><\/strong>Em sua 27\u00aa edi\u00e7\u00e3o, o Fica traz como tema \u201c\u00c1gua e Clima no Brasil das Nascentes\u201d, promovendo reflex\u00f5es sobre sustentabilidade, recursos h\u00eddricos e os desafios das mudan\u00e7as clim\u00e1ticas. Com entrada gratuita, o evento re\u00fane mostras competitivas, exibi\u00e7\u00f5es especiais, atividades formativas, oficinas, debates e atra\u00e7\u00f5es culturais, consolidando-se como um espa\u00e7o plural de troca e aprendizado.<\/p>\n\n\n\n<p>O Fica \u00e9 promovido pelo Governo de Goi\u00e1s, por meio da Secult, em correaliza\u00e7\u00e3o com a Universidade Federal de Goi\u00e1s (UFG), por meio da Funda\u00e7\u00e3o RTVE. O festival conta ainda com a parceria estrat\u00e9gica da Funda\u00e7\u00e3o Oswaldo Cruz (Fiocruz).<\/p>\n\n\n\n<p>A iniciativa tamb\u00e9m re\u00fane a coopera\u00e7\u00e3o das secretarias de Estado de Meio Ambiente e Desenvolvimento Sustent\u00e1vel (Semad), da Sa\u00fade (SES), de Esporte e Lazer (Seel), da Educa\u00e7\u00e3o (Seduc), de Desenvolvimento Social (Seds) e do Programa Retomada do Governo de Goi\u00e1s, al\u00e9m do Goi\u00e1s Social, Saneago, Corpo de Bombeiros Militar de Goi\u00e1s, Pol\u00edcia Militar de Goi\u00e1s, Universidade Estadual de Goi\u00e1s (UEG), Instituto Federal Goiano (IF Goiano) e da Prefeitura de Goi\u00e1s.<\/p>\n\n\n\n<p><strong>Fotos<\/strong>: Divulga\u00e7\u00e3o<\/p>\n","protected":false},"excerpt":{"rendered":"<p>Festival realizado de 16 a 21 de junho, na cidade de Goi\u00e1s, une m\u00fasica, cinema e debates ambientais em programa\u00e7\u00e3o gratuita O Governo de Goi\u00e1s, por meio da Secretaria de Estado da Cultura (Secult), anuncia as atra\u00e7\u00f5es nacionais confirmadas para a programa\u00e7\u00e3o do Festival Internacional de Cinema e V\u00eddeo Ambiental (Fica) 2026, que ser\u00e1 realizado [&hellip;]<\/p>\n","protected":false},"author":740,"featured_media":348413,"comment_status":"closed","ping_status":"open","sticky":false,"template":"","format":"standard","meta":{"footnotes":""},"categories":[339],"tags":[472,473],"class_list":["post-348408","post","type-post","status-publish","format-standard","has-post-thumbnail","hentry","category-noticias","tag-fica","tag-xande-de-pilares"],"rttpg_featured_image_url":{"full":["https:\/\/goias.gov.br\/cultura\/wp-content\/uploads\/sites\/25\/2026\/04\/WhatsApp-Image-2026-04-06-at-11.58.06.jpeg",988,1280,false],"landscape":["https:\/\/goias.gov.br\/cultura\/wp-content\/uploads\/sites\/25\/2026\/04\/WhatsApp-Image-2026-04-06-at-11.58.06.jpeg",988,1280,false],"portraits":["https:\/\/goias.gov.br\/cultura\/wp-content\/uploads\/sites\/25\/2026\/04\/WhatsApp-Image-2026-04-06-at-11.58.06.jpeg",988,1280,false],"thumbnail":["https:\/\/goias.gov.br\/cultura\/wp-content\/uploads\/sites\/25\/2026\/04\/WhatsApp-Image-2026-04-06-at-11.58.06-150x150.jpeg",150,150,true],"medium":["https:\/\/goias.gov.br\/cultura\/wp-content\/uploads\/sites\/25\/2026\/04\/WhatsApp-Image-2026-04-06-at-11.58.06-232x300.jpeg",232,300,true],"large":["https:\/\/goias.gov.br\/cultura\/wp-content\/uploads\/sites\/25\/2026\/04\/WhatsApp-Image-2026-04-06-at-11.58.06-790x1024.jpeg",790,1024,true],"1536x1536":["https:\/\/goias.gov.br\/cultura\/wp-content\/uploads\/sites\/25\/2026\/04\/WhatsApp-Image-2026-04-06-at-11.58.06.jpeg",988,1280,false],"2048x2048":["https:\/\/goias.gov.br\/cultura\/wp-content\/uploads\/sites\/25\/2026\/04\/WhatsApp-Image-2026-04-06-at-11.58.06.jpeg",988,1280,false],"mailpoet_newsletter_max":["https:\/\/goias.gov.br\/cultura\/wp-content\/uploads\/sites\/25\/2026\/04\/WhatsApp-Image-2026-04-06-at-11.58.06.jpeg",988,1280,false]},"rttpg_author":{"display_name":"mateusbeneti","author_link":"https:\/\/goias.gov.br\/cultura\/author\/mateusbeneti\/"},"rttpg_comment":0,"rttpg_category":"<a href=\"https:\/\/goias.gov.br\/cultura\/categoria\/noticias\/\" rel=\"category tag\">Not\u00edcias<\/a>","rttpg_excerpt":"Festival realizado de 16 a 21 de junho, na cidade de Goi\u00e1s, une m\u00fasica, cinema e debates ambientais em programa\u00e7\u00e3o gratuita O Governo de Goi\u00e1s, por meio da Secretaria de Estado da Cultura (Secult), anuncia as atra\u00e7\u00f5es nacionais confirmadas para a programa\u00e7\u00e3o do Festival Internacional de Cinema e V\u00eddeo Ambiental (Fica) 2026, que ser\u00e1 realizado&hellip;","_links":{"self":[{"href":"https:\/\/goias.gov.br\/cultura\/wp-json\/wp\/v2\/posts\/348408","targetHints":{"allow":["GET"]}}],"collection":[{"href":"https:\/\/goias.gov.br\/cultura\/wp-json\/wp\/v2\/posts"}],"about":[{"href":"https:\/\/goias.gov.br\/cultura\/wp-json\/wp\/v2\/types\/post"}],"author":[{"embeddable":true,"href":"https:\/\/goias.gov.br\/cultura\/wp-json\/wp\/v2\/users\/740"}],"replies":[{"embeddable":true,"href":"https:\/\/goias.gov.br\/cultura\/wp-json\/wp\/v2\/comments?post=348408"}],"version-history":[{"count":1,"href":"https:\/\/goias.gov.br\/cultura\/wp-json\/wp\/v2\/posts\/348408\/revisions"}],"predecessor-version":[{"id":348458,"href":"https:\/\/goias.gov.br\/cultura\/wp-json\/wp\/v2\/posts\/348408\/revisions\/348458"}],"wp:featuredmedia":[{"embeddable":true,"href":"https:\/\/goias.gov.br\/cultura\/wp-json\/wp\/v2\/media\/348413"}],"wp:attachment":[{"href":"https:\/\/goias.gov.br\/cultura\/wp-json\/wp\/v2\/media?parent=348408"}],"wp:term":[{"taxonomy":"category","embeddable":true,"href":"https:\/\/goias.gov.br\/cultura\/wp-json\/wp\/v2\/categories?post=348408"},{"taxonomy":"post_tag","embeddable":true,"href":"https:\/\/goias.gov.br\/cultura\/wp-json\/wp\/v2\/tags?post=348408"}],"curies":[{"name":"wp","href":"https:\/\/api.w.org\/{rel}","templated":true}]}}