

{"id":347913,"date":"2026-04-01T15:55:54","date_gmt":"2026-04-01T18:55:54","guid":{"rendered":"https:\/\/goias.gov.br\/cultura\/?p=347913"},"modified":"2026-04-01T16:55:51","modified_gmt":"2026-04-01T19:55:51","slug":"governo-de-goias-mantem-programacao-cultural-com-exposicoes-e-cinema-durante-a-semana-santa","status":"publish","type":"post","link":"https:\/\/goias.gov.br\/cultura\/governo-de-goias-mantem-programacao-cultural-com-exposicoes-e-cinema-durante-a-semana-santa\/","title":{"rendered":"Governo de Goi\u00e1s mant\u00e9m programa\u00e7\u00e3o cultural com exposi\u00e7\u00f5es e cinema durante a Semana Santa"},"content":{"rendered":"\n<figure class=\"wp-block-image size-large\"><img fetchpriority=\"high\" decoding=\"async\" width=\"1024\" height=\"670\" src=\"https:\/\/goias.gov.br\/cultura\/wp-content\/uploads\/sites\/25\/2026\/03\/SECULT-CENTRO-CULTURAL-OCTO-MARQUES-1215x795-1-1024x670.jpeg\" alt=\"\" class=\"wp-image-341265\" srcset=\"https:\/\/goias.gov.br\/cultura\/wp-content\/uploads\/sites\/25\/2026\/03\/SECULT-CENTRO-CULTURAL-OCTO-MARQUES-1215x795-1-1024x670.jpeg 1024w, https:\/\/goias.gov.br\/cultura\/wp-content\/uploads\/sites\/25\/2026\/03\/SECULT-CENTRO-CULTURAL-OCTO-MARQUES-1215x795-1-300x196.jpeg 300w, https:\/\/goias.gov.br\/cultura\/wp-content\/uploads\/sites\/25\/2026\/03\/SECULT-CENTRO-CULTURAL-OCTO-MARQUES-1215x795-1-768x503.jpeg 768w, https:\/\/goias.gov.br\/cultura\/wp-content\/uploads\/sites\/25\/2026\/03\/SECULT-CENTRO-CULTURAL-OCTO-MARQUES-1215x795-1.jpeg 1215w\" sizes=\"(max-width: 1024px) 100vw, 1024px\" \/><\/figure>\n\n\n\n<p class=\"has-text-align-center\"><em>Espa\u00e7os de artes visuais e cinema seguem abertos ao p\u00fablico, enquanto parte dos equipamentos culturais ter\u00e1 atendimento alterado entre 1\u00ba e 5 de abril<\/em><\/p>\n\n\n\n<p>O Governo de Goi\u00e1s, por meio da Secretaria de Estado da Cultura (Secult), informa que algumas de suas unidades culturais ter\u00e3o altera\u00e7\u00f5es no hor\u00e1rio de funcionamento durante o feriado prolongado da Sexta-Feira da Paix\u00e3o \u00e0 P\u00e1scoa, entre os dias 1\u00ba e 5 de abril. Parte dos espa\u00e7os estar\u00e1 fechada temporariamente, enquanto unidades voltadas \u00e0s artes visuais e ao cinema seguem com atendimento normal ou parcial.<\/p>\n\n\n\n<p>O Centro Cultural Octo Marques segue com duas exposi\u00e7\u00f5es em cartaz durante todo o feriado. O destaque \u00e9 a mostra \u201cAinda Assim Por Isso Mesmo\u201d, do artista goiano Marcelo Sol\u00e1, em exibi\u00e7\u00e3o at\u00e9 o dia 6 de maio. A exposi\u00e7\u00e3o re\u00fane obras em diferentes formatos e t\u00e9cnicas, al\u00e9m de um mural produzido diretamente na galeria.<\/p>\n\n\n\n<p>Tamb\u00e9m no Octo Marques, o p\u00fablico pode conferir a cole\u00e7\u00e3o \u201cHidrolands Grafisch Atelier\u201d, organizada por Isabela Junqueira e Marcelo Sol\u00e1, com trabalhos de artistas ligados \u00e0 editora independente voltada \u00e0 produ\u00e7\u00e3o artesanal de livros de arte. Ambas as exposi\u00e7\u00f5es s\u00e3o gratuitas e podem ser visitadas de segunda-feira a domingo, das 9h \u00e0s 16h.<\/p>\n\n\n\n<p>O Cine Cultura tamb\u00e9m ter\u00e1 programa\u00e7\u00e3o normal com exibi\u00e7\u00e3o regular de sess\u00f5es,&nbsp; com destaque para tr\u00eas lan\u00e7amentos da semana: \u201cA Cronologia da \u00c1gua\u201d, narrativa intensa e sensorial que marca a estreia de Kristen Stewart na dire\u00e7\u00e3o; o suspense brasileiro \u201cBarba Ensopada de Sangue\u201d, adapta\u00e7\u00e3o do livro hom\u00f4nimo de Daniel Galera; e o romance nacional \u201cRuas da Gl\u00f3ria\u201d, que conta com a participa\u00e7\u00e3o do ator goiano Alejandro Claveaux no elenco.<\/p>\n\n\n\n<p>A sala ter\u00e1 ainda uma sess\u00e3o \u00fanica de \u201cCidade dos Sonhos\u201d nesta quinta-feira (2\/4) e uma exibi\u00e7\u00e3o especial e gratuita de \u201cO Evangelho Segundo S\u00e3o Mateus\u201d, no s\u00e1bado (4\/4), em homenagem \u00e0 Semana Santa. J\u00e1 os filmes \u201cA Gra\u00e7a\u201d e \u201cA Pequena Am\u00e9lie\u201d (dublado) ter\u00e3o suas \u00faltimas sess\u00f5es.<\/p>\n\n\n\n<p>A Vila Cultural Cora Coralina fecha nesta quinta-feira e sexta-feira (2 e 3\/4), retomando a visita\u00e7\u00e3o normal no s\u00e1bado e no domingo (4 e 5\/4). No espa\u00e7o est\u00e3o montadas, at\u00e9 o dia 9 deste m\u00eas, das 9h \u00e0s 16h, as exposi\u00e7\u00f5es \u201cAquilo que fica e outros fantasmas\u201d, de Maria Clara Curti, e \u201cCorpografia\u201d, coletiva com sete artistas mulheres.<\/p>\n\n\n\n<p>J\u00e1 o Museu Pedro Ludovico fecha na quinta e sexta-feira (2 e 3\/4), retomando o atendimento no s\u00e1bado (4\/4). Instalado na antiga resid\u00eancia de Pedro Ludovico Teixeira, o espa\u00e7o convida o visitante a conhecer de perto a hist\u00f3ria de Goi\u00e2nia e de seu fundador, com ambientes preservados, mobili\u00e1rio original e um rico acervo documental que revela aspectos da vida pol\u00edtica e pessoal do ex-governador.<\/p>\n\n\n\n<p><strong>Confira o calend\u00e1rio dos espa\u00e7os culturais na capital e interior:<\/strong><\/p>\n\n\n\n<p><strong>Funcionamento normal:<\/strong><\/p>\n\n\n\n<p>Cine Cultura<\/p>\n\n\n\n<p>Centro Cultural Octo Marques<\/p>\n\n\n\n<p><strong>Vila Cultural Cora Coralina&nbsp;<\/strong><\/p>\n\n\n\n<p>Fechada: quinta e sexta-feira (2 e 3 \/4)<\/p>\n\n\n\n<p>Aberta: s\u00e1bado e domingo (dias 4 e 5\/4)<\/p>\n\n\n\n<p><\/p>\n\n\n\n<p><strong>Museu Pedro Ludovico<\/strong><\/p>\n\n\n\n<p>Fechado: quinta e sexta-feira ( 2 e 3\/4)<\/p>\n\n\n\n<p>Aberto: s\u00e1bado (dia 4\/4)<\/p>\n\n\n\n<p><\/p>\n\n\n\n<p><strong>Pal\u00e1cio Conde dos Arcos (cidade de Goi\u00e1s)<\/strong><\/p>\n\n\n\n<p>Fechado a partir desta quarta-feira (1\u00ba de abril) e durante o per\u00edodo de estadia do governador Daniel Vilela<\/p>\n\n\n\n<p><\/p>\n\n\n\n<p><strong>Unidades fechadas de 2 a 5 de abril:<\/strong><\/p>\n\n\n\n<p>Centro Cultural Martim Cerer\u00ea<\/p>\n\n\n\n<p>Teatro Goi\u00e2nia<\/p>\n\n\n\n<p>Centro Cultural Marietta Telles Machado<\/p>\n\n\n\n<p>Arquivo Hist\u00f3rico Estadual<\/p>\n\n\n\n<p>Museu da Imagem e do Som (MIS Goi\u00e1s)<\/p>\n\n\n\n<p>Biblioteca Estadual Pio Vargas<\/p>\n\n\n\n<p>Gibiteca Jorge Braga<\/p>\n\n\n\n<p>Museu Goiano Zoroastro Artiaga<\/p>\n\n\n\n<p>Museu Ferrovi\u00e1rio de Pires do Rio<\/p>\n","protected":false},"excerpt":{"rendered":"<p>Espa\u00e7os de artes visuais e cinema seguem abertos ao p\u00fablico, enquanto parte dos equipamentos culturais ter\u00e1 atendimento alterado entre 1\u00ba e 5 de abril O Governo de Goi\u00e1s, por meio da Secretaria de Estado da Cultura (Secult), informa que algumas de suas unidades culturais ter\u00e3o altera\u00e7\u00f5es no hor\u00e1rio de funcionamento durante o feriado prolongado da [&hellip;]<\/p>\n","protected":false},"author":324,"featured_media":347916,"comment_status":"closed","ping_status":"open","sticky":false,"template":"","format":"standard","meta":{"footnotes":""},"categories":[339,218],"tags":[466,447],"class_list":["post-347913","post","type-post","status-publish","format-standard","has-post-thumbnail","hentry","category-noticias","category-unidades","tag-abre-e-fecha","tag-semana-santa"],"rttpg_featured_image_url":{"full":["https:\/\/goias.gov.br\/cultura\/wp-content\/uploads\/sites\/25\/2026\/04\/WhatsApp-Image-2026-04-01-at-15.44.48.jpeg",1215,561,false],"landscape":["https:\/\/goias.gov.br\/cultura\/wp-content\/uploads\/sites\/25\/2026\/04\/WhatsApp-Image-2026-04-01-at-15.44.48.jpeg",1215,561,false],"portraits":["https:\/\/goias.gov.br\/cultura\/wp-content\/uploads\/sites\/25\/2026\/04\/WhatsApp-Image-2026-04-01-at-15.44.48.jpeg",1215,561,false],"thumbnail":["https:\/\/goias.gov.br\/cultura\/wp-content\/uploads\/sites\/25\/2026\/04\/WhatsApp-Image-2026-04-01-at-15.44.48-150x150.jpeg",150,150,true],"medium":["https:\/\/goias.gov.br\/cultura\/wp-content\/uploads\/sites\/25\/2026\/04\/WhatsApp-Image-2026-04-01-at-15.44.48-300x139.jpeg",300,139,true],"large":["https:\/\/goias.gov.br\/cultura\/wp-content\/uploads\/sites\/25\/2026\/04\/WhatsApp-Image-2026-04-01-at-15.44.48-1024x473.jpeg",1024,473,true],"1536x1536":["https:\/\/goias.gov.br\/cultura\/wp-content\/uploads\/sites\/25\/2026\/04\/WhatsApp-Image-2026-04-01-at-15.44.48.jpeg",1215,561,false],"2048x2048":["https:\/\/goias.gov.br\/cultura\/wp-content\/uploads\/sites\/25\/2026\/04\/WhatsApp-Image-2026-04-01-at-15.44.48.jpeg",1215,561,false],"mailpoet_newsletter_max":["https:\/\/goias.gov.br\/cultura\/wp-content\/uploads\/sites\/25\/2026\/04\/WhatsApp-Image-2026-04-01-at-15.44.48.jpeg",1215,561,false]},"rttpg_author":{"display_name":"celinasousa","author_link":"https:\/\/goias.gov.br\/cultura\/author\/celinasousa\/"},"rttpg_comment":0,"rttpg_category":"<a href=\"https:\/\/goias.gov.br\/cultura\/categoria\/noticias\/\" rel=\"category tag\">Not\u00edcias<\/a> <a href=\"https:\/\/goias.gov.br\/cultura\/categoria\/unidades\/\" rel=\"category tag\">Unidades<\/a>","rttpg_excerpt":"Espa\u00e7os de artes visuais e cinema seguem abertos ao p\u00fablico, enquanto parte dos equipamentos culturais ter\u00e1 atendimento alterado entre 1\u00ba e 5 de abril O Governo de Goi\u00e1s, por meio da Secretaria de Estado da Cultura (Secult), informa que algumas de suas unidades culturais ter\u00e3o altera\u00e7\u00f5es no hor\u00e1rio de funcionamento durante o feriado prolongado da&hellip;","_links":{"self":[{"href":"https:\/\/goias.gov.br\/cultura\/wp-json\/wp\/v2\/posts\/347913","targetHints":{"allow":["GET"]}}],"collection":[{"href":"https:\/\/goias.gov.br\/cultura\/wp-json\/wp\/v2\/posts"}],"about":[{"href":"https:\/\/goias.gov.br\/cultura\/wp-json\/wp\/v2\/types\/post"}],"author":[{"embeddable":true,"href":"https:\/\/goias.gov.br\/cultura\/wp-json\/wp\/v2\/users\/324"}],"replies":[{"embeddable":true,"href":"https:\/\/goias.gov.br\/cultura\/wp-json\/wp\/v2\/comments?post=347913"}],"version-history":[{"count":1,"href":"https:\/\/goias.gov.br\/cultura\/wp-json\/wp\/v2\/posts\/347913\/revisions"}],"predecessor-version":[{"id":347917,"href":"https:\/\/goias.gov.br\/cultura\/wp-json\/wp\/v2\/posts\/347913\/revisions\/347917"}],"wp:featuredmedia":[{"embeddable":true,"href":"https:\/\/goias.gov.br\/cultura\/wp-json\/wp\/v2\/media\/347916"}],"wp:attachment":[{"href":"https:\/\/goias.gov.br\/cultura\/wp-json\/wp\/v2\/media?parent=347913"}],"wp:term":[{"taxonomy":"category","embeddable":true,"href":"https:\/\/goias.gov.br\/cultura\/wp-json\/wp\/v2\/categories?post=347913"},{"taxonomy":"post_tag","embeddable":true,"href":"https:\/\/goias.gov.br\/cultura\/wp-json\/wp\/v2\/tags?post=347913"}],"curies":[{"name":"wp","href":"https:\/\/api.w.org\/{rel}","templated":true}]}}