

{"id":340646,"date":"2026-03-13T13:31:08","date_gmt":"2026-03-13T16:31:08","guid":{"rendered":"https:\/\/goias.gov.br\/cultura\/?p=340646"},"modified":"2026-03-13T13:31:08","modified_gmt":"2026-03-13T16:31:08","slug":"governo-de-goias-abre-inscricoes-para-14-editais-da-pnab-2026","status":"publish","type":"post","link":"https:\/\/goias.gov.br\/cultura\/governo-de-goias-abre-inscricoes-para-14-editais-da-pnab-2026\/","title":{"rendered":"Governo de Goi\u00e1s abre inscri\u00e7\u00f5es para 14 editais da Pnab 2026"},"content":{"rendered":"\n<p><em>Proponentes t\u00eam at\u00e9 o dia 13 de abril para inscrever projetos na Pol\u00edtica Nacional Aldir Blanc de Fomento \u00e0 Cultura<\/em><\/p>\n\n\n\n<figure class=\"wp-block-image size-large\"><img fetchpriority=\"high\" decoding=\"async\" width=\"1024\" height=\"461\" src=\"https:\/\/goias.gov.br\/cultura\/wp-content\/uploads\/sites\/25\/2026\/03\/Foto-Kamilla-Brandao-17-1024x461.jpg\" alt=\"\" class=\"wp-image-340647\" srcset=\"https:\/\/goias.gov.br\/cultura\/wp-content\/uploads\/sites\/25\/2026\/03\/Foto-Kamilla-Brandao-17-1024x461.jpg 1024w, https:\/\/goias.gov.br\/cultura\/wp-content\/uploads\/sites\/25\/2026\/03\/Foto-Kamilla-Brandao-17-300x135.jpg 300w, https:\/\/goias.gov.br\/cultura\/wp-content\/uploads\/sites\/25\/2026\/03\/Foto-Kamilla-Brandao-17-768x346.jpg 768w, https:\/\/goias.gov.br\/cultura\/wp-content\/uploads\/sites\/25\/2026\/03\/Foto-Kamilla-Brandao-17-1536x692.jpg 1536w, https:\/\/goias.gov.br\/cultura\/wp-content\/uploads\/sites\/25\/2026\/03\/Foto-Kamilla-Brandao-17-2048x922.jpg 2048w, https:\/\/goias.gov.br\/cultura\/wp-content\/uploads\/sites\/25\/2026\/03\/Foto-Kamilla-Brandao-17-1320x595.jpg 1320w\" sizes=\"(max-width: 1024px) 100vw, 1024px\" \/><\/figure>\n\n\n\n<p>O Governo de Goi\u00e1s, por meio da Secretaria de Estado da Cultura (Secult), abriu, nesta sexta-feira (13\/3), as inscri\u00e7\u00f5es para 14 editais da Pol\u00edtica Nacional Aldir Blanc de Fomento \u00e0 Cultura (Pnab) 2026. Os documentos dos certames podem ser consultados no site goias.gov.br\/cultura\/pnab. J\u00e1 a inscri\u00e7\u00e3o deve ser feita no sistema Baru 2.0 \u2013 Vers\u00e3o Pnab at\u00e9 o dia 13 de abril.<\/p>\n\n\n\n<p>Os editais abertos s\u00e3o para Teatro, Circo, Artesanato, Audiovisual, Manuten\u00e7\u00e3o Continuada de Espa\u00e7os de Cultura, Forma\u00e7\u00e3o Cultural, Goi\u00e1s pelo Mundo Afora, Dan\u00e7a, Literatura, M\u00fasica, Artes Visuais, Manuten\u00e7\u00e3o Continuada de Grupos\/Companhias de Arte, Inf\u00e2ncia e Juventude na Inf\u00e2ncia e Cultura no Social.<\/p>\n\n\n\n<p>A novidade neste ano \u00e9 que os editais de Manuten\u00e7\u00e3o Continuada de Grupos\/Companhias de Arte e de Espa\u00e7os de Cultura s\u00e3o quadrienais. Dessa forma, os proponentes dever\u00e3o apresentar projetos com dura\u00e7\u00e3o de quatro anos. O objetivo \u00e9 dar maior estabilidade e sustentabilidade para coletivos art\u00edsticos e institui\u00e7\u00f5es culturais, assegurando condi\u00e7\u00f5es de planejamento e continuidade \u00e0s a\u00e7\u00f5es culturais.<\/p>\n\n\n\n<p>A secret\u00e1ria de Estado da Cultura, Yara Nunes, destaca que esses editais s\u00e3o fundamentais para fortalecer o setor cultural em Goi\u00e1s e ampliar o acesso ao fomento em todas as regi\u00f5es do estado. Segundo ela, o Governo de Goi\u00e1s tem trabalhado para garantir que os recursos cheguem de forma democr\u00e1tica a artistas, produtores e institui\u00e7\u00f5es culturais.<\/p>\n\n\n\n<p>\u201cEstamos falando de um investimento hist\u00f3rico na cultura goiana, que permite n\u00e3o apenas apoiar novos projetos, mas tamb\u00e9m dar condi\u00e7\u00f5es para que grupos, coletivos e espa\u00e7os culturais se consolidem e ampliem suas atividades. A cultura \u00e9 desenvolvimento, gera\u00e7\u00e3o de renda e transforma\u00e7\u00e3o social, e o Governo de Goi\u00e1s tem o compromisso de fortalecer cada vez mais esse setor\u201d, afirma.<\/p>\n\n\n\n<p>A secret\u00e1ria tamb\u00e9m refor\u00e7a o convite para que artistas e produtores participem do processo. \u201cNosso objetivo \u00e9 alcan\u00e7ar o maior n\u00famero poss\u00edvel de agentes culturais. Por isso, \u00e9 importante que todos fiquem atentos aos prazos e aproveitem essa oportunidade de tirar projetos do papel e fazer parte dessa grande pol\u00edtica de fomento \u00e0 cultura em Goi\u00e1s\u201d, conclui.<\/p>\n\n\n\n<p>A Secult prev\u00ea ainda para o m\u00eas de mar\u00e7o o lan\u00e7amento dos os editais Difus\u00e3o Goiana no Memorial da Am\u00e9rica Latina 2026; Ocupa Goi\u00e1s \u2013 Virada Cultural (SP) 2026; Pontos de Cultura; Pont\u00f5es de Cultura e Teia de Pontos de Cultura Estadual. Com isso, a Pnab 2026 totaliza R$ 39 milh\u00f5es para esse ciclo.<\/p>\n\n\n\n<p><em>Secretaria de Estado da Cultura &#8211; Governo de Goi\u00e1s<\/em><\/p>\n","protected":false},"excerpt":{"rendered":"<p>Proponentes t\u00eam at\u00e9 o dia 13 de abril para inscrever projetos na Pol\u00edtica Nacional Aldir Blanc de Fomento \u00e0 Cultura O Governo de Goi\u00e1s, por meio da Secretaria de Estado da Cultura (Secult), abriu, nesta sexta-feira (13\/3), as inscri\u00e7\u00f5es para 14 editais da Pol\u00edtica Nacional Aldir Blanc de Fomento \u00e0 Cultura (Pnab) 2026. Os documentos [&hellip;]<\/p>\n","protected":false},"author":326,"featured_media":340648,"comment_status":"closed","ping_status":"open","sticky":false,"template":"","format":"standard","meta":{"footnotes":""},"categories":[339,369],"tags":[],"class_list":["post-340646","post","type-post","status-publish","format-standard","has-post-thumbnail","hentry","category-noticias","category-politica-nacional-aldir-blanc"],"rttpg_featured_image_url":{"full":["https:\/\/goias.gov.br\/cultura\/wp-content\/uploads\/sites\/25\/2026\/03\/Foto-Kamilla-Brandao-17-1.jpg",4032,1816,false],"landscape":["https:\/\/goias.gov.br\/cultura\/wp-content\/uploads\/sites\/25\/2026\/03\/Foto-Kamilla-Brandao-17-1.jpg",4032,1816,false],"portraits":["https:\/\/goias.gov.br\/cultura\/wp-content\/uploads\/sites\/25\/2026\/03\/Foto-Kamilla-Brandao-17-1.jpg",4032,1816,false],"thumbnail":["https:\/\/goias.gov.br\/cultura\/wp-content\/uploads\/sites\/25\/2026\/03\/Foto-Kamilla-Brandao-17-1-150x150.jpg",150,150,true],"medium":["https:\/\/goias.gov.br\/cultura\/wp-content\/uploads\/sites\/25\/2026\/03\/Foto-Kamilla-Brandao-17-1-300x135.jpg",300,135,true],"large":["https:\/\/goias.gov.br\/cultura\/wp-content\/uploads\/sites\/25\/2026\/03\/Foto-Kamilla-Brandao-17-1-1024x461.jpg",1024,461,true],"1536x1536":["https:\/\/goias.gov.br\/cultura\/wp-content\/uploads\/sites\/25\/2026\/03\/Foto-Kamilla-Brandao-17-1-1536x692.jpg",1536,692,true],"2048x2048":["https:\/\/goias.gov.br\/cultura\/wp-content\/uploads\/sites\/25\/2026\/03\/Foto-Kamilla-Brandao-17-1-2048x922.jpg",2048,922,true],"mailpoet_newsletter_max":["https:\/\/goias.gov.br\/cultura\/wp-content\/uploads\/sites\/25\/2026\/03\/Foto-Kamilla-Brandao-17-1-1320x595.jpg",1320,595,true]},"rttpg_author":{"display_name":"kamillabrandao","author_link":"https:\/\/goias.gov.br\/cultura\/author\/kamillabrandao\/"},"rttpg_comment":0,"rttpg_category":"<a href=\"https:\/\/goias.gov.br\/cultura\/categoria\/noticias\/\" rel=\"category tag\">Not\u00edcias<\/a> <a href=\"https:\/\/goias.gov.br\/cultura\/categoria\/politica-nacional-aldir-blanc\/\" rel=\"category tag\">Pol\u00edtica Nacional Aldir Blanc<\/a>","rttpg_excerpt":"Proponentes t\u00eam at\u00e9 o dia 13 de abril para inscrever projetos na Pol\u00edtica Nacional Aldir Blanc de Fomento \u00e0 Cultura O Governo de Goi\u00e1s, por meio da Secretaria de Estado da Cultura (Secult), abriu, nesta sexta-feira (13\/3), as inscri\u00e7\u00f5es para 14 editais da Pol\u00edtica Nacional Aldir Blanc de Fomento \u00e0 Cultura (Pnab) 2026. Os documentos&hellip;","_links":{"self":[{"href":"https:\/\/goias.gov.br\/cultura\/wp-json\/wp\/v2\/posts\/340646","targetHints":{"allow":["GET"]}}],"collection":[{"href":"https:\/\/goias.gov.br\/cultura\/wp-json\/wp\/v2\/posts"}],"about":[{"href":"https:\/\/goias.gov.br\/cultura\/wp-json\/wp\/v2\/types\/post"}],"author":[{"embeddable":true,"href":"https:\/\/goias.gov.br\/cultura\/wp-json\/wp\/v2\/users\/326"}],"replies":[{"embeddable":true,"href":"https:\/\/goias.gov.br\/cultura\/wp-json\/wp\/v2\/comments?post=340646"}],"version-history":[{"count":1,"href":"https:\/\/goias.gov.br\/cultura\/wp-json\/wp\/v2\/posts\/340646\/revisions"}],"predecessor-version":[{"id":340649,"href":"https:\/\/goias.gov.br\/cultura\/wp-json\/wp\/v2\/posts\/340646\/revisions\/340649"}],"wp:featuredmedia":[{"embeddable":true,"href":"https:\/\/goias.gov.br\/cultura\/wp-json\/wp\/v2\/media\/340648"}],"wp:attachment":[{"href":"https:\/\/goias.gov.br\/cultura\/wp-json\/wp\/v2\/media?parent=340646"}],"wp:term":[{"taxonomy":"category","embeddable":true,"href":"https:\/\/goias.gov.br\/cultura\/wp-json\/wp\/v2\/categories?post=340646"},{"taxonomy":"post_tag","embeddable":true,"href":"https:\/\/goias.gov.br\/cultura\/wp-json\/wp\/v2\/tags?post=340646"}],"curies":[{"name":"wp","href":"https:\/\/api.w.org\/{rel}","templated":true}]}}