

{"id":338262,"date":"2026-03-11T14:59:27","date_gmt":"2026-03-11T17:59:27","guid":{"rendered":"https:\/\/goias.gov.br\/cultura\/?p=338262"},"modified":"2026-03-11T15:13:39","modified_gmt":"2026-03-11T18:13:39","slug":"museu-goiano-zoroastro-artiaga-e-reinaugurado-apos-restauracao-e-abre-novo-ciclo-cultural-em-goiania","status":"publish","type":"post","link":"https:\/\/goias.gov.br\/cultura\/museu-goiano-zoroastro-artiaga-e-reinaugurado-apos-restauracao-e-abre-novo-ciclo-cultural-em-goiania\/","title":{"rendered":"Museu Goiano Zoroastro Artiaga \u00e9 reinaugurado ap\u00f3s restaura\u00e7\u00e3o e abre novo ciclo cultural em Goi\u00e2nia"},"content":{"rendered":"\n<figure class=\"wp-block-gallery has-nested-images columns-default is-cropped wp-block-gallery-1 is-layout-flex wp-block-gallery-is-layout-flex\">\n<figure class=\"wp-block-image size-large\"><img fetchpriority=\"high\" decoding=\"async\" width=\"1024\" height=\"682\" data-id=\"338273\" src=\"https:\/\/goias.gov.br\/cultura\/wp-content\/uploads\/sites\/25\/2026\/03\/WhatsApp-Image-2026-03-11-at-14.19.22-1024x682.jpeg\" alt=\"\" class=\"wp-image-338273\" srcset=\"https:\/\/goias.gov.br\/cultura\/wp-content\/uploads\/sites\/25\/2026\/03\/WhatsApp-Image-2026-03-11-at-14.19.22-1024x682.jpeg 1024w, https:\/\/goias.gov.br\/cultura\/wp-content\/uploads\/sites\/25\/2026\/03\/WhatsApp-Image-2026-03-11-at-14.19.22-300x200.jpeg 300w, https:\/\/goias.gov.br\/cultura\/wp-content\/uploads\/sites\/25\/2026\/03\/WhatsApp-Image-2026-03-11-at-14.19.22-768x512.jpeg 768w, https:\/\/goias.gov.br\/cultura\/wp-content\/uploads\/sites\/25\/2026\/03\/WhatsApp-Image-2026-03-11-at-14.19.22.jpeg 1280w\" sizes=\"(max-width: 1024px) 100vw, 1024px\" \/><\/figure>\n\n\n\n<figure class=\"wp-block-image size-large\"><img decoding=\"async\" width=\"1024\" height=\"682\" data-id=\"338274\" src=\"https:\/\/goias.gov.br\/cultura\/wp-content\/uploads\/sites\/25\/2026\/03\/WhatsApp-Image-2026-03-11-at-14.19.21-1024x682.jpeg\" alt=\"\" class=\"wp-image-338274\" srcset=\"https:\/\/goias.gov.br\/cultura\/wp-content\/uploads\/sites\/25\/2026\/03\/WhatsApp-Image-2026-03-11-at-14.19.21-1024x682.jpeg 1024w, https:\/\/goias.gov.br\/cultura\/wp-content\/uploads\/sites\/25\/2026\/03\/WhatsApp-Image-2026-03-11-at-14.19.21-300x200.jpeg 300w, https:\/\/goias.gov.br\/cultura\/wp-content\/uploads\/sites\/25\/2026\/03\/WhatsApp-Image-2026-03-11-at-14.19.21-768x512.jpeg 768w, https:\/\/goias.gov.br\/cultura\/wp-content\/uploads\/sites\/25\/2026\/03\/WhatsApp-Image-2026-03-11-at-14.19.21.jpeg 1280w\" sizes=\"(max-width: 1024px) 100vw, 1024px\" \/><\/figure>\n\n\n\n<figure class=\"wp-block-image size-large\"><img decoding=\"async\" width=\"1024\" height=\"676\" data-id=\"338336\" src=\"https:\/\/goias.gov.br\/cultura\/wp-content\/uploads\/sites\/25\/2026\/03\/WhatsApp-Image-2026-03-11-at-15.08.56-1024x676.jpeg\" alt=\"\" class=\"wp-image-338336\" srcset=\"https:\/\/goias.gov.br\/cultura\/wp-content\/uploads\/sites\/25\/2026\/03\/WhatsApp-Image-2026-03-11-at-15.08.56-1024x676.jpeg 1024w, https:\/\/goias.gov.br\/cultura\/wp-content\/uploads\/sites\/25\/2026\/03\/WhatsApp-Image-2026-03-11-at-15.08.56-300x198.jpeg 300w, https:\/\/goias.gov.br\/cultura\/wp-content\/uploads\/sites\/25\/2026\/03\/WhatsApp-Image-2026-03-11-at-15.08.56-768x507.jpeg 768w, https:\/\/goias.gov.br\/cultura\/wp-content\/uploads\/sites\/25\/2026\/03\/WhatsApp-Image-2026-03-11-at-15.08.56-1536x1013.jpeg 1536w, https:\/\/goias.gov.br\/cultura\/wp-content\/uploads\/sites\/25\/2026\/03\/WhatsApp-Image-2026-03-11-at-15.08.56-2048x1351.jpeg 2048w, https:\/\/goias.gov.br\/cultura\/wp-content\/uploads\/sites\/25\/2026\/03\/WhatsApp-Image-2026-03-11-at-15.08.56-1320x871.jpeg 1320w\" sizes=\"(max-width: 1024px) 100vw, 1024px\" \/><\/figure>\n<\/figure>\n\n\n\n<p class=\"has-text-align-center\"><em>Com investimento de R$ 6,6 milh\u00f5es do Governo de Goi\u00e1s, obras preservam caracter\u00edsticas hist\u00f3ricas do pr\u00e9dio Art D\u00e9co na Pra\u00e7a C\u00edvica, como a cor original, pisos hist\u00f3ricos e adornos<\/em><\/p>\n\n\n\n<p>O Governo de Goi\u00e1s reinaugurou, na manh\u00e3 desta quarta-feira (11\/03), o Museu Goiano Zoroastro Artiaga (Muza), um dos principais marcos arquitet\u00f4nicos em estilo Art D\u00e9co da Pra\u00e7a C\u00edvica, em Goi\u00e2nia. O espa\u00e7o foi reaberto ao p\u00fablico ap\u00f3s passar por um amplo processo de restaura\u00e7\u00e3o conduzido pela Secretaria de Estado da Cultura de Goi\u00e1s (Secult).<\/p>\n\n\n\n<p>Iniciadas em novembro de 2024, as obras receberam investimento de R$ 6,6 milh\u00f5es do Tesouro Estadual e priorizaram a preserva\u00e7\u00e3o do conjunto arquitet\u00f4nico tombado. O trabalho incluiu a restaura\u00e7\u00e3o da cobertura, alvenarias, pisos hist\u00f3ricos, adornos e elementos decorativos, al\u00e9m da moderniza\u00e7\u00e3o dos sistemas el\u00e9trico e luminot\u00e9cnico, refor\u00e7o estrutural, drenagem, nova museografia, adequa\u00e7\u00f5es de acessibilidade e atualiza\u00e7\u00e3o das normas de preven\u00e7\u00e3o e combate a inc\u00eandios.<\/p>\n\n\n\n<p>Durante a cerim\u00f4nia de reinaugura\u00e7\u00e3o, autoridades, servidores da cultura, artistas e p\u00fablico em geral acompanharam a entrega oficial do pr\u00e9dio restaurado \u00e0 popula\u00e7\u00e3o, marcando uma nova etapa na trajet\u00f3ria do primeiro museu da capital.<\/p>\n\n\n\n<p>Ao destacar a import\u00e2ncia da restaura\u00e7\u00e3o para a preserva\u00e7\u00e3o do patrim\u00f4nio hist\u00f3rico de Goi\u00e1s, o governador Ronaldo Caiado afirmou que a reabertura do Museu Goiano Zoroastro Artiaga representa a recupera\u00e7\u00e3o de um importante s\u00edmbolo cultural localizado na Pra\u00e7a C\u00edvica. \u201cDepois de anos de deteriora\u00e7\u00e3o, o Museu Zoroastro Artiaga volta a abrir as portas totalmente restaurado. Hoje entregamos \u00e0 popula\u00e7\u00e3o um patrim\u00f4nio recuperado, preservando um dos principais exemplares do estilo Art D\u00e9co da Pra\u00e7a C\u00edvica, que integra o maior conjunto desse estilo na Am\u00e9rica Latina. J\u00e1 s\u00e3o mais de R$ 20 milh\u00f5es investidos na recupera\u00e7\u00e3o dos pr\u00e9dios hist\u00f3ricos da Pra\u00e7a C\u00edvica, que \u00e9 o maior conjunto Art D\u00e9co da Am\u00e9rica Latina, e ver esses pr\u00e9dios recuperados \u00e9 motivo de orgulho para todos n\u00f3s. Esse resgate valoriza a beleza da nossa arquitetura e fortalece o turismo, a cultura e a identidade do nosso estado\u201d, afirmou.<\/p>\n\n\n\n<p>A secret\u00e1ria de Estado da Cultura, Yara Nunes, ressaltou o significado da reabertura do Museu Goiano Zoroastro Artiaga para a popula\u00e7\u00e3o e para a valoriza\u00e7\u00e3o da hist\u00f3ria goiana. \u201cA partir de agora, quem estiver em Goi\u00e2nia e passar pela Pra\u00e7a C\u00edvica poder\u00e1 entrar neste pr\u00e9dio hist\u00f3rico e conhecer um pouco mais das nossas origens, da nossa hist\u00f3ria e da identidade do povo goiano. Esse museu ajuda a compreender como o estado de Goi\u00e1s se formou e como se tornou a pot\u00eancia que \u00e9 hoje. Essa entrega tamb\u00e9m demonstra que investir em cultura \u00e9 investir no futuro: a cultura gera educa\u00e7\u00e3o, fortalece o turismo, movimenta a economia e cria oportunidades. A restaura\u00e7\u00e3o deste espa\u00e7o s\u00f3 foi poss\u00edvel gra\u00e7as ao compromisso do Governo de Goi\u00e1s em tratar a cultura como prioridade. Hoje celebramos n\u00e3o apenas a recupera\u00e7\u00e3o de um patrim\u00f4nio hist\u00f3rico, mas a certeza de que estamos preservando a mem\u00f3ria e construindo novos caminhos para as pr\u00f3ximas gera\u00e7\u00f5es\u201d, afirmou.<\/p>\n\n\n\n<p>O superintendente de Patrim\u00f4nio Hist\u00f3rico e Art\u00edstico da Secult, Allyson Ribeiro, destacou o cuidado t\u00e9cnico dedicado \u00e0 preserva\u00e7\u00e3o do edif\u00edcio que abriga o Museu Goiano Zoroastro Artiaga. \u201cO restauro representa a recupera\u00e7\u00e3o de um dos edif\u00edcios mais emblem\u00e1ticos da Pra\u00e7a C\u00edvica. O trabalho buscou justamente resgatar essas caracter\u00edsticas e devolver ao pr\u00e9dio sua integridade arquitet\u00f4nica, preservando um patrim\u00f4nio fundamental para a mem\u00f3ria cultural de Goi\u00e1s\u201d, frisou.<\/p>\n\n\n\n<p>Giulliano Santos, coordenador da unidade, falou da representatividade que a institui\u00e7\u00e3o tem para a mem\u00f3ria cultural do estado. \u201cO Zoroastro tem um papel fundamental por ser o primeiro museu do estado e por preservar um acervo que representa a diversidade cultural de Goi\u00e1s. Aqui reunimos registros da cultura material e imaterial, como f\u00e9, festas e tradi\u00e7\u00f5es do povo goiano. A reabertura \u00e9 muito importante porque o pr\u00e9dio enfrentava s\u00e9rios problemas estruturais e precisou passar por interven\u00e7\u00f5es para garantir a preserva\u00e7\u00e3o do acervo. Agora, com o espa\u00e7o recuperado, o museu est\u00e1 pronto para voltar a receber pesquisadores, estudantes e visitantes\u201d, destacou.<\/p>\n\n\n\n<p><strong>Arte contempor\u00e2nea<\/strong><\/p>\n\n\n\n<p>Com a casa cheia, a reinaugura\u00e7\u00e3o do museu tamb\u00e9m foi celebrada com a abertura da exposi\u00e7\u00e3o \u201cManarairema \u2013 Arte Contempor\u00e2nea em Goi\u00e1s\u201d, que re\u00fane obras de artistas que representam diferentes linguagens e contextos da produ\u00e7\u00e3o art\u00edstica contempor\u00e2nea no estado. A mostra \u00e9 uma realiza\u00e7\u00e3o da Secult, com apoio da Cerrado Galeria, e integra a programa\u00e7\u00e3o especial de reabertura do espa\u00e7o.<\/p>\n\n\n\n<p>Com coordena\u00e7\u00e3o de Melissa Alves e curadoria conjunta de D\u00e9bora Duarte, Benedito Ferreira e Divino Sobral, a exposi\u00e7\u00e3o parte de uma refer\u00eancia liter\u00e1ria ao romance \u201cA Hora dos Ruminantes\u201d, publicado em 1966 pelo escritor goiano Jos\u00e9 J. Veiga. A partir do nome da cidade fict\u00edcia criada pelo autor, \u201cManarairema\u201d, a mostra prop\u00f5e uma paisagem simb\u00f3lica que desloca a narrativa liter\u00e1ria para o campo das artes visuais, criando um espa\u00e7o de experimenta\u00e7\u00e3o que articula passado e presente.<\/p>\n\n\n\n<p>A proposta curatorial dialoga com debates contempor\u00e2neos do campo da arte, como a paridade de g\u00eanero, a valoriza\u00e7\u00e3o da diversidade racial e a descentraliza\u00e7\u00e3o do sistema art\u00edstico em Goi\u00e1s, com aten\u00e7\u00e3o \u00e0 produ\u00e7\u00e3o realizada fora da capital.<\/p>\n\n\n\n<p>Participam da exposi\u00e7\u00e3o os artistas Abra\u00e3o Veloso, Andr\u00e9 Felipe Cardoso, Cassia Nunes, Emilliano Freitas, Est\u00eav\u00e3o Parreiras, Evelyn Cruvinel, Fernanda Adamski, Gabriela Chaves, Genor Sales, Hariel Ravignet, Joardo Filho, Lina Cruvinel, Luc\u00e9lia Maciel, Manuela Costa Silva, Mestre Guaran\u00e1, Rafael de Almeida, Raquel Rocha, Rebeca Miguel, Rei Souza, Talles Lopes, Thays Thyr, Valdson Ramos, Ver\u00f4nica Santana, Walter Pimentel, William Maia e Xica, cujas obras constroem um panorama plural da arte contempor\u00e2nea goiana.<\/p>\n\n\n\n<p>A exposi\u00e7\u00e3o permanece em cartaz at\u00e9 o dia 17 de maio, com visita\u00e7\u00e3o de ter\u00e7a a sexta-feira, das 8h \u00e0s 17h, com entrada gratuita.<\/p>\n\n\n\n<p><strong>Fotos:<\/strong> Secult Goi\u00e1s<\/p>\n\n\n\n<figure class=\"wp-block-gallery has-nested-images columns-default is-cropped wp-block-gallery-2 is-layout-flex wp-block-gallery-is-layout-flex\">\n<figure class=\"wp-block-image size-large\"><img loading=\"lazy\" decoding=\"async\" width=\"1024\" height=\"682\" data-id=\"338343\" src=\"https:\/\/goias.gov.br\/cultura\/wp-content\/uploads\/sites\/25\/2026\/03\/WhatsApp-Image-2026-03-11-at-14.19.24-1024x682.jpeg\" alt=\"\" class=\"wp-image-338343\" srcset=\"https:\/\/goias.gov.br\/cultura\/wp-content\/uploads\/sites\/25\/2026\/03\/WhatsApp-Image-2026-03-11-at-14.19.24-1024x682.jpeg 1024w, https:\/\/goias.gov.br\/cultura\/wp-content\/uploads\/sites\/25\/2026\/03\/WhatsApp-Image-2026-03-11-at-14.19.24-300x200.jpeg 300w, https:\/\/goias.gov.br\/cultura\/wp-content\/uploads\/sites\/25\/2026\/03\/WhatsApp-Image-2026-03-11-at-14.19.24-768x512.jpeg 768w, https:\/\/goias.gov.br\/cultura\/wp-content\/uploads\/sites\/25\/2026\/03\/WhatsApp-Image-2026-03-11-at-14.19.24.jpeg 1280w\" sizes=\"(max-width: 1024px) 100vw, 1024px\" \/><\/figure>\n\n\n\n<figure class=\"wp-block-image size-large\"><img loading=\"lazy\" decoding=\"async\" width=\"1024\" height=\"682\" data-id=\"338347\" src=\"https:\/\/goias.gov.br\/cultura\/wp-content\/uploads\/sites\/25\/2026\/03\/WhatsApp-Image-2026-03-11-at-14.19.15-1-1024x682.jpeg\" alt=\"\" class=\"wp-image-338347\" srcset=\"https:\/\/goias.gov.br\/cultura\/wp-content\/uploads\/sites\/25\/2026\/03\/WhatsApp-Image-2026-03-11-at-14.19.15-1-1024x682.jpeg 1024w, https:\/\/goias.gov.br\/cultura\/wp-content\/uploads\/sites\/25\/2026\/03\/WhatsApp-Image-2026-03-11-at-14.19.15-1-300x200.jpeg 300w, https:\/\/goias.gov.br\/cultura\/wp-content\/uploads\/sites\/25\/2026\/03\/WhatsApp-Image-2026-03-11-at-14.19.15-1-768x512.jpeg 768w, https:\/\/goias.gov.br\/cultura\/wp-content\/uploads\/sites\/25\/2026\/03\/WhatsApp-Image-2026-03-11-at-14.19.15-1.jpeg 1156w\" sizes=\"(max-width: 1024px) 100vw, 1024px\" \/><\/figure>\n\n\n\n<figure class=\"wp-block-image size-large\"><img loading=\"lazy\" decoding=\"async\" width=\"1024\" height=\"682\" data-id=\"338341\" src=\"https:\/\/goias.gov.br\/cultura\/wp-content\/uploads\/sites\/25\/2026\/03\/WhatsApp-Image-2026-03-11-at-14.19.25-1024x682.jpeg\" alt=\"\" class=\"wp-image-338341\" srcset=\"https:\/\/goias.gov.br\/cultura\/wp-content\/uploads\/sites\/25\/2026\/03\/WhatsApp-Image-2026-03-11-at-14.19.25-1024x682.jpeg 1024w, https:\/\/goias.gov.br\/cultura\/wp-content\/uploads\/sites\/25\/2026\/03\/WhatsApp-Image-2026-03-11-at-14.19.25-300x200.jpeg 300w, https:\/\/goias.gov.br\/cultura\/wp-content\/uploads\/sites\/25\/2026\/03\/WhatsApp-Image-2026-03-11-at-14.19.25-768x512.jpeg 768w, https:\/\/goias.gov.br\/cultura\/wp-content\/uploads\/sites\/25\/2026\/03\/WhatsApp-Image-2026-03-11-at-14.19.25.jpeg 1280w\" sizes=\"(max-width: 1024px) 100vw, 1024px\" \/><\/figure>\n<\/figure>\n\n\n\n<p><br><br><\/p>\n","protected":false},"excerpt":{"rendered":"<p>Com investimento de R$ 6,6 milh\u00f5es do Governo de Goi\u00e1s, obras preservam caracter\u00edsticas hist\u00f3ricas do pr\u00e9dio Art D\u00e9co na Pra\u00e7a C\u00edvica, como a cor original, pisos hist\u00f3ricos e adornos O Governo de Goi\u00e1s reinaugurou, na manh\u00e3 desta quarta-feira (11\/03), o Museu Goiano Zoroastro Artiaga (Muza), um dos principais marcos arquitet\u00f4nicos em estilo Art D\u00e9co da [&hellip;]<\/p>\n","protected":false},"author":799,"featured_media":338361,"comment_status":"closed","ping_status":"open","sticky":false,"template":"","format":"standard","meta":{"footnotes":""},"categories":[339],"tags":[],"class_list":["post-338262","post","type-post","status-publish","format-standard","has-post-thumbnail","hentry","category-noticias"],"rttpg_featured_image_url":{"full":["https:\/\/goias.gov.br\/cultura\/wp-content\/uploads\/sites\/25\/2026\/03\/WhatsApp-Image-2026-03-11-at-15.08.56-1.jpeg",2560,1689,false],"landscape":["https:\/\/goias.gov.br\/cultura\/wp-content\/uploads\/sites\/25\/2026\/03\/WhatsApp-Image-2026-03-11-at-15.08.56-1.jpeg",2560,1689,false],"portraits":["https:\/\/goias.gov.br\/cultura\/wp-content\/uploads\/sites\/25\/2026\/03\/WhatsApp-Image-2026-03-11-at-15.08.56-1.jpeg",2560,1689,false],"thumbnail":["https:\/\/goias.gov.br\/cultura\/wp-content\/uploads\/sites\/25\/2026\/03\/WhatsApp-Image-2026-03-11-at-15.08.56-1-150x150.jpeg",150,150,true],"medium":["https:\/\/goias.gov.br\/cultura\/wp-content\/uploads\/sites\/25\/2026\/03\/WhatsApp-Image-2026-03-11-at-15.08.56-1-300x198.jpeg",300,198,true],"large":["https:\/\/goias.gov.br\/cultura\/wp-content\/uploads\/sites\/25\/2026\/03\/WhatsApp-Image-2026-03-11-at-15.08.56-1-1024x676.jpeg",1024,676,true],"1536x1536":["https:\/\/goias.gov.br\/cultura\/wp-content\/uploads\/sites\/25\/2026\/03\/WhatsApp-Image-2026-03-11-at-15.08.56-1-1536x1013.jpeg",1536,1013,true],"2048x2048":["https:\/\/goias.gov.br\/cultura\/wp-content\/uploads\/sites\/25\/2026\/03\/WhatsApp-Image-2026-03-11-at-15.08.56-1-2048x1351.jpeg",2048,1351,true],"mailpoet_newsletter_max":["https:\/\/goias.gov.br\/cultura\/wp-content\/uploads\/sites\/25\/2026\/03\/WhatsApp-Image-2026-03-11-at-15.08.56-1-1320x871.jpeg",1320,871,true]},"rttpg_author":{"display_name":"matheusomoreira","author_link":"https:\/\/goias.gov.br\/cultura\/author\/matheusomoreira\/"},"rttpg_comment":0,"rttpg_category":"<a href=\"https:\/\/goias.gov.br\/cultura\/categoria\/noticias\/\" rel=\"category tag\">Not\u00edcias<\/a>","rttpg_excerpt":"Com investimento de R$ 6,6 milh\u00f5es do Governo de Goi\u00e1s, obras preservam caracter\u00edsticas hist\u00f3ricas do pr\u00e9dio Art D\u00e9co na Pra\u00e7a C\u00edvica, como a cor original, pisos hist\u00f3ricos e adornos O Governo de Goi\u00e1s reinaugurou, na manh\u00e3 desta quarta-feira (11\/03), o Museu Goiano Zoroastro Artiaga (Muza), um dos principais marcos arquitet\u00f4nicos em estilo Art D\u00e9co da&hellip;","_links":{"self":[{"href":"https:\/\/goias.gov.br\/cultura\/wp-json\/wp\/v2\/posts\/338262","targetHints":{"allow":["GET"]}}],"collection":[{"href":"https:\/\/goias.gov.br\/cultura\/wp-json\/wp\/v2\/posts"}],"about":[{"href":"https:\/\/goias.gov.br\/cultura\/wp-json\/wp\/v2\/types\/post"}],"author":[{"embeddable":true,"href":"https:\/\/goias.gov.br\/cultura\/wp-json\/wp\/v2\/users\/799"}],"replies":[{"embeddable":true,"href":"https:\/\/goias.gov.br\/cultura\/wp-json\/wp\/v2\/comments?post=338262"}],"version-history":[{"count":2,"href":"https:\/\/goias.gov.br\/cultura\/wp-json\/wp\/v2\/posts\/338262\/revisions"}],"predecessor-version":[{"id":338373,"href":"https:\/\/goias.gov.br\/cultura\/wp-json\/wp\/v2\/posts\/338262\/revisions\/338373"}],"wp:featuredmedia":[{"embeddable":true,"href":"https:\/\/goias.gov.br\/cultura\/wp-json\/wp\/v2\/media\/338361"}],"wp:attachment":[{"href":"https:\/\/goias.gov.br\/cultura\/wp-json\/wp\/v2\/media?parent=338262"}],"wp:term":[{"taxonomy":"category","embeddable":true,"href":"https:\/\/goias.gov.br\/cultura\/wp-json\/wp\/v2\/categories?post=338262"},{"taxonomy":"post_tag","embeddable":true,"href":"https:\/\/goias.gov.br\/cultura\/wp-json\/wp\/v2\/tags?post=338262"}],"curies":[{"name":"wp","href":"https:\/\/api.w.org\/{rel}","templated":true}]}}