

{"id":338104,"date":"2026-03-10T17:10:34","date_gmt":"2026-03-10T20:10:34","guid":{"rendered":"https:\/\/goias.gov.br\/cultura\/?p=338104"},"modified":"2026-03-10T17:18:15","modified_gmt":"2026-03-10T20:18:15","slug":"divulgado-resultado-preliminar-de-bolsas-da-pnab-para-delegacao-goiana-na-teia-nacional-dos-pontos-de-cultura","status":"publish","type":"post","link":"https:\/\/goias.gov.br\/cultura\/divulgado-resultado-preliminar-de-bolsas-da-pnab-para-delegacao-goiana-na-teia-nacional-dos-pontos-de-cultura\/","title":{"rendered":"Divulgado resultado preliminar de bolsas da Pnab para delega\u00e7\u00e3o goiana na Teia Nacional dos Pontos de Cultura"},"content":{"rendered":"\n<figure class=\"wp-block-image size-large\"><img fetchpriority=\"high\" decoding=\"async\" width=\"1024\" height=\"630\" src=\"https:\/\/goias.gov.br\/cultura\/wp-content\/uploads\/sites\/25\/2026\/03\/WhatsApp-Image-2026-03-10-at-17.07.35-1024x630.jpeg\" alt=\"\" class=\"wp-image-338113\" srcset=\"https:\/\/goias.gov.br\/cultura\/wp-content\/uploads\/sites\/25\/2026\/03\/WhatsApp-Image-2026-03-10-at-17.07.35-1024x630.jpeg 1024w, https:\/\/goias.gov.br\/cultura\/wp-content\/uploads\/sites\/25\/2026\/03\/WhatsApp-Image-2026-03-10-at-17.07.35-300x184.jpeg 300w, https:\/\/goias.gov.br\/cultura\/wp-content\/uploads\/sites\/25\/2026\/03\/WhatsApp-Image-2026-03-10-at-17.07.35-768x472.jpeg 768w, https:\/\/goias.gov.br\/cultura\/wp-content\/uploads\/sites\/25\/2026\/03\/WhatsApp-Image-2026-03-10-at-17.07.35.jpeg 1280w\" sizes=\"(max-width: 1024px) 100vw, 1024px\" \/><\/figure>\n\n\n\n<p><em>Participantes precisam ficar atentos aos prazos, j\u00e1 que resultado final est\u00e1 previsto para dia 25\/3<\/em><\/p>\n\n\n\n<p>O Governo de Goi\u00e1s, por meio da Secretaria de Estado da Cultura (Secult), divulgou nesta ter\u00e7a-feira, 10, o resultado preliminar de classificados e n\u00e3o classificados do edital de Bolsa da Pnab 2026 destinado a membros da Delega\u00e7\u00e3o Goiana escolhidos para participarem da 6\u00aa Teia Nacional dos Pontos de Cultura, que acontece em Aracruz (ES).<\/p>\n\n\n\n<p>O resultado pode ser acessado <a href=\"https:\/\/goias.gov.br\/cultura\/pnab\/edital-2026-pnab\/\">aqui<\/a>. \u00c9 preciso ficar atento aos prazos. S\u00e3o tr\u00eas dias para o prazo recursal da avalia\u00e7\u00e3o de m\u00e9rito (11 a 13\/3). A resposta aos poss\u00edveis recursos ser\u00e1 publica no dia 14 e a divulga\u00e7\u00e3o do resultado final, publicado no Di\u00e1rio Oficial do Estado e no site da Secult, est\u00e1 marcada para o dia 16.<\/p>\n\n\n\n<p>A Etapa 2, de habilita\u00e7\u00e3o para pagamento, inicia no dia 17 e tem o resultado final divulgado no dia 25. O dep\u00f3sito dos recursos na conta banc\u00e1ria dos proponentes aprovados est\u00e1 previsto at\u00e9 o dia 28 deste m\u00eas.<\/p>\n\n\n\n<p>As bolsas est\u00e3o divididas em duas categorias: Delega\u00e7\u00e3o Goiana, de R$ 5.500,00, e Delega\u00e7\u00e3o Goiana PCD, de R$ 11.000,00. Neste segundo caso, os custos da pessoa com defici\u00eancia incluem um acompanhante.<\/p>\n\n\n\n<p>A 6\u00aa Teia Nacional dos Pontos de Cultura ser\u00e1 realizada pelo Minist\u00e9rio da Cultura (MinC) entre os dias 19 e 24 de maio. Os membros da Delega\u00e7\u00e3o Goiana foram eleitos durante a II Teia e F\u00f3rum dos Pontos de Cultura de Goi\u00e1s, realizada em setembro do ano passado, em Inhumas.<\/p>\n\n\n\n<p>\u201cEsse foi o primeiro edital lan\u00e7ado pela Pnab 2026 para que os prazos garantissem a presen\u00e7a de Goi\u00e1s no maior encontro de pontos de cultura do Brasil, um espa\u00e7o importante de articula\u00e7\u00e3o, troca de experi\u00eancias e fortalecimento da Pol\u00edtica Nacional Cultura Viva, o que valoriza ainda mais as culturas populares e tradicionais\u201d, afirma a secret\u00e1ria de Estado da Cultura, Yara Nunes.&nbsp;<\/p>\n\n\n\n<p><strong>Mais editais<\/strong><\/p>\n\n\n\n<p>A Secretaria de Estado da Cultura de Goi\u00e1s lan\u00e7ou mais 14 editais da Pnab 2026. Os certames j\u00e1 est\u00e3o dispon\u00edveis para consulta no site goias.gov.br\/cultura\/pnab, e as inscri\u00e7\u00f5es come\u00e7am nesta sexta-feira (13\/3) e seguem at\u00e9 13 de abril, pelo sistema Baru 2.0 \u2013 Vers\u00e3o Pnab. S\u00e3o R$ 39 milh\u00f5es para esse ciclo em Goi\u00e1s.<\/p>\n","protected":false},"excerpt":{"rendered":"<p>Participantes precisam ficar atentos aos prazos, j\u00e1 que resultado final est\u00e1 previsto para dia 25\/3 O Governo de Goi\u00e1s, por meio da Secretaria de Estado da Cultura (Secult), divulgou nesta ter\u00e7a-feira, 10, o resultado preliminar de classificados e n\u00e3o classificados do edital de Bolsa da Pnab 2026 destinado a membros da Delega\u00e7\u00e3o Goiana escolhidos para [&hellip;]<\/p>\n","protected":false},"author":324,"featured_media":338112,"comment_status":"closed","ping_status":"open","sticky":false,"template":"","format":"standard","meta":{"footnotes":""},"categories":[339,369,370],"tags":[346,415],"class_list":["post-338104","post","type-post","status-publish","format-standard","has-post-thumbnail","hentry","category-noticias","category-politica-nacional-aldir-blanc","category-politica-nacional-aldir-blanc-politica-nacional-aldir-blanc","tag-pnab","tag-teia-nacional"],"rttpg_featured_image_url":{"full":["https:\/\/goias.gov.br\/cultura\/wp-content\/uploads\/sites\/25\/2026\/03\/WhatsApp-Image-2026-03-10-at-17.08.11.jpeg",1280,576,false],"landscape":["https:\/\/goias.gov.br\/cultura\/wp-content\/uploads\/sites\/25\/2026\/03\/WhatsApp-Image-2026-03-10-at-17.08.11.jpeg",1280,576,false],"portraits":["https:\/\/goias.gov.br\/cultura\/wp-content\/uploads\/sites\/25\/2026\/03\/WhatsApp-Image-2026-03-10-at-17.08.11.jpeg",1280,576,false],"thumbnail":["https:\/\/goias.gov.br\/cultura\/wp-content\/uploads\/sites\/25\/2026\/03\/WhatsApp-Image-2026-03-10-at-17.08.11-150x150.jpeg",150,150,true],"medium":["https:\/\/goias.gov.br\/cultura\/wp-content\/uploads\/sites\/25\/2026\/03\/WhatsApp-Image-2026-03-10-at-17.08.11-300x135.jpeg",300,135,true],"large":["https:\/\/goias.gov.br\/cultura\/wp-content\/uploads\/sites\/25\/2026\/03\/WhatsApp-Image-2026-03-10-at-17.08.11-1024x461.jpeg",1024,461,true],"1536x1536":["https:\/\/goias.gov.br\/cultura\/wp-content\/uploads\/sites\/25\/2026\/03\/WhatsApp-Image-2026-03-10-at-17.08.11.jpeg",1280,576,false],"2048x2048":["https:\/\/goias.gov.br\/cultura\/wp-content\/uploads\/sites\/25\/2026\/03\/WhatsApp-Image-2026-03-10-at-17.08.11.jpeg",1280,576,false],"mailpoet_newsletter_max":["https:\/\/goias.gov.br\/cultura\/wp-content\/uploads\/sites\/25\/2026\/03\/WhatsApp-Image-2026-03-10-at-17.08.11.jpeg",1280,576,false]},"rttpg_author":{"display_name":"celinasousa","author_link":"https:\/\/goias.gov.br\/cultura\/author\/celinasousa\/"},"rttpg_comment":0,"rttpg_category":"<a href=\"https:\/\/goias.gov.br\/cultura\/categoria\/noticias\/\" rel=\"category tag\">Not\u00edcias<\/a> <a href=\"https:\/\/goias.gov.br\/cultura\/categoria\/politica-nacional-aldir-blanc\/\" rel=\"category tag\">Pol\u00edtica Nacional Aldir Blanc<\/a> <a href=\"https:\/\/goias.gov.br\/cultura\/categoria\/politica-nacional-aldir-blanc\/politica-nacional-aldir-blanc-politica-nacional-aldir-blanc\/\" rel=\"category tag\">Pol\u00edtica Nacional Aldir Blanc<\/a>","rttpg_excerpt":"Participantes precisam ficar atentos aos prazos, j\u00e1 que resultado final est\u00e1 previsto para dia 25\/3 O Governo de Goi\u00e1s, por meio da Secretaria de Estado da Cultura (Secult), divulgou nesta ter\u00e7a-feira, 10, o resultado preliminar de classificados e n\u00e3o classificados do edital de Bolsa da Pnab 2026 destinado a membros da Delega\u00e7\u00e3o Goiana escolhidos para&hellip;","_links":{"self":[{"href":"https:\/\/goias.gov.br\/cultura\/wp-json\/wp\/v2\/posts\/338104","targetHints":{"allow":["GET"]}}],"collection":[{"href":"https:\/\/goias.gov.br\/cultura\/wp-json\/wp\/v2\/posts"}],"about":[{"href":"https:\/\/goias.gov.br\/cultura\/wp-json\/wp\/v2\/types\/post"}],"author":[{"embeddable":true,"href":"https:\/\/goias.gov.br\/cultura\/wp-json\/wp\/v2\/users\/324"}],"replies":[{"embeddable":true,"href":"https:\/\/goias.gov.br\/cultura\/wp-json\/wp\/v2\/comments?post=338104"}],"version-history":[{"count":2,"href":"https:\/\/goias.gov.br\/cultura\/wp-json\/wp\/v2\/posts\/338104\/revisions"}],"predecessor-version":[{"id":338117,"href":"https:\/\/goias.gov.br\/cultura\/wp-json\/wp\/v2\/posts\/338104\/revisions\/338117"}],"wp:featuredmedia":[{"embeddable":true,"href":"https:\/\/goias.gov.br\/cultura\/wp-json\/wp\/v2\/media\/338112"}],"wp:attachment":[{"href":"https:\/\/goias.gov.br\/cultura\/wp-json\/wp\/v2\/media?parent=338104"}],"wp:term":[{"taxonomy":"category","embeddable":true,"href":"https:\/\/goias.gov.br\/cultura\/wp-json\/wp\/v2\/categories?post=338104"},{"taxonomy":"post_tag","embeddable":true,"href":"https:\/\/goias.gov.br\/cultura\/wp-json\/wp\/v2\/tags?post=338104"}],"curies":[{"name":"wp","href":"https:\/\/api.w.org\/{rel}","templated":true}]}}