

{"id":335325,"date":"2026-03-05T15:37:32","date_gmt":"2026-03-05T18:37:32","guid":{"rendered":"https:\/\/goias.gov.br\/cultura\/?p=335325"},"modified":"2026-03-05T15:37:32","modified_gmt":"2026-03-05T18:37:32","slug":"patosom-leva-musica-instrumental-aos-campi-do-if-goiano-com-apresentacoes-gratuitas","status":"publish","type":"post","link":"https:\/\/goias.gov.br\/cultura\/patosom-leva-musica-instrumental-aos-campi-do-if-goiano-com-apresentacoes-gratuitas\/","title":{"rendered":"PatoSom leva m\u00fasica instrumental aos campi do IF Goiano com apresenta\u00e7\u00f5es gratuitas"},"content":{"rendered":"\n<figure class=\"wp-block-gallery has-nested-images columns-default is-cropped wp-block-gallery-1 is-layout-flex wp-block-gallery-is-layout-flex\">\n<figure class=\"wp-block-image size-large\"><img fetchpriority=\"high\" decoding=\"async\" width=\"682\" height=\"1024\" data-id=\"335350\" src=\"https:\/\/goias.gov.br\/cultura\/wp-content\/uploads\/sites\/25\/2026\/03\/FokaSax-3-682x1024.jpeg\" alt=\"\" class=\"wp-image-335350\" srcset=\"https:\/\/goias.gov.br\/cultura\/wp-content\/uploads\/sites\/25\/2026\/03\/FokaSax-3-682x1024.jpeg 682w, https:\/\/goias.gov.br\/cultura\/wp-content\/uploads\/sites\/25\/2026\/03\/FokaSax-3-200x300.jpeg 200w, https:\/\/goias.gov.br\/cultura\/wp-content\/uploads\/sites\/25\/2026\/03\/FokaSax-3-768x1153.jpeg 768w, https:\/\/goias.gov.br\/cultura\/wp-content\/uploads\/sites\/25\/2026\/03\/FokaSax-3-1023x1536.jpeg 1023w, https:\/\/goias.gov.br\/cultura\/wp-content\/uploads\/sites\/25\/2026\/03\/FokaSax-3.jpeg 1066w\" sizes=\"(max-width: 682px) 100vw, 682px\" \/><\/figure>\n\n\n\n<figure class=\"wp-block-image size-large\"><img decoding=\"async\" width=\"1024\" height=\"683\" data-id=\"335353\" src=\"https:\/\/goias.gov.br\/cultura\/wp-content\/uploads\/sites\/25\/2026\/03\/Edilson-Morais-Som-Corrente_MG_3472-1024x683.jpg\" alt=\"\" class=\"wp-image-335353\" srcset=\"https:\/\/goias.gov.br\/cultura\/wp-content\/uploads\/sites\/25\/2026\/03\/Edilson-Morais-Som-Corrente_MG_3472-1024x683.jpg 1024w, https:\/\/goias.gov.br\/cultura\/wp-content\/uploads\/sites\/25\/2026\/03\/Edilson-Morais-Som-Corrente_MG_3472-300x200.jpg 300w, https:\/\/goias.gov.br\/cultura\/wp-content\/uploads\/sites\/25\/2026\/03\/Edilson-Morais-Som-Corrente_MG_3472-768x512.jpg 768w, https:\/\/goias.gov.br\/cultura\/wp-content\/uploads\/sites\/25\/2026\/03\/Edilson-Morais-Som-Corrente_MG_3472-1536x1024.jpg 1536w, https:\/\/goias.gov.br\/cultura\/wp-content\/uploads\/sites\/25\/2026\/03\/Edilson-Morais-Som-Corrente_MG_3472-1320x880.jpg 1320w, https:\/\/goias.gov.br\/cultura\/wp-content\/uploads\/sites\/25\/2026\/03\/Edilson-Morais-Som-Corrente_MG_3472.jpg 2040w\" sizes=\"(max-width: 1024px) 100vw, 1024px\" \/><\/figure>\n\n\n\n<figure class=\"wp-block-image size-large\"><img decoding=\"async\" width=\"682\" height=\"1024\" data-id=\"335351\" src=\"https:\/\/goias.gov.br\/cultura\/wp-content\/uploads\/sites\/25\/2026\/03\/FokaSax2-682x1024.jpeg\" alt=\"\" class=\"wp-image-335351\" srcset=\"https:\/\/goias.gov.br\/cultura\/wp-content\/uploads\/sites\/25\/2026\/03\/FokaSax2-682x1024.jpeg 682w, https:\/\/goias.gov.br\/cultura\/wp-content\/uploads\/sites\/25\/2026\/03\/FokaSax2-200x300.jpeg 200w, https:\/\/goias.gov.br\/cultura\/wp-content\/uploads\/sites\/25\/2026\/03\/FokaSax2-768x1153.jpeg 768w, https:\/\/goias.gov.br\/cultura\/wp-content\/uploads\/sites\/25\/2026\/03\/FokaSax2-1023x1536.jpeg 1023w, https:\/\/goias.gov.br\/cultura\/wp-content\/uploads\/sites\/25\/2026\/03\/FokaSax2.jpeg 1066w\" sizes=\"(max-width: 682px) 100vw, 682px\" \/><\/figure>\n<\/figure>\n\n\n\n<p><em>Projeto, liderado pelo percussionista S\u00e9rgio Pato, re\u00fane m\u00fasicos da cena goiana em circula\u00e7\u00e3o por diferentes cidades do estado. Iniciativa conta com apoio do Governo de Goi\u00e1s, via Programa Goyazes<\/em><\/p>\n\n\n\n<p>A for\u00e7a da percuss\u00e3o e a diversidade da m\u00fasica instrumental brasileira ganham espa\u00e7o em Goi\u00e1s com a circula\u00e7\u00e3o do projeto \u201cPatoSom \u2013 Imers\u00e3o Sonora com S\u00e9rgio Pato\u201d, com apresenta\u00e7\u00f5es gratuitas nos campi do Instituto Federal Goiano (IF Goiano). A proposta, realizada por meio do Programa Goi\u00e1s, operacionalizado pela Secretaria de Estado da Cultura (Secult Goi\u00e1s), re\u00fane artistas da cena musical. A circula\u00e7\u00e3o j\u00e1 passou por Trindade e Ipameri e segue nesta sexta-feira (6\/3), em Morrinhos, \u00e0s 9h45.<\/p>\n\n\n\n<p>Os pr\u00f3ximos pontos de parada da em Hidrol\u00e2ndia, no dia 9 de mar\u00e7o, \u00e0s 9h; e em Uruta\u00ed, no dia 13 de mar\u00e7o, \u00e0s 8h. Al\u00e9m das apresenta\u00e7\u00f5es nos campi, o projeto ter\u00e1 um show especial em Goi\u00e2nia, no dia 30 de abril, \u00e0s 20h, no Trem Azul M\u00fasica e Bar. As apresenta\u00e7\u00f5es s\u00e3o gratuitas e abertas \u00e0 comunidade acad\u00eamica e ao p\u00fablico em geral.<\/p>\n\n\n\n<p>\u00c0 frente da iniciativa est\u00e1 o Patocan Trio, formado por S\u00e9rgio Pato, Can Kanbay e FokaSax, que conduz o espet\u00e1culo ao lado do Grupo Som Corrente, composto por Luiz Chaffin, Front Jr. e Edilson Morais. A proposta art\u00edstica explora encontros musicais e di\u00e1logos entre diferentes instrumentos, combinando elementos da m\u00fasica instrumental brasileira com experimenta\u00e7\u00f5es sonoras contempor\u00e2neas.<\/p>\n\n\n\n<p>Segundo o percussionista S\u00e9rgio Pato, a proposta \u00e9 promover uma viv\u00eancia musical acess\u00edvel e intensa. \u201cO PatoSom \u00e9 um encontro de sonoridades e de pessoas. A ideia \u00e9 criar uma experi\u00eancia viva, em que a percuss\u00e3o dialoga com outros instrumentos e com a energia de cada lugar por onde passamos\u201d, afirma.<\/p>\n\n\n\n<p><strong>Servi\u00e7o<\/strong><\/p>\n\n\n\n<p>06\/03 \u2013 IF Goiano Morrinhos \u2013 9h45<br>09\/03 \u2013 IF Goiano Hidrol\u00e2ndia \u2013 9h<br>13\/03 \u2013 IF Goiano Uruta\u00ed \u2013 8h<br>30\/04 \u2013 Trem Azul M\u00fasica e Bar (Goi\u00e2nia) \u2013 20h<\/p>\n\n\n\n<p>Classifica\u00e7\u00e3o: Livre<br>Entrada gratuita<br>Mais informa\u00e7\u00f5es: <a href=\"https:\/\/www.instagram.com\/sergiopatoo\/\">https:\/\/www.instagram.com\/sergiopatoo\/<\/a><\/p>\n\n\n\n<p><strong>Fotos:<\/strong> Divulga\u00e7\u00e3o<\/p>\n","protected":false},"excerpt":{"rendered":"<p>Projeto, liderado pelo percussionista S\u00e9rgio Pato, re\u00fane m\u00fasicos da cena goiana em circula\u00e7\u00e3o por diferentes cidades do estado. Iniciativa conta com apoio do Governo de Goi\u00e1s, via Programa Goyazes A for\u00e7a da percuss\u00e3o e a diversidade da m\u00fasica instrumental brasileira ganham espa\u00e7o em Goi\u00e1s com a circula\u00e7\u00e3o do projeto \u201cPatoSom \u2013 Imers\u00e3o Sonora com S\u00e9rgio [&hellip;]<\/p>\n","protected":false},"author":799,"featured_media":335357,"comment_status":"closed","ping_status":"open","sticky":false,"template":"","format":"standard","meta":{"footnotes":""},"categories":[339,374],"tags":[],"class_list":["post-335325","post","type-post","status-publish","format-standard","has-post-thumbnail","hentry","category-noticias","category-programa-goyazes"],"rttpg_featured_image_url":{"full":["https:\/\/goias.gov.br\/cultura\/wp-content\/uploads\/sites\/25\/2026\/03\/Edilson-Morais-Som-Corrente_MG_3472-1.jpg",2040,1360,false],"landscape":["https:\/\/goias.gov.br\/cultura\/wp-content\/uploads\/sites\/25\/2026\/03\/Edilson-Morais-Som-Corrente_MG_3472-1.jpg",2040,1360,false],"portraits":["https:\/\/goias.gov.br\/cultura\/wp-content\/uploads\/sites\/25\/2026\/03\/Edilson-Morais-Som-Corrente_MG_3472-1.jpg",2040,1360,false],"thumbnail":["https:\/\/goias.gov.br\/cultura\/wp-content\/uploads\/sites\/25\/2026\/03\/Edilson-Morais-Som-Corrente_MG_3472-1-150x150.jpg",150,150,true],"medium":["https:\/\/goias.gov.br\/cultura\/wp-content\/uploads\/sites\/25\/2026\/03\/Edilson-Morais-Som-Corrente_MG_3472-1-300x200.jpg",300,200,true],"large":["https:\/\/goias.gov.br\/cultura\/wp-content\/uploads\/sites\/25\/2026\/03\/Edilson-Morais-Som-Corrente_MG_3472-1-1024x683.jpg",1024,683,true],"1536x1536":["https:\/\/goias.gov.br\/cultura\/wp-content\/uploads\/sites\/25\/2026\/03\/Edilson-Morais-Som-Corrente_MG_3472-1-1536x1024.jpg",1536,1024,true],"2048x2048":["https:\/\/goias.gov.br\/cultura\/wp-content\/uploads\/sites\/25\/2026\/03\/Edilson-Morais-Som-Corrente_MG_3472-1.jpg",2040,1360,false],"mailpoet_newsletter_max":["https:\/\/goias.gov.br\/cultura\/wp-content\/uploads\/sites\/25\/2026\/03\/Edilson-Morais-Som-Corrente_MG_3472-1-1320x880.jpg",1320,880,true]},"rttpg_author":{"display_name":"matheusomoreira","author_link":"https:\/\/goias.gov.br\/cultura\/author\/matheusomoreira\/"},"rttpg_comment":0,"rttpg_category":"<a href=\"https:\/\/goias.gov.br\/cultura\/categoria\/noticias\/\" rel=\"category tag\">Not\u00edcias<\/a> <a href=\"https:\/\/goias.gov.br\/cultura\/categoria\/programa-goyazes\/\" rel=\"category tag\">Programa Goyazes<\/a>","rttpg_excerpt":"Projeto, liderado pelo percussionista S\u00e9rgio Pato, re\u00fane m\u00fasicos da cena goiana em circula\u00e7\u00e3o por diferentes cidades do estado. Iniciativa conta com apoio do Governo de Goi\u00e1s, via Programa Goyazes A for\u00e7a da percuss\u00e3o e a diversidade da m\u00fasica instrumental brasileira ganham espa\u00e7o em Goi\u00e1s com a circula\u00e7\u00e3o do projeto \u201cPatoSom \u2013 Imers\u00e3o Sonora com S\u00e9rgio&hellip;","_links":{"self":[{"href":"https:\/\/goias.gov.br\/cultura\/wp-json\/wp\/v2\/posts\/335325","targetHints":{"allow":["GET"]}}],"collection":[{"href":"https:\/\/goias.gov.br\/cultura\/wp-json\/wp\/v2\/posts"}],"about":[{"href":"https:\/\/goias.gov.br\/cultura\/wp-json\/wp\/v2\/types\/post"}],"author":[{"embeddable":true,"href":"https:\/\/goias.gov.br\/cultura\/wp-json\/wp\/v2\/users\/799"}],"replies":[{"embeddable":true,"href":"https:\/\/goias.gov.br\/cultura\/wp-json\/wp\/v2\/comments?post=335325"}],"version-history":[{"count":1,"href":"https:\/\/goias.gov.br\/cultura\/wp-json\/wp\/v2\/posts\/335325\/revisions"}],"predecessor-version":[{"id":335380,"href":"https:\/\/goias.gov.br\/cultura\/wp-json\/wp\/v2\/posts\/335325\/revisions\/335380"}],"wp:featuredmedia":[{"embeddable":true,"href":"https:\/\/goias.gov.br\/cultura\/wp-json\/wp\/v2\/media\/335357"}],"wp:attachment":[{"href":"https:\/\/goias.gov.br\/cultura\/wp-json\/wp\/v2\/media?parent=335325"}],"wp:term":[{"taxonomy":"category","embeddable":true,"href":"https:\/\/goias.gov.br\/cultura\/wp-json\/wp\/v2\/categories?post=335325"},{"taxonomy":"post_tag","embeddable":true,"href":"https:\/\/goias.gov.br\/cultura\/wp-json\/wp\/v2\/tags?post=335325"}],"curies":[{"name":"wp","href":"https:\/\/api.w.org\/{rel}","templated":true}]}}