

{"id":331999,"date":"2026-02-27T13:24:55","date_gmt":"2026-02-27T16:24:55","guid":{"rendered":"https:\/\/goias.gov.br\/cultura\/?p=331999"},"modified":"2026-02-27T13:24:55","modified_gmt":"2026-02-27T16:24:55","slug":"secult-goias-movimenta-o-fim-de-semana-com-musica-cinema-e-artes-visuais","status":"publish","type":"post","link":"https:\/\/goias.gov.br\/cultura\/secult-goias-movimenta-o-fim-de-semana-com-musica-cinema-e-artes-visuais\/","title":{"rendered":"Secult Goi\u00e1s movimenta o fim de semana com m\u00fasica, cinema e artes visuais"},"content":{"rendered":"\n<figure class=\"wp-block-gallery has-nested-images columns-default is-cropped wp-block-gallery-1 is-layout-flex wp-block-gallery-is-layout-flex\">\n<figure class=\"wp-block-image size-large\"><img fetchpriority=\"high\" decoding=\"async\" width=\"1024\" height=\"576\" data-id=\"332011\" src=\"https:\/\/goias.gov.br\/cultura\/wp-content\/uploads\/sites\/25\/2026\/02\/SECULT_IMAGENS_EM_TRANSITO_NA_VILA_CULTURA_CORA_CORALINA-1215x683-1-1024x576.jpeg\" alt=\"\" class=\"wp-image-332011\" srcset=\"https:\/\/goias.gov.br\/cultura\/wp-content\/uploads\/sites\/25\/2026\/02\/SECULT_IMAGENS_EM_TRANSITO_NA_VILA_CULTURA_CORA_CORALINA-1215x683-1-1024x576.jpeg 1024w, https:\/\/goias.gov.br\/cultura\/wp-content\/uploads\/sites\/25\/2026\/02\/SECULT_IMAGENS_EM_TRANSITO_NA_VILA_CULTURA_CORA_CORALINA-1215x683-1-300x169.jpeg 300w, https:\/\/goias.gov.br\/cultura\/wp-content\/uploads\/sites\/25\/2026\/02\/SECULT_IMAGENS_EM_TRANSITO_NA_VILA_CULTURA_CORA_CORALINA-1215x683-1-768x432.jpeg 768w, https:\/\/goias.gov.br\/cultura\/wp-content\/uploads\/sites\/25\/2026\/02\/SECULT_IMAGENS_EM_TRANSITO_NA_VILA_CULTURA_CORA_CORALINA-1215x683-1.jpeg 1215w\" sizes=\"(max-width: 1024px) 100vw, 1024px\" \/><\/figure>\n\n\n\n<figure class=\"wp-block-image size-large\"><img decoding=\"async\" width=\"1024\" height=\"575\" data-id=\"332010\" src=\"https:\/\/goias.gov.br\/cultura\/wp-content\/uploads\/sites\/25\/2026\/02\/Museu-Ferroviario_Foto-Secult-Goias-1215x682-1-1024x575.jpeg\" alt=\"\" class=\"wp-image-332010\" srcset=\"https:\/\/goias.gov.br\/cultura\/wp-content\/uploads\/sites\/25\/2026\/02\/Museu-Ferroviario_Foto-Secult-Goias-1215x682-1-1024x575.jpeg 1024w, https:\/\/goias.gov.br\/cultura\/wp-content\/uploads\/sites\/25\/2026\/02\/Museu-Ferroviario_Foto-Secult-Goias-1215x682-1-300x168.jpeg 300w, https:\/\/goias.gov.br\/cultura\/wp-content\/uploads\/sites\/25\/2026\/02\/Museu-Ferroviario_Foto-Secult-Goias-1215x682-1-768x431.jpeg 768w, https:\/\/goias.gov.br\/cultura\/wp-content\/uploads\/sites\/25\/2026\/02\/Museu-Ferroviario_Foto-Secult-Goias-1215x682-1.jpeg 1215w\" sizes=\"(max-width: 1024px) 100vw, 1024px\" \/><\/figure>\n<\/figure>\n\n\n\n<p class=\"has-text-align-center\"><em>Agenda diversificada e acess\u00edvel leva estreias, shows e exposi\u00e7\u00f5es \u00e0 capital e ao interior<\/em><\/p>\n\n\n\n<p>A Secretaria de Estado da Cultura de Goi\u00e1s (Secult Goi\u00e1s) preparou uma programa\u00e7\u00e3o especial para o fim de semana, reunindo atividades de cinema, m\u00fasica e artes visuais, com o objetivo de ampliar o acesso \u00e0 cultura e dialogar com p\u00fablicos diversos. Com a\u00e7\u00f5es na capital e no interior, a iniciativa busca fortalecer a presen\u00e7a da produ\u00e7\u00e3o art\u00edstica no cotidiano da popula\u00e7\u00e3o e democratizar ainda mais o acesso \u00e0s atividades culturais.<\/p>\n\n\n\n<p>Em Goi\u00e2nia, o fim de semana come\u00e7a em ritmo de celebra\u00e7\u00e3o com as \u00faltimas atra\u00e7\u00f5es do Claque Cultural, no Est\u00e1dio Ol\u00edmpico. Nesta sexta-feira, dia 27, a programa\u00e7\u00e3o tem in\u00edcio \u00e0s 19h e a grande atra\u00e7\u00e3o da noite \u00e9 o cantor Zeca Baleiro. No s\u00e1bado (28), o palco \u00e9 do cantor Gabriel, o Pensador, com show \u00e0s 16h. A entrada \u00e9 gratuita, sem necessidade de retirada de ingressos.<\/p>\n\n\n\n<p>No Cine Cultura, o destaque \u00e9 a segunda etapa do festival Ghibli Fest, que traz ao p\u00fablico produ\u00e7\u00f5es do renomado Studio Ghibli. Tamb\u00e9m estreia o filme Sirat, dirigido por Oliver Laxe, que acompanha a jornada de um pai e seu filho em busca da filha desaparecida nos desertos do sul de Marrocos. O longa-metragem Sonhos de Trem, indicado ao Oscar, segue em cartaz, al\u00e9m de outras 15 produ\u00e7\u00f5es. Os ingressos custam R$ 20 (inteira) e R$ 10 (meia), com pagamento em dinheiro ou via Pix.<\/p>\n\n\n\n<p>No Centro Cultural Martim Cerer\u00ea, o fim de semana marca o retorno do festival Cidade Rock, que realiza sua primeira edi\u00e7\u00e3o do ano neste s\u00e1bado (28), a partir das 18h. Entre os destaques da noite est\u00e3o a banda mineira Black Pantera e o grupo Mechanics. A entrada \u00e9 gratuita, mediante doa\u00e7\u00e3o de 1 kg de alimento.<\/p>\n\n\n\n<p>A Vila Cultural Cora Coralina abre a agenda de 2026 com a exposi\u00e7\u00e3o \u201cAquilo que fica e outros fantasmas\u201d, da artista Maria Clara Curti. A mostra investiga a dimens\u00e3o do vest\u00edgio em um tempo fantasm\u00e1tico, articulando mem\u00f3ria, arquivo e intimidade. A visita\u00e7\u00e3o ocorre diariamente, das 9h \u00e0s 17h, at\u00e9 18 de mar\u00e7o, com entrada gratuita.<\/p>\n\n\n\n<p><strong>Interior<\/strong><br>Na cidade de Pires do Rio, o Cine Ferrovi\u00e1rio exibe na grade de cinema a mostra \u201cReino Animado: Uma viagem pelo mundo dos bichos\u201d, com seis curtas-metragens que conduzem o p\u00fablico por hist\u00f3rias protagonizadas por animais, abordando temas como amizade, aventura e preserva\u00e7\u00e3o do planeta. As sess\u00f5es s\u00e3o gratuitas e acontecem nesta sexta-feira (27), \u00e0s 19h, e no s\u00e1bado (28), \u00e0s 16h.<\/p>\n\n\n\n<p><strong>Fotos<\/strong>: Secult Goi\u00e1s<\/p>\n","protected":false},"excerpt":{"rendered":"<p>Agenda diversificada e acess\u00edvel leva estreias, shows e exposi\u00e7\u00f5es \u00e0 capital e ao interior A Secretaria de Estado da Cultura de Goi\u00e1s (Secult Goi\u00e1s) preparou uma programa\u00e7\u00e3o especial para o fim de semana, reunindo atividades de cinema, m\u00fasica e artes visuais, com o objetivo de ampliar o acesso \u00e0 cultura e dialogar com p\u00fablicos diversos. [&hellip;]<\/p>\n","protected":false},"author":740,"featured_media":332011,"comment_status":"closed","ping_status":"open","sticky":false,"template":"","format":"standard","meta":{"footnotes":""},"categories":[339,218],"tags":[],"class_list":["post-331999","post","type-post","status-publish","format-standard","has-post-thumbnail","hentry","category-noticias","category-unidades"],"rttpg_featured_image_url":{"full":["https:\/\/goias.gov.br\/cultura\/wp-content\/uploads\/sites\/25\/2026\/02\/SECULT_IMAGENS_EM_TRANSITO_NA_VILA_CULTURA_CORA_CORALINA-1215x683-1.jpeg",1215,683,false],"landscape":["https:\/\/goias.gov.br\/cultura\/wp-content\/uploads\/sites\/25\/2026\/02\/SECULT_IMAGENS_EM_TRANSITO_NA_VILA_CULTURA_CORA_CORALINA-1215x683-1.jpeg",1215,683,false],"portraits":["https:\/\/goias.gov.br\/cultura\/wp-content\/uploads\/sites\/25\/2026\/02\/SECULT_IMAGENS_EM_TRANSITO_NA_VILA_CULTURA_CORA_CORALINA-1215x683-1.jpeg",1215,683,false],"thumbnail":["https:\/\/goias.gov.br\/cultura\/wp-content\/uploads\/sites\/25\/2026\/02\/SECULT_IMAGENS_EM_TRANSITO_NA_VILA_CULTURA_CORA_CORALINA-1215x683-1-150x150.jpeg",150,150,true],"medium":["https:\/\/goias.gov.br\/cultura\/wp-content\/uploads\/sites\/25\/2026\/02\/SECULT_IMAGENS_EM_TRANSITO_NA_VILA_CULTURA_CORA_CORALINA-1215x683-1-300x169.jpeg",300,169,true],"large":["https:\/\/goias.gov.br\/cultura\/wp-content\/uploads\/sites\/25\/2026\/02\/SECULT_IMAGENS_EM_TRANSITO_NA_VILA_CULTURA_CORA_CORALINA-1215x683-1-1024x576.jpeg",1024,576,true],"1536x1536":["https:\/\/goias.gov.br\/cultura\/wp-content\/uploads\/sites\/25\/2026\/02\/SECULT_IMAGENS_EM_TRANSITO_NA_VILA_CULTURA_CORA_CORALINA-1215x683-1.jpeg",1215,683,false],"2048x2048":["https:\/\/goias.gov.br\/cultura\/wp-content\/uploads\/sites\/25\/2026\/02\/SECULT_IMAGENS_EM_TRANSITO_NA_VILA_CULTURA_CORA_CORALINA-1215x683-1.jpeg",1215,683,false],"mailpoet_newsletter_max":["https:\/\/goias.gov.br\/cultura\/wp-content\/uploads\/sites\/25\/2026\/02\/SECULT_IMAGENS_EM_TRANSITO_NA_VILA_CULTURA_CORA_CORALINA-1215x683-1.jpeg",1215,683,false]},"rttpg_author":{"display_name":"mateusbeneti","author_link":"https:\/\/goias.gov.br\/cultura\/author\/mateusbeneti\/"},"rttpg_comment":0,"rttpg_category":"<a href=\"https:\/\/goias.gov.br\/cultura\/categoria\/noticias\/\" rel=\"category tag\">Not\u00edcias<\/a> <a href=\"https:\/\/goias.gov.br\/cultura\/categoria\/unidades\/\" rel=\"category tag\">Unidades<\/a>","rttpg_excerpt":"Agenda diversificada e acess\u00edvel leva estreias, shows e exposi\u00e7\u00f5es \u00e0 capital e ao interior A Secretaria de Estado da Cultura de Goi\u00e1s (Secult Goi\u00e1s) preparou uma programa\u00e7\u00e3o especial para o fim de semana, reunindo atividades de cinema, m\u00fasica e artes visuais, com o objetivo de ampliar o acesso \u00e0 cultura e dialogar com p\u00fablicos diversos.&hellip;","_links":{"self":[{"href":"https:\/\/goias.gov.br\/cultura\/wp-json\/wp\/v2\/posts\/331999","targetHints":{"allow":["GET"]}}],"collection":[{"href":"https:\/\/goias.gov.br\/cultura\/wp-json\/wp\/v2\/posts"}],"about":[{"href":"https:\/\/goias.gov.br\/cultura\/wp-json\/wp\/v2\/types\/post"}],"author":[{"embeddable":true,"href":"https:\/\/goias.gov.br\/cultura\/wp-json\/wp\/v2\/users\/740"}],"replies":[{"embeddable":true,"href":"https:\/\/goias.gov.br\/cultura\/wp-json\/wp\/v2\/comments?post=331999"}],"version-history":[{"count":1,"href":"https:\/\/goias.gov.br\/cultura\/wp-json\/wp\/v2\/posts\/331999\/revisions"}],"predecessor-version":[{"id":332015,"href":"https:\/\/goias.gov.br\/cultura\/wp-json\/wp\/v2\/posts\/331999\/revisions\/332015"}],"wp:featuredmedia":[{"embeddable":true,"href":"https:\/\/goias.gov.br\/cultura\/wp-json\/wp\/v2\/media\/332011"}],"wp:attachment":[{"href":"https:\/\/goias.gov.br\/cultura\/wp-json\/wp\/v2\/media?parent=331999"}],"wp:term":[{"taxonomy":"category","embeddable":true,"href":"https:\/\/goias.gov.br\/cultura\/wp-json\/wp\/v2\/categories?post=331999"},{"taxonomy":"post_tag","embeddable":true,"href":"https:\/\/goias.gov.br\/cultura\/wp-json\/wp\/v2\/tags?post=331999"}],"curies":[{"name":"wp","href":"https:\/\/api.w.org\/{rel}","templated":true}]}}