

{"id":329243,"date":"2026-02-24T08:15:42","date_gmt":"2026-02-24T11:15:42","guid":{"rendered":"https:\/\/goias.gov.br\/cultura\/?p=329243"},"modified":"2026-02-24T08:15:42","modified_gmt":"2026-02-24T11:15:42","slug":"solo-brasil-abre-temporada-do-mpb-em-serie-com-apresentacoes-gratuitas-em-goiania-e-brasilia","status":"publish","type":"post","link":"https:\/\/goias.gov.br\/cultura\/solo-brasil-abre-temporada-do-mpb-em-serie-com-apresentacoes-gratuitas-em-goiania-e-brasilia\/","title":{"rendered":"Solo Brasil abre temporada do MPB em S\u00e9rie com apresenta\u00e7\u00f5es gratuitas em Goi\u00e2nia e Bras\u00edlia"},"content":{"rendered":"\n<figure class=\"wp-block-gallery has-nested-images columns-default is-cropped wp-block-gallery-1 is-layout-flex wp-block-gallery-is-layout-flex\">\n<figure class=\"wp-block-image size-large\"><img fetchpriority=\"high\" decoding=\"async\" width=\"960\" height=\"642\" data-id=\"329263\" src=\"https:\/\/goias.gov.br\/cultura\/wp-content\/uploads\/sites\/25\/2026\/02\/Show2000.jpeg\" alt=\"\" class=\"wp-image-329263\" srcset=\"https:\/\/goias.gov.br\/cultura\/wp-content\/uploads\/sites\/25\/2026\/02\/Show2000.jpeg 960w, https:\/\/goias.gov.br\/cultura\/wp-content\/uploads\/sites\/25\/2026\/02\/Show2000-300x201.jpeg 300w, https:\/\/goias.gov.br\/cultura\/wp-content\/uploads\/sites\/25\/2026\/02\/Show2000-768x514.jpeg 768w\" sizes=\"(max-width: 960px) 100vw, 960px\" \/><\/figure>\n\n\n\n<figure class=\"wp-block-image size-large\"><img decoding=\"async\" width=\"1024\" height=\"613\" data-id=\"329264\" src=\"https:\/\/goias.gov.br\/cultura\/wp-content\/uploads\/sites\/25\/2026\/02\/WhatsApp-Image-2025-05-07-at-14.46.41-1024x613.jpeg\" alt=\"\" class=\"wp-image-329264\" srcset=\"https:\/\/goias.gov.br\/cultura\/wp-content\/uploads\/sites\/25\/2026\/02\/WhatsApp-Image-2025-05-07-at-14.46.41-1024x613.jpeg 1024w, https:\/\/goias.gov.br\/cultura\/wp-content\/uploads\/sites\/25\/2026\/02\/WhatsApp-Image-2025-05-07-at-14.46.41-300x180.jpeg 300w, https:\/\/goias.gov.br\/cultura\/wp-content\/uploads\/sites\/25\/2026\/02\/WhatsApp-Image-2025-05-07-at-14.46.41-768x460.jpeg 768w, https:\/\/goias.gov.br\/cultura\/wp-content\/uploads\/sites\/25\/2026\/02\/WhatsApp-Image-2025-05-07-at-14.46.41.jpeg 1280w\" sizes=\"(max-width: 1024px) 100vw, 1024px\" \/><\/figure>\n\n\n\n<figure class=\"wp-block-image size-large\"><img decoding=\"async\" width=\"960\" height=\"720\" data-id=\"329265\" src=\"https:\/\/goias.gov.br\/cultura\/wp-content\/uploads\/sites\/25\/2026\/02\/Show2000-1.jpeg\" alt=\"\" class=\"wp-image-329265\" srcset=\"https:\/\/goias.gov.br\/cultura\/wp-content\/uploads\/sites\/25\/2026\/02\/Show2000-1.jpeg 960w, https:\/\/goias.gov.br\/cultura\/wp-content\/uploads\/sites\/25\/2026\/02\/Show2000-1-300x225.jpeg 300w, https:\/\/goias.gov.br\/cultura\/wp-content\/uploads\/sites\/25\/2026\/02\/Show2000-1-768x576.jpeg 768w, https:\/\/goias.gov.br\/cultura\/wp-content\/uploads\/sites\/25\/2026\/02\/Show2000-1-600x450.jpeg 600w\" sizes=\"(max-width: 960px) 100vw, 960px\" \/><\/figure>\n<\/figure>\n\n\n\n<p class=\"has-text-align-center\"><em>Com apoio do Governo de Goi\u00e1s, espet\u00e1culo percorre a hist\u00f3ria da m\u00fasica brasileira e ter\u00e1 entrada solid\u00e1ria com doa\u00e7\u00e3o de alimentos<\/em><\/p>\n\n\n\n<p>O espet\u00e1culo \u201cSolo Brasil \u2013 Uma Viagem Atrav\u00e9s da M\u00fasica do Brasil\u201d retorna aos palcos para abrir a nova temporada do projeto MPB em S\u00e9rie, com apresenta\u00e7\u00f5es gratuitas em Goi\u00e2nia e Bras\u00edlia. O show ser\u00e1 realizado neste s\u00e1bado (28\/2), \u00e0s 20h, no Teatro SESI, em Goi\u00e2nia, e no domingo (1\u00ba\/3), \u00e0s 17h30, na Casa Thomas Jefferson, em Bras\u00edlia. A entrada \u00e9 gratuita mediante a doa\u00e7\u00e3o de alimentos n\u00e3o perec\u00edveis para a campanha Fieg+Solid\u00e1ria.<\/p>\n\n\n\n<p>No palco, Maria Eug\u00eania divide a cena com os m\u00fasicos Ricardo Le\u00e3o e Orlando Morais, sob dire\u00e7\u00e3o musical de Luiz Chaffin. O repert\u00f3rio percorre diferentes \u00e9pocas, estilos e compositores, revelando conex\u00f5es entre tradi\u00e7\u00e3o e contemporaneidade em uma experi\u00eancia que une mem\u00f3ria, informa\u00e7\u00e3o e emo\u00e7\u00e3o.<\/p>\n\n\n\n<p>Encabe\u00e7ado pelo Grupo Solo Brasil e por Maria Eug\u00eania, o festival celebra 26 anos de trajet\u00f3ria, com passagens por mais de 21 pa\u00edses e quatro continentes, levando a m\u00fasica brasileira a diferentes culturas e localidades. Idealizado pelo embaixador Lauro Moreira, o projeto apresenta um panorama da forma\u00e7\u00e3o da identidade musical do Brasil, combinando narrativa hist\u00f3rica, interpreta\u00e7\u00e3o musical e proje\u00e7\u00f5es audiovisuais.<\/p>\n\n\n\n<p>Criado no final da d\u00e9cada de 1990, a partir da repercuss\u00e3o internacional do disco Pindorama, o Solo Brasil consolidou-se como um dos mais longevos projetos de difus\u00e3o da m\u00fasica brasileira no exterior, com apresenta\u00e7\u00f5es na Am\u00e9rica Latina, Am\u00e9rica Central e Europa, al\u00e9m de registros em CD e DVD.<\/p>\n\n\n\n<p>O espet\u00e1culo conta com apoio do Governo de Goi\u00e1s, por meio do Programa Gyazes, mecanismo de fomento gerenciado pela Secretaria de Estado da Cultura (Secult Goi\u00e1s).<\/p>\n\n\n\n<p><strong>Servi\u00e7o<\/strong><\/p>\n\n\n\n<p>Solo Brasil \u2013 Uma Viagem Atrav\u00e9s da M\u00fasica do Brasil<\/p>\n\n\n\n<p>Goi\u00e2nia<br>Local: Teatro SESI<br>Data: S\u00e1bado (28\/2)<br>Hor\u00e1rio: 20h<\/p>\n\n\n\n<p>Bras\u00edlia<br>Local: Casa Thomas Jefferson (Asa Sul)<br>Data: Domingo (01\/3)<br>Hor\u00e1rio: 17h30<br>Entrada gratuita (sem retirada pr\u00e9via)<\/p>\n\n\n\n<p>A\u00e7\u00e3o solid\u00e1ria: doa\u00e7\u00e3o de alimentos para a campanha Fieg+Solid\u00e1ria<br>Mais informa\u00e7\u00f5es: <a href=\"http:\/\/instagram.com\/mariaeugeniacantora\/\" data-type=\"link\" data-id=\"instagram.com\/mariaeugeniacantora\/\">instagram.com\/mariaeugeniacantora\/<\/a><\/p>\n\n\n\n<p><strong>Fotos:<\/strong> D. S. Retratista<\/p>\n","protected":false},"excerpt":{"rendered":"<p>Com apoio do Governo de Goi\u00e1s, espet\u00e1culo percorre a hist\u00f3ria da m\u00fasica brasileira e ter\u00e1 entrada solid\u00e1ria com doa\u00e7\u00e3o de alimentos O espet\u00e1culo \u201cSolo Brasil \u2013 Uma Viagem Atrav\u00e9s da M\u00fasica do Brasil\u201d retorna aos palcos para abrir a nova temporada do projeto MPB em S\u00e9rie, com apresenta\u00e7\u00f5es gratuitas em Goi\u00e2nia e Bras\u00edlia. O show [&hellip;]<\/p>\n","protected":false},"author":799,"featured_media":329270,"comment_status":"closed","ping_status":"open","sticky":false,"template":"","format":"standard","meta":{"footnotes":""},"categories":[339,374],"tags":[],"class_list":["post-329243","post","type-post","status-publish","format-standard","has-post-thumbnail","hentry","category-noticias","category-programa-goyazes"],"rttpg_featured_image_url":{"full":["https:\/\/goias.gov.br\/cultura\/wp-content\/uploads\/sites\/25\/2026\/02\/WhatsApp-Image-2025-05-07-at-14.46.41-1.jpeg",1280,766,false],"landscape":["https:\/\/goias.gov.br\/cultura\/wp-content\/uploads\/sites\/25\/2026\/02\/WhatsApp-Image-2025-05-07-at-14.46.41-1.jpeg",1280,766,false],"portraits":["https:\/\/goias.gov.br\/cultura\/wp-content\/uploads\/sites\/25\/2026\/02\/WhatsApp-Image-2025-05-07-at-14.46.41-1.jpeg",1280,766,false],"thumbnail":["https:\/\/goias.gov.br\/cultura\/wp-content\/uploads\/sites\/25\/2026\/02\/WhatsApp-Image-2025-05-07-at-14.46.41-1-150x150.jpeg",150,150,true],"medium":["https:\/\/goias.gov.br\/cultura\/wp-content\/uploads\/sites\/25\/2026\/02\/WhatsApp-Image-2025-05-07-at-14.46.41-1-300x180.jpeg",300,180,true],"large":["https:\/\/goias.gov.br\/cultura\/wp-content\/uploads\/sites\/25\/2026\/02\/WhatsApp-Image-2025-05-07-at-14.46.41-1-1024x613.jpeg",1024,613,true],"1536x1536":["https:\/\/goias.gov.br\/cultura\/wp-content\/uploads\/sites\/25\/2026\/02\/WhatsApp-Image-2025-05-07-at-14.46.41-1.jpeg",1280,766,false],"2048x2048":["https:\/\/goias.gov.br\/cultura\/wp-content\/uploads\/sites\/25\/2026\/02\/WhatsApp-Image-2025-05-07-at-14.46.41-1.jpeg",1280,766,false],"mailpoet_newsletter_max":["https:\/\/goias.gov.br\/cultura\/wp-content\/uploads\/sites\/25\/2026\/02\/WhatsApp-Image-2025-05-07-at-14.46.41-1.jpeg",1280,766,false]},"rttpg_author":{"display_name":"matheusomoreira","author_link":"https:\/\/goias.gov.br\/cultura\/author\/matheusomoreira\/"},"rttpg_comment":0,"rttpg_category":"<a href=\"https:\/\/goias.gov.br\/cultura\/categoria\/noticias\/\" rel=\"category tag\">Not\u00edcias<\/a> <a href=\"https:\/\/goias.gov.br\/cultura\/categoria\/programa-goyazes\/\" rel=\"category tag\">Programa Goyazes<\/a>","rttpg_excerpt":"Com apoio do Governo de Goi\u00e1s, espet\u00e1culo percorre a hist\u00f3ria da m\u00fasica brasileira e ter\u00e1 entrada solid\u00e1ria com doa\u00e7\u00e3o de alimentos O espet\u00e1culo \u201cSolo Brasil \u2013 Uma Viagem Atrav\u00e9s da M\u00fasica do Brasil\u201d retorna aos palcos para abrir a nova temporada do projeto MPB em S\u00e9rie, com apresenta\u00e7\u00f5es gratuitas em Goi\u00e2nia e Bras\u00edlia. O show&hellip;","_links":{"self":[{"href":"https:\/\/goias.gov.br\/cultura\/wp-json\/wp\/v2\/posts\/329243","targetHints":{"allow":["GET"]}}],"collection":[{"href":"https:\/\/goias.gov.br\/cultura\/wp-json\/wp\/v2\/posts"}],"about":[{"href":"https:\/\/goias.gov.br\/cultura\/wp-json\/wp\/v2\/types\/post"}],"author":[{"embeddable":true,"href":"https:\/\/goias.gov.br\/cultura\/wp-json\/wp\/v2\/users\/799"}],"replies":[{"embeddable":true,"href":"https:\/\/goias.gov.br\/cultura\/wp-json\/wp\/v2\/comments?post=329243"}],"version-history":[{"count":1,"href":"https:\/\/goias.gov.br\/cultura\/wp-json\/wp\/v2\/posts\/329243\/revisions"}],"predecessor-version":[{"id":329275,"href":"https:\/\/goias.gov.br\/cultura\/wp-json\/wp\/v2\/posts\/329243\/revisions\/329275"}],"wp:featuredmedia":[{"embeddable":true,"href":"https:\/\/goias.gov.br\/cultura\/wp-json\/wp\/v2\/media\/329270"}],"wp:attachment":[{"href":"https:\/\/goias.gov.br\/cultura\/wp-json\/wp\/v2\/media?parent=329243"}],"wp:term":[{"taxonomy":"category","embeddable":true,"href":"https:\/\/goias.gov.br\/cultura\/wp-json\/wp\/v2\/categories?post=329243"},{"taxonomy":"post_tag","embeddable":true,"href":"https:\/\/goias.gov.br\/cultura\/wp-json\/wp\/v2\/tags?post=329243"}],"curies":[{"name":"wp","href":"https:\/\/api.w.org\/{rel}","templated":true}]}}