

{"id":321484,"date":"2026-02-05T16:09:45","date_gmt":"2026-02-05T19:09:45","guid":{"rendered":"https:\/\/goias.gov.br\/cultura\/?p=321484"},"modified":"2026-02-05T16:09:45","modified_gmt":"2026-02-05T19:09:45","slug":"inscricoes-para-encontro-da-economia-criativa-de-goias-comecam-nesta-quinta-feira-5-2","status":"publish","type":"post","link":"https:\/\/goias.gov.br\/cultura\/inscricoes-para-encontro-da-economia-criativa-de-goias-comecam-nesta-quinta-feira-5-2\/","title":{"rendered":"Inscri\u00e7\u00f5es para Encontro da Economia Criativa de Goi\u00e1s come\u00e7am nesta quinta-feira (5\/2)"},"content":{"rendered":"\n<figure class=\"wp-block-image size-large\"><img fetchpriority=\"high\" decoding=\"async\" width=\"1024\" height=\"680\" src=\"https:\/\/goias.gov.br\/cultura\/wp-content\/uploads\/sites\/25\/2026\/02\/WhatsApp-Image-2026-02-05-at-15.54.23-1024x680.jpeg\" alt=\"\" class=\"wp-image-321491\" srcset=\"https:\/\/goias.gov.br\/cultura\/wp-content\/uploads\/sites\/25\/2026\/02\/WhatsApp-Image-2026-02-05-at-15.54.23-1024x680.jpeg 1024w, https:\/\/goias.gov.br\/cultura\/wp-content\/uploads\/sites\/25\/2026\/02\/WhatsApp-Image-2026-02-05-at-15.54.23-300x199.jpeg 300w, https:\/\/goias.gov.br\/cultura\/wp-content\/uploads\/sites\/25\/2026\/02\/WhatsApp-Image-2026-02-05-at-15.54.23-768x510.jpeg 768w, https:\/\/goias.gov.br\/cultura\/wp-content\/uploads\/sites\/25\/2026\/02\/WhatsApp-Image-2026-02-05-at-15.54.23-1536x1020.jpeg 1536w, https:\/\/goias.gov.br\/cultura\/wp-content\/uploads\/sites\/25\/2026\/02\/WhatsApp-Image-2026-02-05-at-15.54.23-1320x876.jpeg 1320w, https:\/\/goias.gov.br\/cultura\/wp-content\/uploads\/sites\/25\/2026\/02\/WhatsApp-Image-2026-02-05-at-15.54.23.jpeg 1600w\" sizes=\"(max-width: 1024px) 100vw, 1024px\" \/><\/figure>\n\n\n\n<p class=\"has-text-align-center\"><em>Evento ser\u00e1 realizado nos dias 3 e 4 de mar\u00e7o, na Assembleia Legislativa de Goi\u00e1s, e re\u00fane gestores p\u00fablicos, agentes culturais e trabalhadores da cultura<\/em><\/p>\n\n\n\n<p>O Governo de Goi\u00e1s, por meio da Secretaria de Estado da Cultura de Goi\u00e1s (Secult), abre, nesta quinta-feira (5\/2), as inscri\u00e7\u00f5es para Encontro da Economia Criativa do Setor Cultural do Estado, que ser\u00e1 realizado nos dias 3 e 4 de mar\u00e7o, na Assembleia Legislativa de Goi\u00e1s (Alego). A iniciativa \u00e9 fruto de parceria institucional entre a Secult e o Servi\u00e7o Brasileiro de Apoio \u00e0s Micro e Pequenas Empresas (Sebrae), com apoio da Alego, e integra as a\u00e7\u00f5es estrat\u00e9gicas da administra\u00e7\u00e3o estadual para o fortalecimento da economia da cultura no estado.<\/p>\n\n\n\n<p>Com programa\u00e7\u00e3o gratuita, a primeira edi\u00e7\u00e3o do evento contar\u00e1 com palestras e consultorias especializadas voltadas a gestores p\u00fablicos, agentes culturais e trabalhadores da cultura interessados em compreender, planejar e atuar de forma mais qualificada no cen\u00e1rio cultural e criativo dos pr\u00f3ximos anos. Entre os palestrantes confirmados est\u00e3o nomes de destaque nacional, como o fil\u00f3sofo Luiz Felipe Pond\u00e9 e a mestre em Direito Tribut\u00e1rio Daniella Galv\u00e3o, que abordar\u00e3o temas relacionados \u00e0 gest\u00e3o, inova\u00e7\u00e3o e aspectos legais da economia criativa.<\/p>\n\n\n\n<p>Durante o evento, a Secult tamb\u00e9m far\u00e1 o lan\u00e7amento dos editais da Pol\u00edtica Nacional Aldir Blanc (PNAB) Goi\u00e1s 2026, ampliando as oportunidades de fomento e investimento no setor cultural goiano. Para a secret\u00e1ria de Estado da Cultura, Yara Nunes, o Encontro representa um passo importante na consolida\u00e7\u00e3o da cultura como vetor de desenvolvimento. \u201cNosso objetivo \u00e9 explorar o potencial da cultura como atividade produtiva, geradora de trabalho, renda e desenvolvimento econ\u00f4mico para os munic\u00edpios goianos. Queremos contribuir para a qualifica\u00e7\u00e3o da gest\u00e3o p\u00fablica e para a profissionaliza\u00e7\u00e3o do setor cultural, oferecendo respostas concretas e caminhos claros para quem vive da cultura\u201d, afirma.<\/p>\n\n\n\n<p><strong>Consultorias gratuitas<\/strong><\/p>\n\n\n\n<p>Ao longo dos dois dias de programa\u00e7\u00e3o, o Sebrae oferecer\u00e1 consultorias individuais e gratuitas, com orienta\u00e7\u00e3o pr\u00e1tica, personalizada e estrat\u00e9gica. Ser\u00e3o tr\u00eas consultores atuando simultaneamente, em salas exclusivas e mediante agendamento no local. As consultorias s\u00e3o destinadas tanto a gestores e t\u00e9cnicos das prefeituras, com foco em planejamento, pol\u00edticas p\u00fablicas e economia criativa local, quanto a artistas, produtores, coletivos e empreendedores criativos, abordando temas como formaliza\u00e7\u00e3o, sustentabilidade econ\u00f4mica e profissionaliza\u00e7\u00e3o. A programa\u00e7\u00e3o completa e as inscri\u00e7\u00f5es est\u00e3o dispon\u00edveis no link <a href=\"http:\/\/goias.gov.br\/cultura\/economiacriativa\">goias.gov.br\/cultura\/economiacriativa<\/a>.<\/p>\n\n\n\n<p><strong>Fotos: <\/strong>Kamilla Brand\u00e3o<\/p>\n","protected":false},"excerpt":{"rendered":"<p>Evento ser\u00e1 realizado nos dias 3 e 4 de mar\u00e7o, na Assembleia Legislativa de Goi\u00e1s, e re\u00fane gestores p\u00fablicos, agentes culturais e trabalhadores da cultura O Governo de Goi\u00e1s, por meio da Secretaria de Estado da Cultura de Goi\u00e1s (Secult), abre, nesta quinta-feira (5\/2), as inscri\u00e7\u00f5es para Encontro da Economia Criativa do Setor Cultural do [&hellip;]<\/p>\n","protected":false},"author":396,"featured_media":321494,"comment_status":"closed","ping_status":"open","sticky":false,"template":"","format":"standard","meta":{"footnotes":""},"categories":[339],"tags":[],"class_list":["post-321484","post","type-post","status-publish","format-standard","has-post-thumbnail","hentry","category-noticias"],"rttpg_featured_image_url":{"full":["https:\/\/goias.gov.br\/cultura\/wp-content\/uploads\/sites\/25\/2026\/02\/WhatsApp-Image-2026-02-05-at-15.54.23-1.jpeg",1600,1078,false],"landscape":["https:\/\/goias.gov.br\/cultura\/wp-content\/uploads\/sites\/25\/2026\/02\/WhatsApp-Image-2026-02-05-at-15.54.23-1.jpeg",1600,1078,false],"portraits":["https:\/\/goias.gov.br\/cultura\/wp-content\/uploads\/sites\/25\/2026\/02\/WhatsApp-Image-2026-02-05-at-15.54.23-1.jpeg",1600,1078,false],"thumbnail":["https:\/\/goias.gov.br\/cultura\/wp-content\/uploads\/sites\/25\/2026\/02\/WhatsApp-Image-2026-02-05-at-15.54.23-1-150x150.jpeg",150,150,true],"medium":["https:\/\/goias.gov.br\/cultura\/wp-content\/uploads\/sites\/25\/2026\/02\/WhatsApp-Image-2026-02-05-at-15.54.23-1-300x202.jpeg",300,202,true],"large":["https:\/\/goias.gov.br\/cultura\/wp-content\/uploads\/sites\/25\/2026\/02\/WhatsApp-Image-2026-02-05-at-15.54.23-1-1024x690.jpeg",1024,690,true],"1536x1536":["https:\/\/goias.gov.br\/cultura\/wp-content\/uploads\/sites\/25\/2026\/02\/WhatsApp-Image-2026-02-05-at-15.54.23-1-1536x1035.jpeg",1536,1035,true],"2048x2048":["https:\/\/goias.gov.br\/cultura\/wp-content\/uploads\/sites\/25\/2026\/02\/WhatsApp-Image-2026-02-05-at-15.54.23-1.jpeg",1600,1078,false],"mailpoet_newsletter_max":["https:\/\/goias.gov.br\/cultura\/wp-content\/uploads\/sites\/25\/2026\/02\/WhatsApp-Image-2026-02-05-at-15.54.23-1-1320x889.jpeg",1320,889,true]},"rttpg_author":{"display_name":"giovanaalmeida","author_link":"https:\/\/goias.gov.br\/cultura\/author\/giovanaalmeida\/"},"rttpg_comment":0,"rttpg_category":"<a href=\"https:\/\/goias.gov.br\/cultura\/categoria\/noticias\/\" rel=\"category tag\">Not\u00edcias<\/a>","rttpg_excerpt":"Evento ser\u00e1 realizado nos dias 3 e 4 de mar\u00e7o, na Assembleia Legislativa de Goi\u00e1s, e re\u00fane gestores p\u00fablicos, agentes culturais e trabalhadores da cultura O Governo de Goi\u00e1s, por meio da Secretaria de Estado da Cultura de Goi\u00e1s (Secult), abre, nesta quinta-feira (5\/2), as inscri\u00e7\u00f5es para Encontro da Economia Criativa do Setor Cultural do&hellip;","_links":{"self":[{"href":"https:\/\/goias.gov.br\/cultura\/wp-json\/wp\/v2\/posts\/321484","targetHints":{"allow":["GET"]}}],"collection":[{"href":"https:\/\/goias.gov.br\/cultura\/wp-json\/wp\/v2\/posts"}],"about":[{"href":"https:\/\/goias.gov.br\/cultura\/wp-json\/wp\/v2\/types\/post"}],"author":[{"embeddable":true,"href":"https:\/\/goias.gov.br\/cultura\/wp-json\/wp\/v2\/users\/396"}],"replies":[{"embeddable":true,"href":"https:\/\/goias.gov.br\/cultura\/wp-json\/wp\/v2\/comments?post=321484"}],"version-history":[{"count":1,"href":"https:\/\/goias.gov.br\/cultura\/wp-json\/wp\/v2\/posts\/321484\/revisions"}],"predecessor-version":[{"id":321503,"href":"https:\/\/goias.gov.br\/cultura\/wp-json\/wp\/v2\/posts\/321484\/revisions\/321503"}],"wp:featuredmedia":[{"embeddable":true,"href":"https:\/\/goias.gov.br\/cultura\/wp-json\/wp\/v2\/media\/321494"}],"wp:attachment":[{"href":"https:\/\/goias.gov.br\/cultura\/wp-json\/wp\/v2\/media?parent=321484"}],"wp:term":[{"taxonomy":"category","embeddable":true,"href":"https:\/\/goias.gov.br\/cultura\/wp-json\/wp\/v2\/categories?post=321484"},{"taxonomy":"post_tag","embeddable":true,"href":"https:\/\/goias.gov.br\/cultura\/wp-json\/wp\/v2\/tags?post=321484"}],"curies":[{"name":"wp","href":"https:\/\/api.w.org\/{rel}","templated":true}]}}