

{"id":301628,"date":"2026-01-06T08:54:45","date_gmt":"2026-01-06T11:54:45","guid":{"rendered":"https:\/\/goias.gov.br\/cultura\/?p=301628"},"modified":"2026-04-16T14:32:03","modified_gmt":"2026-04-16T17:32:03","slug":"chamamentos-publicos-2026-lei-13-019-14","status":"publish","type":"post","link":"https:\/\/goias.gov.br\/cultura\/chamamentos-publicos-2026-lei-13-019-14\/","title":{"rendered":"Chamamentos P\u00fablicos 2026 (Lei 13.019\/14)"},"content":{"rendered":"\n<p class=\"has-text-align-center\"><strong>CHAMAMENTO P\u00daBLICO N\u00b0 02\/2026 \u2013 SECULT<\/strong><br>Processo: 202517645004523&nbsp;<\/p>\n\n\n\n<p><strong>Objeto<\/strong>: &nbsp;Torna p\u00fablico o Chamamento P\u00fablico n\u00ba 02\/2026 \u2013 SECULT, que tem por objeto selecionar Organiza\u00e7\u00e3o da Sociedade Civil (OSC) para firmar parceria por meio de Termo de Colabora\u00e7\u00e3o, para executar em regime de colabora\u00e7\u00e3o o Circuito das Cavalhadas 2026, nos termos da Lei Federal 13.019\/2014.<\/p>\n\n\n\n<p><strong>Documentos<\/strong>:<br>&#8211; <a href=\"https:\/\/goias.gov.br\/cultura\/wp-content\/uploads\/sites\/25\/2026\/02\/SEI_86425409_Aviso_de_Chamamento_Publico_02.pdf\">Aviso de Chamamento P\u00fablico 02\/2026<\/a><br>&#8211; <a href=\"https:\/\/goias.gov.br\/cultura\/wp-content\/uploads\/sites\/25\/2026\/02\/chamamento022026secultgo.pdf\">Aviso de Chamamento P\u00fablico N\u00ba 02\/2006 &#8211; DOE<\/a><br>&#8211; <a href=\"https:\/\/goias.gov.br\/cultura\/wp-content\/uploads\/sites\/25\/2026\/02\/SEI_86405347_Edital.pdf\">Edital <\/a><br>&#8211; <a href=\"https:\/\/goias.gov.br\/cultura\/wp-content\/uploads\/sites\/25\/2026\/02\/SEI_86427989_Termo.pdf\">ANEXO I &#8211; Termo de Refer\u00eancia <\/a><br>&#8211; <a href=\"https:\/\/goias.gov.br\/cultura\/wp-content\/uploads\/sites\/25\/2026\/02\/SEI_86405514_ANEXO.pdf\">ANEXO II ao VII &#8211; DECLARA\u00c7\u00d5ES <\/a><br>&#8211; <a href=\"https:\/\/goias.gov.br\/cultura\/wp-content\/uploads\/sites\/25\/2026\/02\/SEI_86405993_ANEXO.pdf\">ANEXO VIII &#8211; DIRETRIZES e MODELO DE PLANO DE TRABALHO<\/a><br>&#8211; <a href=\"https:\/\/goias.gov.br\/cultura\/wp-content\/uploads\/sites\/25\/2026\/02\/SEI_86406084_ANEXO.pdf\">ANEXO IX &#8211; MINUTA DO TERMO DE COLABORA\u00c7\u00c3O<\/a><br>&#8211; <a href=\"https:\/\/goias.gov.br\/cultura\/wp-content\/uploads\/sites\/25\/2026\/02\/SEI_86432774_Portaria_Secult_14_.pdf\">Portaria Secult 14, de 13 de novembro de 2025 &#8211; Comiss\u00e3o de Sele\u00e7\u00e3o<\/a><br>&#8211; <a href=\"https:\/\/goias.gov.br\/cultura\/wp-content\/uploads\/sites\/25\/2026\/02\/portaria14chamamento022026secultgo.pdf\">Comiss\u00e3o de Sele\u00e7\u00e3o &#8211; Portaria SECULT n\u00ba 14\/2026<\/a><br>&#8211; <a href=\"https:\/\/goias.gov.br\/cultura\/wp-content\/uploads\/sites\/25\/2026\/02\/ChamamentoPublico22026sessao.pdf\">Comunicado 1 &#8211; Sess\u00e3o P\u00fablica, 16 de mar\u00e7o de 2026, \u00e0s 10h<\/a><br>&#8211; <a href=\"https:\/\/goias.gov.br\/cultura\/wp-content\/uploads\/sites\/25\/2026\/03\/Cronograma___1__Alteracao.pdf\">1\u00aa Altera\u00e7\u00e3o do Cronograma, \u201cTabela 2\u201d, item \u201c11.1\u201d referente ao EDITAL DE CHAMAMENTO P\u00daBLICO N\u00ba 02\/2026 &#8211; SECULT\/GO<\/a><br>&#8211; <a href=\"https:\/\/goias.gov.br\/cultura\/wp-content\/uploads\/sites\/25\/2026\/03\/Resultado_Preliminar.pdf\">Resultado Preliminar<\/a><br>&#8211; <a href=\"https:\/\/goias.gov.br\/cultura\/wp-content\/uploads\/sites\/25\/2026\/03\/Cronograma___2__Alteracao.pdf\">2\u00aa Altera\u00e7\u00e3o do Cronograma, \u201cTabela 2\u201d, item \u201c11.1\u201d referente ao EDITAL DE CHAMAMENTO P\u00daBLICO N\u00ba 02\/2026 &#8211; SECULT\/GO<\/a><br>&#8211; <a href=\"https:\/\/goias.gov.br\/cultura\/wp-content\/uploads\/sites\/25\/2026\/04\/diario_oficial_2026_04_07_completo.pdf\">3\u00aa Altera\u00e7\u00e3o do Cronograma, \u201cTabela 2\u201d, item \u201c11.1\u201d referente ao EDITAL DE CHAMAMENTO P\u00daBLICO N\u00ba 02\/2026 &#8211; SECULT\/GO<\/a><br>&#8211; <a href=\"https:\/\/goias.gov.br\/cultura\/wp-content\/uploads\/sites\/25\/2026\/04\/SEI_GOVERNADORIA-88693046-Ata.pdf\">Ata 2 de Reuni\u00e3o da Comiss\u00e3o de Sele\u00e7\u00e3o<br><\/a>&#8211; <a href=\"https:\/\/goias.gov.br\/cultura\/wp-content\/uploads\/sites\/25\/2026\/04\/SEI_GOVERNADORIA-88612310-Resultado-Final.pdf\">Resultado Final e Homologa\u00e7\u00e3o<br><\/a>&#8211; <a href=\"https:\/\/goias.gov.br\/cultura\/wp-content\/uploads\/sites\/25\/2026\/04\/SEI_GOVERNADORIA-88612961-Parecer.pdf\">Parecer 360 de M\u00e9rito<\/a><br>&#8211; <a href=\"https:\/\/goias.gov.br\/cultura\/wp-content\/uploads\/sites\/25\/2026\/04\/diario_oficial_2026-04-16_pag_95.pdf\">Extrato do Termo de Colabora\u00e7\u00e3o N\u00ba 3\/2026 &#8211; SECULT<\/a><\/p>\n\n\n\n<hr class=\"wp-block-separator has-alpha-channel-opacity\"\/>\n\n\n\n<p class=\"has-text-align-center\"><strong>CHAMAMENTO P\u00daBLICO N\u00b0 01\/2026 \u2013 SECULT<\/strong><br>Processo: 202517645004175&nbsp;<\/p>\n\n\n\n<p><strong>Objeto<\/strong>: &nbsp;Torna p\u00fablico o Chamamento P\u00fablico n\u00ba 01\/2026 \u2013 SECULT, que tem por objeto a ades\u00e3o institucional volunt\u00e1ria de at\u00e9 120 (cento e vinte) munic\u00edpios e distritos do Estado de Goi\u00e1s ao projeto \u201cCineLeitura do Bem &#8211; Cultura que Aproxima\u201d, iniciativa de car\u00e1ter cultural, social e educativo, financiada com recursos do Fundo PROTEGE Goi\u00e1s. A consulta do Edital e de seus Anexos, bem como de todos os atos, convoca\u00e7\u00f5es e resultados\/julgamentos, poder\u00e1 ser feita pelo s\u00edtio eletr\u00f4nico: www.cultura.go.gov.br. <\/p>\n\n\n\n<p>Eventuais d\u00favidas quanto \u00e0 interpreta\u00e7\u00e3o do Edital dever\u00e3o ser encaminhadas exclusivamente por meio eletr\u00f4nico, para o e-mail: planejamento.secult@goias.gov.br.<\/p>\n\n\n\n<p><strong>Inscri\u00e7\u00f5es<\/strong> no per\u00edodo de <strong>16\/12\/2025<\/strong> a <strong>20\/01\/2026<\/strong>: <a href=\"https:\/\/forms.office.com\/r\/U8s2E2hmFu\">https:\/\/forms.office.com\/r\/U8s2E2hmFu<\/a><\/p>\n\n\n\n<p><strong>Documentos<\/strong>:<br><a href=\"https:\/\/goias.gov.br\/cultura\/wp-content\/uploads\/sites\/25\/2026\/01\/diario_oficial_2026-01-16_suplemento_pag_3.pdf\">Aviso de Chamamento P\u00fablico N\u00b0 01\/2026<br><\/a><a href=\"https:\/\/goias.gov.br\/cultura\/wp-content\/uploads\/sites\/25\/2026\/01\/1768591320_SEI_85022756_Edital.pdf\">Edital de Chamamento P\u00fablico N\u00ba 01\/2026<\/a><br><a href=\"https:\/\/goias.gov.br\/cultura\/wp-content\/uploads\/sites\/25\/2026\/01\/diario_oficial_2026-01-23_suplemento_pag_3.pdf\">Aviso de Reabertura de Prazo de Inscri\u00e7\u00f5es (at\u00e9 05\/02\/2026)<\/a><br><a href=\"https:\/\/goias.gov.br\/cultura\/wp-content\/uploads\/sites\/25\/2026\/02\/ExtratoCineLeituraBem.pdf\">Extrato do Termo de Colabora\u00e7\u00e3o N\u00ba 01\/2026 &#8211; SECULT<\/a><br><a href=\"https:\/\/goias.gov.br\/cultura\/wp-content\/uploads\/sites\/25\/2026\/03\/diario_oficial_2026-03-17_pag_88.pdf\">Comiss\u00e3o de Avalia\u00e7\u00e3o do CineLeitura do Bem<\/a><br><a href=\"https:\/\/goias.gov.br\/cultura\/wp-content\/uploads\/sites\/25\/2026\/04\/Doe-10.04.pdf\">Comiss\u00e3o de Avalia\u00e7\u00e3o e Sele\u00e7\u00e3o<\/a> &#8211; 10 de abril<\/p>\n\n\n\n<p><a href=\"https:\/\/goias.gov.br\/cultura\/wp-content\/uploads\/sites\/25\/2026\/02\/ExtratoCineLeituraBem.pdf\"><br><\/a><br><\/p>\n\n\n\n<p><\/p>\n","protected":false},"excerpt":{"rendered":"<p>CHAMAMENTO P\u00daBLICO N\u00b0 02\/2026 \u2013 SECULTProcesso: 202517645004523&nbsp; Objeto: &nbsp;Torna p\u00fablico o Chamamento P\u00fablico n\u00ba 02\/2026 \u2013 SECULT, que tem por objeto selecionar Organiza\u00e7\u00e3o da Sociedade Civil (OSC) para firmar parceria por meio de Termo de Colabora\u00e7\u00e3o, para executar em regime de colabora\u00e7\u00e3o o Circuito das Cavalhadas 2026, nos termos da Lei Federal 13.019\/2014. Documentos:&#8211; Aviso [&hellip;]<\/p>\n","protected":false},"author":323,"featured_media":0,"comment_status":"closed","ping_status":"open","sticky":false,"template":"","format":"standard","meta":{"footnotes":""},"categories":[382],"tags":[],"class_list":["post-301628","post","type-post","status-publish","format-standard","hentry","category-licitacoes-contratacoes"],"rttpg_featured_image_url":null,"rttpg_author":{"display_name":"robertodias","author_link":"https:\/\/goias.gov.br\/cultura\/author\/robertodias\/"},"rttpg_comment":0,"rttpg_category":"<a href=\"https:\/\/goias.gov.br\/cultura\/categoria\/licitacoes-contratacoes\/\" rel=\"category tag\">Licita\u00e7\u00f5es \/ Contrata\u00e7\u00f5es<\/a>","rttpg_excerpt":"CHAMAMENTO P\u00daBLICO N\u00b0 02\/2026 \u2013 SECULTProcesso: 202517645004523&nbsp; Objeto: &nbsp;Torna p\u00fablico o Chamamento P\u00fablico n\u00ba 02\/2026 \u2013 SECULT, que tem por objeto selecionar Organiza\u00e7\u00e3o da Sociedade Civil (OSC) para firmar parceria por meio de Termo de Colabora\u00e7\u00e3o, para executar em regime de colabora\u00e7\u00e3o o Circuito das Cavalhadas 2026, nos termos da Lei Federal 13.019\/2014. Documentos:&#8211; Aviso&hellip;","_links":{"self":[{"href":"https:\/\/goias.gov.br\/cultura\/wp-json\/wp\/v2\/posts\/301628","targetHints":{"allow":["GET"]}}],"collection":[{"href":"https:\/\/goias.gov.br\/cultura\/wp-json\/wp\/v2\/posts"}],"about":[{"href":"https:\/\/goias.gov.br\/cultura\/wp-json\/wp\/v2\/types\/post"}],"author":[{"embeddable":true,"href":"https:\/\/goias.gov.br\/cultura\/wp-json\/wp\/v2\/users\/323"}],"replies":[{"embeddable":true,"href":"https:\/\/goias.gov.br\/cultura\/wp-json\/wp\/v2\/comments?post=301628"}],"version-history":[{"count":2,"href":"https:\/\/goias.gov.br\/cultura\/wp-json\/wp\/v2\/posts\/301628\/revisions"}],"predecessor-version":[{"id":354419,"href":"https:\/\/goias.gov.br\/cultura\/wp-json\/wp\/v2\/posts\/301628\/revisions\/354419"}],"wp:attachment":[{"href":"https:\/\/goias.gov.br\/cultura\/wp-json\/wp\/v2\/media?parent=301628"}],"wp:term":[{"taxonomy":"category","embeddable":true,"href":"https:\/\/goias.gov.br\/cultura\/wp-json\/wp\/v2\/categories?post=301628"},{"taxonomy":"post_tag","embeddable":true,"href":"https:\/\/goias.gov.br\/cultura\/wp-json\/wp\/v2\/tags?post=301628"}],"curies":[{"name":"wp","href":"https:\/\/api.w.org\/{rel}","templated":true}]}}