

{"id":282882,"date":"2025-11-24T15:30:00","date_gmt":"2025-11-24T18:30:00","guid":{"rendered":"https:\/\/goias.gov.br\/cultura\/?p=282882"},"modified":"2025-11-24T14:22:20","modified_gmt":"2025-11-24T17:22:20","slug":"comendas-do-premio-jaburu-2025-serao-entregues-nesta-terca-feira-25-11","status":"publish","type":"post","link":"https:\/\/goias.gov.br\/cultura\/comendas-do-premio-jaburu-2025-serao-entregues-nesta-terca-feira-25-11\/","title":{"rendered":"Comendas do Pr\u00eamio Jaburu 2025 ser\u00e3o entregues nesta ter\u00e7a-feira (25\/11)"},"content":{"rendered":"\n<figure class=\"wp-block-image size-full\"><img fetchpriority=\"high\" decoding=\"async\" width=\"768\" height=\"512\" src=\"https:\/\/goias.gov.br\/cultura\/wp-content\/uploads\/sites\/25\/2025\/11\/ademir-luiz_foto-leo-iran.jpg\" alt=\"\" class=\"wp-image-282883\" srcset=\"https:\/\/goias.gov.br\/cultura\/wp-content\/uploads\/sites\/25\/2025\/11\/ademir-luiz_foto-leo-iran.jpg 768w, https:\/\/goias.gov.br\/cultura\/wp-content\/uploads\/sites\/25\/2025\/11\/ademir-luiz_foto-leo-iran-300x200.jpg 300w\" sizes=\"(max-width: 768px) 100vw, 768px\" \/><\/figure>\n\n\n\n<p class=\"has-text-align-center\"><em>O escritor, cr\u00edtico liter\u00e1rio e professor universit\u00e1rio Ademir Luiz ser\u00e1 agraciado com a principal honraria concedida pelo Conselho Estadual de Cultura<\/em><\/p>\n\n\n\n<p>O Conselho Estadual de Cultura entrega, nesta ter\u00e7a-feira (25\/11), as comendas da edi\u00e7\u00e3o de 2025 do Pr\u00eamio Jaburu, premia\u00e7\u00e3o que homenageia personalidades e valores da cultura goiana, reconhecendo, desde 1980, talentos que moldam a identidade do Estado. A solenidade \u00e9 gratuita e ser\u00e1 realizada \u00e0s 19h, no Audit\u00f3rio Mauro Borges (Pal\u00e1cio Pedro Ludovico Teixeira).&nbsp;<\/p>\n\n\n\n<p>O Trof\u00e9u Jaburu, maior comenda cultural de Goi\u00e1s, ser\u00e1 concedido ao escritor e professor universit\u00e1rio Ademir Luiz, presidente da Uni\u00e3o Brasileira de Escritores (UBE) Se\u00e7\u00e3o Goi\u00e1s e ocupante da cadeira 31 da Academia Goiana de Letras (AGL). Al\u00e9m da condecora\u00e7\u00e3o principal, ser\u00e3o entregues seis Medalhas de M\u00e9rito Cultural, e oito Diplomas de Destaque Cultural do Ano.<\/p>\n\n\n\n<p>A honraria agracia representantes de diferentes linguagens, o que demonstra sua abrang\u00eancia e seu compromisso com o acompanhamento de toda a produ\u00e7\u00e3o cultural do Estado. A primeira homenageada, em 1980, foi a poetisa Cora Coralina, e outras figuras relevantes a receberem a honraria foram Bernardo \u00c9lis, Marcos Fayad, Ant\u00f4nio Poteiro, D.J. Oliveira, Bariani Ort\u00eancio, L\u00eada Selma, entre outros. Em edi\u00e7\u00f5es recentes, o trof\u00e9u foi entregue a Marcelo Sol\u00e1 (artes visuais) e a Maria Zita Ferreira (artes c\u00eanicas, dan\u00e7a).<\/p>\n\n\n\n<p><strong>Servi\u00e7o<\/strong><br><em>Solenidade de entrega do Pr\u00eamio Jaburu 2025<br><\/em>Data: Ter\u00e7a-feira (25\/11)<br>Hor\u00e1rio: 19h<br>Local: Audit\u00f3rio Mauro Borges (Pal\u00e1cio Pedro Ludovico Teixeira), R. 82, 400 \u2013 St. Central, Goi\u00e2nia \u2013 GO<br>Entrada gratuita<\/p>\n\n\n\n<p><strong>Foto:<\/strong> Leo Iran\/Jornal Op\u00e7\u00e3o<\/p>\n","protected":false},"excerpt":{"rendered":"<p>O escritor, cr\u00edtico liter\u00e1rio e professor universit\u00e1rio Ademir Luiz ser\u00e1 agraciado com a principal honraria concedida pelo Conselho Estadual de Cultura O Conselho Estadual de Cultura entrega, nesta ter\u00e7a-feira (25\/11), as comendas da edi\u00e7\u00e3o de 2025 do Pr\u00eamio Jaburu, premia\u00e7\u00e3o que homenageia personalidades e valores da cultura goiana, reconhecendo, desde 1980, talentos que moldam a [&hellip;]<\/p>\n","protected":false},"author":396,"featured_media":282885,"comment_status":"closed","ping_status":"open","sticky":false,"template":"","format":"standard","meta":{"footnotes":""},"categories":[339],"tags":[],"class_list":["post-282882","post","type-post","status-publish","format-standard","has-post-thumbnail","hentry","category-noticias"],"rttpg_featured_image_url":{"full":["https:\/\/goias.gov.br\/cultura\/wp-content\/uploads\/sites\/25\/2025\/11\/ademir-luiz_foto-leo-iran-1.jpg",768,512,false],"landscape":["https:\/\/goias.gov.br\/cultura\/wp-content\/uploads\/sites\/25\/2025\/11\/ademir-luiz_foto-leo-iran-1.jpg",768,512,false],"portraits":["https:\/\/goias.gov.br\/cultura\/wp-content\/uploads\/sites\/25\/2025\/11\/ademir-luiz_foto-leo-iran-1.jpg",768,512,false],"thumbnail":["https:\/\/goias.gov.br\/cultura\/wp-content\/uploads\/sites\/25\/2025\/11\/ademir-luiz_foto-leo-iran-1-150x150.jpg",150,150,true],"medium":["https:\/\/goias.gov.br\/cultura\/wp-content\/uploads\/sites\/25\/2025\/11\/ademir-luiz_foto-leo-iran-1-300x200.jpg",300,200,true],"large":["https:\/\/goias.gov.br\/cultura\/wp-content\/uploads\/sites\/25\/2025\/11\/ademir-luiz_foto-leo-iran-1.jpg",768,512,false],"1536x1536":["https:\/\/goias.gov.br\/cultura\/wp-content\/uploads\/sites\/25\/2025\/11\/ademir-luiz_foto-leo-iran-1.jpg",768,512,false],"2048x2048":["https:\/\/goias.gov.br\/cultura\/wp-content\/uploads\/sites\/25\/2025\/11\/ademir-luiz_foto-leo-iran-1.jpg",768,512,false],"mailpoet_newsletter_max":["https:\/\/goias.gov.br\/cultura\/wp-content\/uploads\/sites\/25\/2025\/11\/ademir-luiz_foto-leo-iran-1.jpg",768,512,false]},"rttpg_author":{"display_name":"giovanaalmeida","author_link":"https:\/\/goias.gov.br\/cultura\/author\/giovanaalmeida\/"},"rttpg_comment":0,"rttpg_category":"<a href=\"https:\/\/goias.gov.br\/cultura\/categoria\/noticias\/\" rel=\"category tag\">Not\u00edcias<\/a>","rttpg_excerpt":"O escritor, cr\u00edtico liter\u00e1rio e professor universit\u00e1rio Ademir Luiz ser\u00e1 agraciado com a principal honraria concedida pelo Conselho Estadual de Cultura O Conselho Estadual de Cultura entrega, nesta ter\u00e7a-feira (25\/11), as comendas da edi\u00e7\u00e3o de 2025 do Pr\u00eamio Jaburu, premia\u00e7\u00e3o que homenageia personalidades e valores da cultura goiana, reconhecendo, desde 1980, talentos que moldam a&hellip;","_links":{"self":[{"href":"https:\/\/goias.gov.br\/cultura\/wp-json\/wp\/v2\/posts\/282882","targetHints":{"allow":["GET"]}}],"collection":[{"href":"https:\/\/goias.gov.br\/cultura\/wp-json\/wp\/v2\/posts"}],"about":[{"href":"https:\/\/goias.gov.br\/cultura\/wp-json\/wp\/v2\/types\/post"}],"author":[{"embeddable":true,"href":"https:\/\/goias.gov.br\/cultura\/wp-json\/wp\/v2\/users\/396"}],"replies":[{"embeddable":true,"href":"https:\/\/goias.gov.br\/cultura\/wp-json\/wp\/v2\/comments?post=282882"}],"version-history":[{"count":2,"href":"https:\/\/goias.gov.br\/cultura\/wp-json\/wp\/v2\/posts\/282882\/revisions"}],"predecessor-version":[{"id":282890,"href":"https:\/\/goias.gov.br\/cultura\/wp-json\/wp\/v2\/posts\/282882\/revisions\/282890"}],"wp:featuredmedia":[{"embeddable":true,"href":"https:\/\/goias.gov.br\/cultura\/wp-json\/wp\/v2\/media\/282885"}],"wp:attachment":[{"href":"https:\/\/goias.gov.br\/cultura\/wp-json\/wp\/v2\/media?parent=282882"}],"wp:term":[{"taxonomy":"category","embeddable":true,"href":"https:\/\/goias.gov.br\/cultura\/wp-json\/wp\/v2\/categories?post=282882"},{"taxonomy":"post_tag","embeddable":true,"href":"https:\/\/goias.gov.br\/cultura\/wp-json\/wp\/v2\/tags?post=282882"}],"curies":[{"name":"wp","href":"https:\/\/api.w.org\/{rel}","templated":true}]}}