

{"id":224405,"date":"2025-08-27T09:35:00","date_gmt":"2025-08-27T12:35:00","guid":{"rendered":"https:\/\/goias.gov.br\/cultura\/?p=224405"},"modified":"2025-08-27T12:05:10","modified_gmt":"2025-08-27T15:05:10","slug":"secult-goias-abre-edital-para-selecao-de-empresas-do-audiovisual-irem-a-ventana-sur-2025","status":"publish","type":"post","link":"https:\/\/goias.gov.br\/cultura\/secult-goias-abre-edital-para-selecao-de-empresas-do-audiovisual-irem-a-ventana-sur-2025\/","title":{"rendered":"Secult Goi\u00e1s abre edital para sele\u00e7\u00e3o de empresas do audiovisual irem \u00e0 Ventana Sur 2025"},"content":{"rendered":"\n<p class=\"has-text-align-center\">Certame \u00e9 viabilizado por recursos remanejados da Lei Federal Paulo Gustavo.<\/p>\n\n\n\n<p class=\"has-text-align-center\">Feira Internacional ser\u00e1 realizada de 1\u00ba a 5 de dezembro, na Argentina<\/p>\n\n\n\n<p>Com objetivo de selecionar quatro empresas goianas para participarem da 17\u00aa Ventana Sur, a Secretaria de Estado da Cultura (Secult Goi\u00e1s) lan\u00e7a o Edital de Chamamento P\u00fablico n\u00ba 1\/2025 \u2013 Apoio a Empresas do Setor Audiovisual em Feiras de Neg\u00f3cio \u2013 Ventana Sur 2025. O evento ser\u00e1 realizado de 1\u00ba a 5 de dezembro de 2025, em Buenos Aires, Argentina. As inscri\u00e7\u00f5es devem ser feitas pela plataforma Baru a partir desta quinta-feira (28\/8) a 5 de setembro e o edital pode ser conferido <a href=\"https:\/\/goias.gov.br\/cultura\/edital-2025-lei-paulo-gustavo\/\">aqui.<\/a> <\/p>\n\n\n\n<p>O certame \u00e9 viabilizado por recursos de devolu\u00e7\u00f5es da Lei Federal Paulo Gustavo oriundos da devolu\u00e7\u00e3o das premia\u00e7\u00f5es de projetos que n\u00e3o foram executados. Cada empresa selecionada receber\u00e1 R$ 11.750,00 e ter\u00e1 direito a enviar um representante ao evento. Caso deseje levar mais de uma pessoa, os custos adicionais dever\u00e3o ser assumidos pela pr\u00f3pria empresa.<\/p>\n\n\n\n<p>A secret\u00e1ria de Estado da Cultura, Yara Nunes, afirma que a participa\u00e7\u00e3o de empresas goianas na Ventana Sur representa uma oportunidade estrat\u00e9gica de internacionaliza\u00e7\u00e3o do audiovisual produzido em Goi\u00e1s. \u201cCom este edital, conseguimos transformar recursos n\u00e3o utilizados da Lei Paulo Gustavo em investimento direto na economia criativa. Estamos fortalecendo a presen\u00e7a de Goi\u00e1s em um dos maiores mercados da Am\u00e9rica Latina\u201d, ressalta a titular da cultura.<\/p>\n\n\n\n<p>J\u00e1 o gerente de audiovisual da Secult Goi\u00e1s, Gabriel Bastos, refor\u00e7a que o evento \u201c\u00e9 a oportunidade perfeita para que produtoras goianas se conectem com o mercado global, divulguem suas produ\u00e7\u00f5es, gerem neg\u00f3cios atrav\u00e9s de pitching e impulsionem a economia goiana\u201d.<\/p>\n\n\n\n<p><strong>Ventana Sur 2025<\/strong><\/p>\n\n\n\n<p>A feira Ventana Sur \u00e9 reconhecida por impulsionar talentos latino-americanos e promover parcerias internacionais, sendo uma plataforma estrat\u00e9gica para neg\u00f3cios, coprodu\u00e7\u00f5es, acesso a financiamento externo e distribui\u00e7\u00e3o em novos mercados. A feira re\u00fane anualmente cerca de 3.000 profissionais do setor audiovisual de todo o mundo.<\/p>\n\n\n\n<p>Coorganizada pelo March\u00e9 du Film \u2013 Festival de Cannes, o Instituto Nacional de Cinema e Artes Audiovisuais da Argentina (INCAA) e a Ag\u00eancia Uruguaia de Cinema e Audiovisual (ACAU), a edi\u00e7\u00e3o 2025 ser\u00e1 realizada pela primeira vez no ic\u00f4nico Palacio Libertad, no cora\u00e7\u00e3o de Buenos Aires, e contar\u00e1 com espa\u00e7os dedicados a cinema, s\u00e9ries, anima\u00e7\u00e3o, document\u00e1rios e videogames.<\/p>\n\n\n\n<p><strong>Lei Paulo Gustavo<\/strong><\/p>\n\n\n\n<p>Desde outubro de 2024, Goi\u00e1s tem se destacado na execu\u00e7\u00e3o da Lei Paulo Gustavo, quando alcan\u00e7ou o 1\u00ba lugar no Centro-Oeste e 3\u00ba lugar no Brasil. Inicialmente, o governo federal repassou o total de R$ 68.579.249,85 a Secult Goi\u00e1s para atender aos artistas goianos por meio de 20 certames, que contemplaram diversas categorias art\u00edsticas. O percentual acima de 100% foi alcan\u00e7ado gra\u00e7as \u00e0 agilidade da Pasta na utiliza\u00e7\u00e3o dos recursos revertidos de munic\u00edpios goianos. Um total de R$ 72,5 milh\u00f5es foram destinados a 665 proponentes.<\/p>\n\n\n\n<p><strong>Servi\u00e7o<\/strong><\/p>\n\n\n\n<p>\u00a0Edital dispon\u00edvel na plataforma <a href=\"https:\/\/goias.gov.br\/cultura\/edital-2025-lei-paulo-gustavo\">BARU<\/a><\/p>\n\n\n\n<p>&nbsp;Inscri\u00e7\u00f5es: de 28\/8 at\u00e9 as 23h59 de 5\/9\/25 (hor\u00e1rio de Bras\u00edlia)<\/p>\n\n\n\n<p>&nbsp;D\u00favidas e informa\u00e7\u00f5es: geraudiovisual@goias.gov.br | (62) 3201-4666<\/p>\n\n\n\n<p><\/p>\n","protected":false},"excerpt":{"rendered":"<p>Certame \u00e9 viabilizado por recursos remanejados da Lei Federal Paulo Gustavo. Feira Internacional ser\u00e1 realizada de 1\u00ba a 5 de dezembro, na Argentina Com objetivo de selecionar quatro empresas goianas para participarem da 17\u00aa Ventana Sur, a Secretaria de Estado da Cultura (Secult Goi\u00e1s) lan\u00e7a o Edital de Chamamento P\u00fablico n\u00ba 1\/2025 \u2013 Apoio a [&hellip;]<\/p>\n","protected":false},"author":328,"featured_media":118454,"comment_status":"closed","ping_status":"open","sticky":false,"template":"","format":"standard","meta":{"footnotes":""},"categories":[367,339],"tags":[],"class_list":["post-224405","post","type-post","status-publish","format-standard","has-post-thumbnail","hentry","category-lei-paulo-gustavo","category-noticias"],"rttpg_featured_image_url":{"full":["https:\/\/goias.gov.br\/cultura\/wp-content\/uploads\/sites\/25\/2025\/02\/Centro_Cultural_Marietta_Telles_2-b2e-1200x600-c-default.jpeg",1200,600,false],"landscape":["https:\/\/goias.gov.br\/cultura\/wp-content\/uploads\/sites\/25\/2025\/02\/Centro_Cultural_Marietta_Telles_2-b2e-1200x600-c-default.jpeg",1200,600,false],"portraits":["https:\/\/goias.gov.br\/cultura\/wp-content\/uploads\/sites\/25\/2025\/02\/Centro_Cultural_Marietta_Telles_2-b2e-1200x600-c-default.jpeg",1200,600,false],"thumbnail":["https:\/\/goias.gov.br\/cultura\/wp-content\/uploads\/sites\/25\/2025\/02\/Centro_Cultural_Marietta_Telles_2-b2e-1200x600-c-default-150x150.jpeg",150,150,true],"medium":["https:\/\/goias.gov.br\/cultura\/wp-content\/uploads\/sites\/25\/2025\/02\/Centro_Cultural_Marietta_Telles_2-b2e-1200x600-c-default-300x150.jpeg",300,150,true],"large":["https:\/\/goias.gov.br\/cultura\/wp-content\/uploads\/sites\/25\/2025\/02\/Centro_Cultural_Marietta_Telles_2-b2e-1200x600-c-default-1024x512.jpeg",1024,512,true],"1536x1536":["https:\/\/goias.gov.br\/cultura\/wp-content\/uploads\/sites\/25\/2025\/02\/Centro_Cultural_Marietta_Telles_2-b2e-1200x600-c-default.jpeg",1200,600,false],"2048x2048":["https:\/\/goias.gov.br\/cultura\/wp-content\/uploads\/sites\/25\/2025\/02\/Centro_Cultural_Marietta_Telles_2-b2e-1200x600-c-default.jpeg",1200,600,false],"mailpoet_newsletter_max":["https:\/\/goias.gov.br\/cultura\/wp-content\/uploads\/sites\/25\/2025\/02\/Centro_Cultural_Marietta_Telles_2-b2e-1200x600-c-default.jpeg",1200,600,false]},"rttpg_author":{"display_name":"ketllyndeus","author_link":"https:\/\/goias.gov.br\/cultura\/author\/ketllyndeus\/"},"rttpg_comment":0,"rttpg_category":"<a href=\"https:\/\/goias.gov.br\/cultura\/categoria\/lei-paulo-gustavo\/\" rel=\"category tag\">Lei Paulo Gustavo<\/a> <a href=\"https:\/\/goias.gov.br\/cultura\/categoria\/noticias\/\" rel=\"category tag\">Not\u00edcias<\/a>","rttpg_excerpt":"Certame \u00e9 viabilizado por recursos remanejados da Lei Federal Paulo Gustavo. Feira Internacional ser\u00e1 realizada de 1\u00ba a 5 de dezembro, na Argentina Com objetivo de selecionar quatro empresas goianas para participarem da 17\u00aa Ventana Sur, a Secretaria de Estado da Cultura (Secult Goi\u00e1s) lan\u00e7a o Edital de Chamamento P\u00fablico n\u00ba 1\/2025 \u2013 Apoio a&hellip;","_links":{"self":[{"href":"https:\/\/goias.gov.br\/cultura\/wp-json\/wp\/v2\/posts\/224405","targetHints":{"allow":["GET"]}}],"collection":[{"href":"https:\/\/goias.gov.br\/cultura\/wp-json\/wp\/v2\/posts"}],"about":[{"href":"https:\/\/goias.gov.br\/cultura\/wp-json\/wp\/v2\/types\/post"}],"author":[{"embeddable":true,"href":"https:\/\/goias.gov.br\/cultura\/wp-json\/wp\/v2\/users\/328"}],"replies":[{"embeddable":true,"href":"https:\/\/goias.gov.br\/cultura\/wp-json\/wp\/v2\/comments?post=224405"}],"version-history":[{"count":2,"href":"https:\/\/goias.gov.br\/cultura\/wp-json\/wp\/v2\/posts\/224405\/revisions"}],"predecessor-version":[{"id":225827,"href":"https:\/\/goias.gov.br\/cultura\/wp-json\/wp\/v2\/posts\/224405\/revisions\/225827"}],"wp:featuredmedia":[{"embeddable":true,"href":"https:\/\/goias.gov.br\/cultura\/wp-json\/wp\/v2\/media\/118454"}],"wp:attachment":[{"href":"https:\/\/goias.gov.br\/cultura\/wp-json\/wp\/v2\/media?parent=224405"}],"wp:term":[{"taxonomy":"category","embeddable":true,"href":"https:\/\/goias.gov.br\/cultura\/wp-json\/wp\/v2\/categories?post=224405"},{"taxonomy":"post_tag","embeddable":true,"href":"https:\/\/goias.gov.br\/cultura\/wp-json\/wp\/v2\/tags?post=224405"}],"curies":[{"name":"wp","href":"https:\/\/api.w.org\/{rel}","templated":true}]}}