

{"id":215470,"date":"2025-08-12T12:00:00","date_gmt":"2025-08-12T15:00:00","guid":{"rendered":"https:\/\/goias.gov.br\/cultura\/?p=215470"},"modified":"2025-08-12T10:45:33","modified_gmt":"2025-08-12T13:45:33","slug":"divulgado-resultado-preliminar-do-edital-ocupa-goias","status":"publish","type":"post","link":"https:\/\/goias.gov.br\/cultura\/divulgado-resultado-preliminar-do-edital-ocupa-goias\/","title":{"rendered":"Divulgado resultado preliminar do edital Ocupa Goi\u00e1s"},"content":{"rendered":"\n<p class=\"has-text-align-center\"><em>Proponentes podem entrar com recurso entre os dias 13 e 15 de agosto<\/em><\/p>\n\n\n\n<p>A Secretaria de Estado da Cultura (Secult) divulgou, nesta ter\u00e7a-feira (12\/8), o resultado preliminar do edital Ocupa Goi\u00e1s, do Fundo de Arte e Cultura (FAC). As informa\u00e7\u00f5es est\u00e3o dispon\u00edveis no site <a href=\"http:\/\/fundodearte.cultura.go.gov.br\">fundodearte.cultura.go.gov.br<\/a>.<\/p>\n\n\n\n<p>Com investimento total de R$1,2 milh\u00e3o, o edital visa promover a ocupa\u00e7\u00e3o art\u00edstica de espa\u00e7os p\u00fablicos e culturais no estado. O certame contempla projetos para se apresentarem no Centro Cultural Trabalhista e em sua esplanada no Tribunal Regional do Trabalho (TRT 18\u00ba Regi\u00e3o), em Goi\u00e2nia, e em pra\u00e7as e parques de Aparecida de Goi\u00e2nia e Jaragu\u00e1 (10 em cada munic\u00edpio).<\/p>\n\n\n\n<p>Todos os proponentes que tiveram os projetos avaliados podem entrar com recurso entre os dias 13 e 15 de agosto. O resultado final do edital ser\u00e1 divulgado no dia 22 de agosto nos sites da Secult Goi\u00e1s e do FAC.<\/p>\n","protected":false},"excerpt":{"rendered":"<p>Proponentes podem entrar com recurso entre os dias 13 e 15 de agosto A Secretaria de Estado da Cultura (Secult) divulgou, nesta ter\u00e7a-feira (12\/8), o resultado preliminar do edital Ocupa Goi\u00e1s, do Fundo de Arte e Cultura (FAC). As informa\u00e7\u00f5es est\u00e3o dispon\u00edveis no site fundodearte.cultura.go.gov.br. Com investimento total de R$1,2 milh\u00e3o, o edital visa promover [&hellip;]<\/p>\n","protected":false},"author":396,"featured_media":195344,"comment_status":"closed","ping_status":"open","sticky":false,"template":"","format":"standard","meta":{"footnotes":""},"categories":[349,339],"tags":[],"class_list":["post-215470","post","type-post","status-publish","format-standard","has-post-thumbnail","hentry","category-fundo-de-arte-e-cultura","category-noticias"],"rttpg_featured_image_url":{"full":["https:\/\/goias.gov.br\/cultura\/wp-content\/uploads\/sites\/25\/2025\/07\/WhatsApp-Image-2025-05-26-at-08.51.04.jpeg",1600,720,false],"landscape":["https:\/\/goias.gov.br\/cultura\/wp-content\/uploads\/sites\/25\/2025\/07\/WhatsApp-Image-2025-05-26-at-08.51.04.jpeg",1600,720,false],"portraits":["https:\/\/goias.gov.br\/cultura\/wp-content\/uploads\/sites\/25\/2025\/07\/WhatsApp-Image-2025-05-26-at-08.51.04.jpeg",1600,720,false],"thumbnail":["https:\/\/goias.gov.br\/cultura\/wp-content\/uploads\/sites\/25\/2025\/07\/WhatsApp-Image-2025-05-26-at-08.51.04-150x150.jpeg",150,150,true],"medium":["https:\/\/goias.gov.br\/cultura\/wp-content\/uploads\/sites\/25\/2025\/07\/WhatsApp-Image-2025-05-26-at-08.51.04-300x135.jpeg",300,135,true],"large":["https:\/\/goias.gov.br\/cultura\/wp-content\/uploads\/sites\/25\/2025\/07\/WhatsApp-Image-2025-05-26-at-08.51.04-1024x461.jpeg",1024,461,true],"1536x1536":["https:\/\/goias.gov.br\/cultura\/wp-content\/uploads\/sites\/25\/2025\/07\/WhatsApp-Image-2025-05-26-at-08.51.04-1536x691.jpeg",1536,691,true],"2048x2048":["https:\/\/goias.gov.br\/cultura\/wp-content\/uploads\/sites\/25\/2025\/07\/WhatsApp-Image-2025-05-26-at-08.51.04.jpeg",1600,720,false],"mailpoet_newsletter_max":["https:\/\/goias.gov.br\/cultura\/wp-content\/uploads\/sites\/25\/2025\/07\/WhatsApp-Image-2025-05-26-at-08.51.04-1320x594.jpeg",1320,594,true]},"rttpg_author":{"display_name":"giovanaalmeida","author_link":"https:\/\/goias.gov.br\/cultura\/author\/giovanaalmeida\/"},"rttpg_comment":0,"rttpg_category":"<a href=\"https:\/\/goias.gov.br\/cultura\/categoria\/fundo-de-arte-e-cultura\/\" rel=\"category tag\">Fundo de Arte e Cultura<\/a> <a href=\"https:\/\/goias.gov.br\/cultura\/categoria\/noticias\/\" rel=\"category tag\">Not\u00edcias<\/a>","rttpg_excerpt":"Proponentes podem entrar com recurso entre os dias 13 e 15 de agosto A Secretaria de Estado da Cultura (Secult) divulgou, nesta ter\u00e7a-feira (12\/8), o resultado preliminar do edital Ocupa Goi\u00e1s, do Fundo de Arte e Cultura (FAC). As informa\u00e7\u00f5es est\u00e3o dispon\u00edveis no site fundodearte.cultura.go.gov.br. Com investimento total de R$1,2 milh\u00e3o, o edital visa promover&hellip;","_links":{"self":[{"href":"https:\/\/goias.gov.br\/cultura\/wp-json\/wp\/v2\/posts\/215470","targetHints":{"allow":["GET"]}}],"collection":[{"href":"https:\/\/goias.gov.br\/cultura\/wp-json\/wp\/v2\/posts"}],"about":[{"href":"https:\/\/goias.gov.br\/cultura\/wp-json\/wp\/v2\/types\/post"}],"author":[{"embeddable":true,"href":"https:\/\/goias.gov.br\/cultura\/wp-json\/wp\/v2\/users\/396"}],"replies":[{"embeddable":true,"href":"https:\/\/goias.gov.br\/cultura\/wp-json\/wp\/v2\/comments?post=215470"}],"version-history":[{"count":1,"href":"https:\/\/goias.gov.br\/cultura\/wp-json\/wp\/v2\/posts\/215470\/revisions"}],"predecessor-version":[{"id":215498,"href":"https:\/\/goias.gov.br\/cultura\/wp-json\/wp\/v2\/posts\/215470\/revisions\/215498"}],"wp:featuredmedia":[{"embeddable":true,"href":"https:\/\/goias.gov.br\/cultura\/wp-json\/wp\/v2\/media\/195344"}],"wp:attachment":[{"href":"https:\/\/goias.gov.br\/cultura\/wp-json\/wp\/v2\/media?parent=215470"}],"wp:term":[{"taxonomy":"category","embeddable":true,"href":"https:\/\/goias.gov.br\/cultura\/wp-json\/wp\/v2\/categories?post=215470"},{"taxonomy":"post_tag","embeddable":true,"href":"https:\/\/goias.gov.br\/cultura\/wp-json\/wp\/v2\/tags?post=215470"}],"curies":[{"name":"wp","href":"https:\/\/api.w.org\/{rel}","templated":true}]}}