

{"id":21202,"date":"2023-02-08T08:29:32","date_gmt":"2023-02-08T11:29:32","guid":{"rendered":"https:\/\/siteshom.goias.gov.br\/cultura\/cavalhadas-de-pirenopolis-serao-realizadas-em-maio\/"},"modified":"2025-05-26T15:09:31","modified_gmt":"2025-05-26T18:09:31","slug":"cavalhadas-de-pirenopolis-serao-realizadas-em-maio","status":"publish","type":"post","link":"https:\/\/goias.gov.br\/cultura\/cavalhadas-de-pirenopolis-serao-realizadas-em-maio\/","title":{"rendered":"Cavalhadas de Piren\u00f3polis ser\u00e3o realizadas em maio"},"content":{"rendered":"<img fetchpriority=\"high\" decoding=\"async\" class=\" size-full wp-image-21201\" src=\"http:\/\/goias.gov.br\/cultura\/wp-content\/uploads\/sites\/25\/2023\/02\/WhatsApp_Image_2023-02-08_at_070826_2-1c4.jpeg\" alt=\"\" class=\"caption\" title=\"Cavalhadas de Piren\u00f3polis s\u00e3o uma demonstra\u00e7\u00e3o de religiosidade e cultura, al\u00e9m de incentivo ao turismo e \u00e0 economia local\" width=\"1024\" height=\"678\" srcset=\"https:\/\/goias.gov.br\/cultura\/wp-content\/uploads\/sites\/25\/2023\/02\/WhatsApp_Image_2023-02-08_at_070826_2-1c4.jpeg 1024w, https:\/\/goias.gov.br\/cultura\/wp-content\/uploads\/sites\/25\/2023\/02\/WhatsApp_Image_2023-02-08_at_070826_2-1c4-300x199.jpeg 300w, https:\/\/goias.gov.br\/cultura\/wp-content\/uploads\/sites\/25\/2023\/02\/WhatsApp_Image_2023-02-08_at_070826_2-1c4-768x509.jpeg 768w\" sizes=\"(max-width: 1024px) 100vw, 1024px\" \/>\n<p><em>Festa tradicional ocorrer&aacute; nos dias 28, 29 e 30 no Cavalh&oacute;dromo da cidade. Governo de Goi&aacute;s far&aacute; adequa&ccedil;&otilde;es no espa&ccedil;o para receber p&uacute;blico&nbsp;<\/em><\/p>\n<p>As populares Cavalhadas de Piren&oacute;polis voltar&atilde;o a ocorrer no Cavalh&oacute;dromo da cidade nos dias 28, 29 e 30 de maio. O local estava interditado desde setembro de 2021 por causa de problemas em pontos como arquibancadas, rampas e escadas. Para que o evento seja realizado no habitual campo de batalhas, o Governo de Goi&aacute;s, por meio da Secretaria de Estado da Cultura (Secult), promover&aacute; uma s&eacute;rie de adequa&ccedil;&otilde;es, como a remo&ccedil;&atilde;o de escadas e rampas de acesso que est&atilde;o com as estruturas comprometidas.<\/p>\n<p>&ldquo;As arquibancadas tamb&eacute;m ser&atilde;o isoladas e o espa&ccedil;o ter&aacute; ajustes para receber os camarotes provis&oacute;rios que ser&atilde;o instalados no local&rdquo;, adiantou a secret&aacute;ria interina de Estado da Cultura, Yara Nunes. Ap&oacute;s o evento, a Secult promover&aacute; uma reforma total no Cavalh&oacute;dromo.&nbsp;<\/p>\n<p>Ronaldo F&eacute;lix, secret&aacute;rio de cultura de Piren&oacute;polis, celebra a volta das Cavalhadas para o local. &ldquo;A Festa do Divino possui uma integra&ccedil;&atilde;o entre todas as suas partes, as alvoradas, as prociss&otilde;es, o cortejo do imperador, as novenas; tudo isso acontece em locais muito pr&oacute;ximos uns dos outros. Ent&atilde;o, com o retorno para o Cavalh&oacute;dromo, as Cavalhadas voltam a integrar esse circuito t&atilde;o importante, que &eacute; a caracter&iacute;stica da Festa do Divino&rdquo;, disse.&nbsp;<\/p>\n<p><strong>Hist&oacute;ria<\/strong><br \/>\nAs Cavalhadas s&atilde;o celebra&ccedil;&otilde;es que fazem parte da Festa do Divino Esp&iacute;rito Santo. Inspiradas nas tradi&ccedil;&otilde;es de Portugal e da Espanha na Idade M&eacute;dia, elas ocorrem h&aacute; mais de 200 anos em Goi&aacute;s, como uma demonstra&ccedil;&atilde;o de religiosidade e cultura, al&eacute;m de serem tamb&eacute;m um incentivo ao turismo e &agrave; economia local.&nbsp;<\/p>\n<p>O cen&aacute;rio consiste em uma representa&ccedil;&atilde;o das batalhas entre crist&atilde;os e mouros que ocorreram durante a ocupa&ccedil;&atilde;o moura na Pen&iacute;nsula Ib&eacute;rica (s&eacute;culo IX a s&eacute;culo XV). S&atilde;o dois ex&eacute;rcitos com 12 cavaleiros cada, que durante tr&ecirc;s dias se apresentam, encenando a luta ricamente ornada e com bel&iacute;ssimas coreografias. Junto a essa manifesta&ccedil;&atilde;o, h&aacute; a presen&ccedil;a dos mascarados, personagens incont&aacute;veis que se vestem com m&aacute;scaras e saem &agrave;s ruas, a cavalo ou a p&eacute;, fazendo algazarras.<\/p>\n<p><strong>Secretaria de Estado da Cultura &#8211; Governo de Goi&aacute;s<\/strong><\/p>\n","protected":false},"excerpt":{"rendered":"<p>Festa tradicional ocorrer&aacute; nos dias 28, 29 e 30 no Cavalh&oacute;dromo da cidade. Governo de Goi&aacute;s far&aacute; adequa&ccedil;&otilde;es no espa&ccedil;o para receber p&uacute;blico&nbsp; As populares Cavalhadas de Piren&oacute;polis voltar&atilde;o a ocorrer no Cavalh&oacute;dromo da cidade nos dias 28, 29 e 30 de maio. O local estava interditado desde setembro de 2021 por causa de problemas [&hellip;]<\/p>\n","protected":false},"author":305,"featured_media":21200,"comment_status":"closed","ping_status":"open","sticky":false,"template":"","format":"standard","meta":{"footnotes":""},"categories":[387,339],"tags":[],"class_list":["post-21202","post","type-post","status-publish","format-standard","has-post-thumbnail","hentry","category-cavalhadas","category-noticias"],"rttpg_featured_image_url":{"full":["https:\/\/goias.gov.br\/cultura\/wp-content\/uploads\/sites\/25\/2023\/02\/WhatsApp_Image_2023-02-08_at_070826-019.jpeg",1024,682,false],"landscape":["https:\/\/goias.gov.br\/cultura\/wp-content\/uploads\/sites\/25\/2023\/02\/WhatsApp_Image_2023-02-08_at_070826-019.jpeg",1024,682,false],"portraits":["https:\/\/goias.gov.br\/cultura\/wp-content\/uploads\/sites\/25\/2023\/02\/WhatsApp_Image_2023-02-08_at_070826-019.jpeg",1024,682,false],"thumbnail":["https:\/\/goias.gov.br\/cultura\/wp-content\/uploads\/sites\/25\/2023\/02\/WhatsApp_Image_2023-02-08_at_070826-019-150x150.jpeg",150,150,true],"medium":["https:\/\/goias.gov.br\/cultura\/wp-content\/uploads\/sites\/25\/2023\/02\/WhatsApp_Image_2023-02-08_at_070826-019-300x200.jpeg",300,200,true],"large":["https:\/\/goias.gov.br\/cultura\/wp-content\/uploads\/sites\/25\/2023\/02\/WhatsApp_Image_2023-02-08_at_070826-019.jpeg",1024,682,false],"1536x1536":["https:\/\/goias.gov.br\/cultura\/wp-content\/uploads\/sites\/25\/2023\/02\/WhatsApp_Image_2023-02-08_at_070826-019.jpeg",1024,682,false],"2048x2048":["https:\/\/goias.gov.br\/cultura\/wp-content\/uploads\/sites\/25\/2023\/02\/WhatsApp_Image_2023-02-08_at_070826-019.jpeg",1024,682,false],"mailpoet_newsletter_max":["https:\/\/goias.gov.br\/cultura\/wp-content\/uploads\/sites\/25\/2023\/02\/WhatsApp_Image_2023-02-08_at_070826-019.jpeg",1024,682,false]},"rttpg_author":{"display_name":"carmencc","author_link":"https:\/\/goias.gov.br\/cultura\/author\/carmencc\/"},"rttpg_comment":0,"rttpg_category":"<a href=\"https:\/\/goias.gov.br\/cultura\/categoria\/cavalhadas\/\" rel=\"category tag\">Cavalhadas<\/a> <a href=\"https:\/\/goias.gov.br\/cultura\/categoria\/noticias\/\" rel=\"category tag\">Not\u00edcias<\/a>","rttpg_excerpt":"Festa tradicional ocorrer&aacute; nos dias 28, 29 e 30 no Cavalh&oacute;dromo da cidade. Governo de Goi&aacute;s far&aacute; adequa&ccedil;&otilde;es no espa&ccedil;o para receber p&uacute;blico&nbsp; As populares Cavalhadas de Piren&oacute;polis voltar&atilde;o a ocorrer no Cavalh&oacute;dromo da cidade nos dias 28, 29 e 30 de maio. O local estava interditado desde setembro de 2021 por causa de problemas&hellip;","_links":{"self":[{"href":"https:\/\/goias.gov.br\/cultura\/wp-json\/wp\/v2\/posts\/21202","targetHints":{"allow":["GET"]}}],"collection":[{"href":"https:\/\/goias.gov.br\/cultura\/wp-json\/wp\/v2\/posts"}],"about":[{"href":"https:\/\/goias.gov.br\/cultura\/wp-json\/wp\/v2\/types\/post"}],"author":[{"embeddable":true,"href":"https:\/\/goias.gov.br\/cultura\/wp-json\/wp\/v2\/users\/305"}],"replies":[{"embeddable":true,"href":"https:\/\/goias.gov.br\/cultura\/wp-json\/wp\/v2\/comments?post=21202"}],"version-history":[{"count":1,"href":"https:\/\/goias.gov.br\/cultura\/wp-json\/wp\/v2\/posts\/21202\/revisions"}],"predecessor-version":[{"id":24709,"href":"https:\/\/goias.gov.br\/cultura\/wp-json\/wp\/v2\/posts\/21202\/revisions\/24709"}],"wp:featuredmedia":[{"embeddable":true,"href":"https:\/\/goias.gov.br\/cultura\/wp-json\/wp\/v2\/media\/21200"}],"wp:attachment":[{"href":"https:\/\/goias.gov.br\/cultura\/wp-json\/wp\/v2\/media?parent=21202"}],"wp:term":[{"taxonomy":"category","embeddable":true,"href":"https:\/\/goias.gov.br\/cultura\/wp-json\/wp\/v2\/categories?post=21202"},{"taxonomy":"post_tag","embeddable":true,"href":"https:\/\/goias.gov.br\/cultura\/wp-json\/wp\/v2\/tags?post=21202"}],"curies":[{"name":"wp","href":"https:\/\/api.w.org\/{rel}","templated":true}]}}