

{"id":18762,"date":"2021-07-05T12:23:39","date_gmt":"2021-07-05T15:23:39","guid":{"rendered":"https:\/\/siteshom.goias.gov.br\/cultura\/processo-seletivo\/"},"modified":"2024-03-12T16:13:14","modified_gmt":"2024-03-12T19:13:14","slug":"processo-seletivo","status":"publish","type":"post","link":"https:\/\/goias.gov.br\/cultura\/processo-seletivo\/","title":{"rendered":"Processo Seletivo"},"content":{"rendered":"\n<figure class=\"wp-block-table\"><table><tbody><tr><td>\n<p><strong>Processo Seletivo Simplicado EDITAL N\u00ba 001\/2023<\/strong><\/p>\n<\/td><\/tr><tr><td><a href=\"http:\/\/goias.gov.br\/cultura\/wp-content\/uploads\/sites\/25\/2021\/07\/Edital_01_2023_2GGDP_SGI_GAB_SECULT-4af.pdf\">EDITAL N\u00ba 001\/2023<\/a><\/td><\/tr><tr><td><a href=\"http:\/\/goias.gov.br\/cultura\/wp-content\/uploads\/sites\/25\/2021\/07\/Anexo_I_Cargos_Vagas-448.pdf\">ANEXO I &#8211; CARGOS E VAGAS PARA AMPLA CONCORR\u00caNCIA<\/a><\/td><\/tr><tr><td><a href=\"http:\/\/goias.gov.br\/cultura\/wp-content\/uploads\/sites\/25\/2021\/07\/Anexo_II_Requisitos_Atribuicoes_Experiencias_Desejadas_Remuneracao-300.pdf\">ANEXO II &#8211; DOS REQUISITOS, ATRIBUI\u00c7\u00d5ES, EXPERI\u00caNCIAS DESEJADAS E REMUNERA\u00c7\u00c3O<\/a><\/td><\/tr><tr><td><a href=\"http:\/\/goias.gov.br\/cultura\/wp-content\/uploads\/sites\/25\/2021\/07\/Anexo_III_Declaracao_Experiencia_Setor_Privado-6be.pdf\">ANEXO III &#8211; DECLARA\u00c7\u00c3O DE EXPERI\u00caNCIA NO SETOR PRIVADO<\/a><\/td><\/tr><tr><td><a href=\"http:\/\/goias.gov.br\/cultura\/wp-content\/uploads\/sites\/25\/2021\/07\/Anexo_IV_Declaracao_Experiencia_Setor_Publico-41c.pdf\">ANEXO IV &#8211; DECLARA\u00c7\u00c3O DE EXPERI\u00caNCIA NO SETOR P\u00daBLICO<\/a><\/td><\/tr><tr><td><a href=\"http:\/\/goias.gov.br\/cultura\/wp-content\/uploads\/sites\/25\/2021\/07\/Anexo_V_Declaracao_Profissional_Autonomo_Liberal-b56.pdf\">ANEXO V &#8211; DECLARA\u00c7\u00c3O DE PROFISSIONAL AUT\u00d4NOMO &#8211; LIBERAL<\/a><\/td><\/tr><tr><td><a href=\"http:\/\/goias.gov.br\/cultura\/wp-content\/uploads\/sites\/25\/2021\/07\/Ata_Decisao_Solicitacao_Impugnacao_Edital-e98.pdf\">ATA DE DECIS\u00c3O DA SOLICITA\u00c7\u00c3O DE IMPUGNA\u00c7\u00c3O DO EDITAL<\/a><\/td><\/tr><tr><td><a href=\"https:\/\/docs.google.com\/forms\/d\/e\/1FAIpQLSddMyqbcdkiA9cbC-xEbbv-1QjnABwNsgUmApL1KvaxdKAMtQ\/viewform\">FA\u00c7A SUA INSCRI\u00c7\u00c3O AQUI &#8211; FORMUL\u00c1RIO DE INSCRI\u00c7\u00c3O<\/a><\/td><\/tr><tr><td><s><a href=\"http:\/\/goias.gov.br\/cultura\/wp-content\/uploads\/sites\/25\/2021\/07\/PONTUACAO_GERAL-a40.pdf\">PONTUA\u00c7\u00c3O GERAL<\/a><\/s><\/td><\/tr><tr><td><s><a href=\"http:\/\/goias.gov.br\/cultura\/wp-content\/uploads\/sites\/25\/2021\/07\/CONVOCACAO_FINAL-286.pdf\">CONVOCA\u00c7\u00c3O PARA A AN\u00c1LISE CURRICULAR<\/a><\/s><\/td><\/tr><tr><td><a href=\"http:\/\/goias.gov.br\/cultura\/wp-content\/uploads\/sites\/25\/2021\/07\/rPONTUACAO_GERAL_PSS_SECULT_RETIFICADO-43f.pdf\">PONTUA\u00c7\u00c3O GERAL &#8211; RETIFICADO<\/a><\/td><\/tr><tr><td><a href=\"http:\/\/goias.gov.br\/cultura\/wp-content\/uploads\/sites\/25\/2021\/07\/rCONVOCACAO_GERAL_PSS_SECULT_RETIFICADO-388.pdf\">CONVOCA\u00c7\u00c3O PARA A AN\u00c1LISE CURRICULAR &#8211; RETIFICADO<\/a><\/td><\/tr><tr><td><a href=\"http:\/\/goias.gov.br\/cultura\/wp-content\/uploads\/sites\/25\/2021\/07\/RESULTADO_PRELIMINAR_DA_ANALISE_CURRICULAR-c40.pdf\">RESULTADO PRELIMINAR DA AN\u00c1LISE CURRICULAR<\/a><\/td><\/tr><tr><td><a href=\"http:\/\/goias.gov.br\/cultura\/wp-content\/uploads\/sites\/25\/2021\/07\/ATA_DE_RECURSOS_PS2023-804.pdf\">DIVULGA\u00c7\u00c3O DA ATA DE RECURSOS<\/a><\/td><\/tr><tr><td><a href=\"http:\/\/goias.gov.br\/cultura\/wp-content\/uploads\/sites\/25\/2021\/07\/RESULTADO_DEFINITIVO_ANALISE_CURRICULAR-51c.pdf\">RESULTADO DEFINITIVO DA AN\u00c1LISE CURRICULAR<\/a><\/td><\/tr><tr><td><a href=\"http:\/\/goias.gov.br\/cultura\/wp-content\/uploads\/sites\/25\/2021\/07\/CONVOCACAO_ENTREVISTA-5fd.pdf\">CONVOCA\u00c7\u00c3O PARA A ENTREVISTA<\/a><\/td><\/tr><tr><td><a href=\"http:\/\/goias.gov.br\/cultura\/wp-content\/uploads\/sites\/25\/2021\/07\/RESULTADO_PRELIMINAR_ENTREVISTA-a8a.pdf\">&nbsp;RESULTADO PRELIMINAR DA ENTREVISTA DO EDITAL N\u00ba 01\/2023 &#8211; SECULT<\/a><\/td><\/tr><tr><td><a href=\"http:\/\/goias.gov.br\/cultura\/wp-content\/uploads\/sites\/25\/2021\/07\/AtadeDecisaodosRecursosInterpostosContraoResultadoDefinitivodaEntrevista-2a2.pdf\">ATA DE RECURSOS<\/a><\/td><\/tr><tr><td><a href=\"http:\/\/goias.gov.br\/cultura\/wp-content\/uploads\/sites\/25\/2021\/07\/RESULTADOPRELIMINARDOCERTAME-1-615.pdf\">RESULTADO PRELIMINAR<\/a><\/td><\/tr><tr><td><a href=\"http:\/\/goias.gov.br\/cultura\/wp-content\/uploads\/sites\/25\/2021\/07\/ATADEDECISAODERECURSOS-448.pdf\">ATA DE DECIS\u00c3O DE RECURSOS<\/a><\/td><\/tr><tr><td><a href=\"http:\/\/goias.gov.br\/cultura\/wp-content\/uploads\/sites\/25\/2021\/07\/Resultado_definitvo_docertame-333.pdf\">RESULTADO DEFINITIVO DO CERTAME<\/a><\/td><\/tr><\/tbody><\/table><\/figure>\n\n\n\n<hr class=\"wp-block-separator has-alpha-channel-opacity is-style-default\"\/>\n\n\n\n<figure class=\"wp-block-table\"><table><tbody><tr><td>\n<p>Processo Seletivo Simplicado EDITAL N\u00ba 002\/2021<\/p>\n<\/td><\/tr><tr><td><a href=\"https:\/\/drive.google.com\/file\/d\/1JQm6nbGuPLDK31xJBDfEE5ibGhp-4kZ2\/view?usp=sharing\">EDITAL N\u00ba 002\/2021<\/a><\/td><\/tr><tr><td><a href=\"https:\/\/drive.google.com\/file\/d\/1giMMoG3ttXU2dtgbJPFL9xwpRMFxTVWK\/view?usp=sharing\">ANEXO I &#8211; CARGOS, VAGAS PARA AMPLA CONCORR\u00caNCIA E PARA PESSOAS COM DEFICI\u00caNCIA<\/a><\/td><\/tr><tr><td><a href=\"https:\/\/drive.google.com\/file\/d\/1cd7HxV_DnEdI-Rj8Q1E8xhmOH8uP80Nz\/view?usp=sharing\">ANEXO II &#8211; DOS REQUISITOS, ATRIBUI\u00c7\u00d5ES, EXPERI\u00caNCIAS DESEJADAS E REMUNERA\u00c7\u00c3O<\/a><\/td><\/tr><tr><td><a href=\"https:\/\/drive.google.com\/file\/d\/1awf_-X8PTr-IUvEUupqWNlwYbjntl2a-\/view?usp=sharing\">ANEXO III &#8211; DECLARA\u00c7\u00c3O DE EXPERI\u00caNCIA NO SETOR PRIVADO<\/a><\/td><\/tr><tr><td><a href=\"https:\/\/drive.google.com\/file\/d\/1zdV5_KbogTX6s5bXsjhnmuShFYSrFE14\/view?usp=sharing\">ANEXO IV &#8211; DECLARA\u00c7\u00c3O DE EXPERI\u00caNCIA NO SETOR P\u00daBLICO<\/a><\/td><\/tr><tr><td><a href=\"https:\/\/drive.google.com\/file\/d\/1yQfQTjiVdbIgA9kPEBCJejBYJmfFUQLU\/view?usp=sharing\">ANEXO V &#8211; DECLARA\u00c7\u00c3O DE PROFISSIONAL AUT\u00d4NOMO &#8211; LIBERAL<\/a><\/td><\/tr><tr><td><a href=\"https:\/\/drive.google.com\/file\/d\/14rsqQYl4mj02Ur4lb0tgEmRLGtT3MY1E\/view?usp=sharing\">ATA DE DECIS\u00c3O DA SOLICITA\u00c7\u00c3O A IMPUGNA\u00c7\u00c3O DO EDITAL<\/a><\/td><\/tr><tr><td><a href=\"https:\/\/drive.google.com\/file\/d\/1yQBiRGwH2XWmfd8OSgRcij8uyYWM7-MV\/view?usp=sharing\">EDITAL N\u00ba 002\/2021 &#8211; RETIFICADO<\/a><\/td><\/tr><tr><td><a href=\"https:\/\/docs.google.com\/forms\/d\/e\/1FAIpQLSdGzT8CeB4r3qnN-pl6jgLjQ4za1prh1xN4CSOiLa_RTCzA1w\/viewform\">FA\u00c7A SUA INSCRI\u00c7\u00c3O AQUI &#8211; FORMUL\u00c1RIO DE INSCRI\u00c7\u00c3O<\/a><\/td><\/tr><tr><td><a href=\"https:\/\/drive.google.com\/file\/d\/1ATfq5_35pOWsxYorJjC2WyZqpGXfDO0Z\/view?usp=sharing\">RESULTADO PRELIMINAR DAS INSCRI\u00c7\u00d5ES DEFERIDAS E INDEFERIDAS<\/a><\/td><\/tr><tr><td>\n<p><a href=\"https:\/\/drive.google.com\/file\/d\/1jxmCixbdvn3rmDj2MJ8oVSPWPTWYtJP7\/view?usp=sharing\">ATA DE DECIS\u00c3O \u2013 RECURSOS CONTRA O RESULTADO PRELIMINAR DAS INSCRI\u00c7\u00d5ES DEFERIDAS E INDEFERIDAS<\/a><\/p>\n<\/td><\/tr><tr><td>\n<p><a href=\"https:\/\/drive.google.com\/file\/d\/1_YUMmvUHzNj1y3xUNeklr4-hmjq8r-hL\/view?usp=sharing\">ATA DE DECIS\u00c3O \u2013 RECURSO CONTRA O RESULTADO PRELIMINAR DA SOLICITA\u00c7\u00c3O DE RESERVA DE VAGA PARA PESSOA COM DEFICI\u00caNCIA &#8211; PCD<\/a><\/p>\n<\/td><\/tr><tr><td>\n<p><a href=\"https:\/\/drive.google.com\/file\/d\/1seq5xd613_LqURH6_So2IsaM8qs1yK1m\/view?usp=sharing\">RESULTADO DEFINITIVO DAS INSCRI\u00c7\u00d5ES DEFERIDAS E INDEFERIDAS E DA RESERVA DE VAGA PARA PESSOAS COM DEFICI\u00caNCIA&nbsp;<\/a><\/p>\n<\/td><\/tr><tr><td><a href=\"https:\/\/drive.google.com\/file\/d\/1MlzjKO_YRnCoOWKpdJHDx0Pnj4MI8SSJ\/view?usp=sharing\">RESULTADO DEFINITIVO DAS INSCRI\u00c7\u00d5ES DEFERIDAS E INDEFERIDAS E DA RESERVA DE VAGA PARA PESSOAS COM DEFICI\u00caNCIA &#8211; RETIFICADO<\/a><\/td><\/tr><tr><td><s><a href=\"https:\/\/drive.google.com\/file\/d\/1wBkPrTXSlsUoEFAbtK2Wy0DorEy3_K-I\/view?usp=sharing\">PONTUA\u00c7\u00c3O GERAL<\/a><\/s><\/td><\/tr><tr><td><s><a href=\"https:\/\/drive.google.com\/file\/d\/1mfTARAP-NybPmTzEnp5s58Kd2PuB5cRD\/view?usp=sharing\">CONVOCA\u00c7\u00c3O PARA A AN\u00c1LISE CURRICULAR<\/a><\/s><\/td><\/tr><tr><td><a href=\"https:\/\/drive.google.com\/file\/d\/1v6oVYVbxI5KBxUCkuiN_EMl5FzT-t7h_\/view?usp=sharing\">PONTUA\u00c7\u00c3O GERAL &#8211; RETIFICADA<\/a><\/td><\/tr><tr><td><a href=\"https:\/\/drive.google.com\/file\/d\/1m3QD9KY2pkcjpbS1pgwE7D6KNlnk-aDZ\/view?usp=sharing\">CONVOCA\u00c7\u00c3O PARA A AN\u00c1LISE CURRICULAR &#8211; RETIFICADA<\/a><\/td><\/tr><tr><td><a href=\"https:\/\/drive.google.com\/file\/d\/1POi68j-oJlHwwH-8AE3ETfF2LPYyAM_N\/view?usp=sharing\">RESULTADO PRELIMINAR DA AN\u00c1LISE CURRICULAR<\/a><\/td><\/tr><tr><td>\n<p><a href=\"https:\/\/drive.google.com\/file\/d\/1W_oTgBkifBEFq6YrOTLFIyrVmwLFSIF_\/view?usp=sharing\">ATA DE DECIS\u00c3O DOS RECURSOS INTERPOSTOS CONTRA O RESULTADO PRELIMINAR DA AN\u00c1LISE CURRICULAR<\/a><\/p>\n<\/td><\/tr><tr><td>\n<p><a href=\"https:\/\/drive.google.com\/file\/d\/1hZ4Ar6Rv5U4u69Mi8rnnUGAAJa71B5r0\/view?usp=sharing\">RESULTADO DEFINITIVO DA AN\u00c1LISE CURRICULAR<\/a><\/p>\n<\/td><\/tr><tr><td><a href=\"https:\/\/drive.google.com\/file\/d\/1P0tfQiZaRzqAsf1Q2V2-hHE-nly6om9H\/view?usp=sharing\">CONVOCA\u00c7\u00c3O PARA ENTREVISTA<\/a><\/td><\/tr><tr><td><a href=\"https:\/\/drive.google.com\/file\/d\/1DtouEn1kLETpCzKWOUEEXbU881haEarW\/view?usp=sharing\">RESULTADO PRELIMINAR DA ENTREVISTA<\/a><\/td><\/tr><tr><td><a href=\"https:\/\/drive.google.com\/file\/d\/1lNjG5eKhcxqKxWNd3CgZS1Jg016AFPlG\/view?usp=sharing\">ATA DE DECIS\u00c3O DOS RECURSOS INTERPOSTOS CONTRA O RESULTADO PRELIMINAR DA ENTREVISTA<\/a><\/td><\/tr><tr><td><a href=\"https:\/\/drive.google.com\/file\/d\/1L52rKyCKDB7VERXGajc3rgMbc_pr900f\/view?usp=sharing\">RESULTADO DEFINITIVO DA ENTREVISTA<\/a><\/td><\/tr><tr><td><a href=\"https:\/\/drive.google.com\/file\/d\/1IK1u7Jj6RjuoDEI2pw-_407J8-VE0wnO\/view?usp=sharing\">EDITAL DE CONVOCA\u00c7\u00c3O PARA AVALIA\u00c7\u00c3O PELA EQUIPE MULTIPROFISSIONAL DOS CANDIDATOS QUE SE DECLARARAM COM DEFICI\u00caNCIA<\/a><\/td><\/tr><tr><td>\n<p><a href=\"https:\/\/drive.google.com\/file\/d\/17bFscGYg5kUg6Ms1i-KghXs8sKeY_1SP\/view?usp=sharing\">EDITAL DE CONVOCA\u00c7\u00c3O PARA AVALIA\u00c7\u00c3O PELA EQUIPE MULTIPROFISSIONAL DOS CANDIDATOS QUE SE DECLARARAM COM DEFICI\u00caNCIA \u2013 RETIFICADO<\/a><\/p>\n<\/td><\/tr><tr><td><a href=\"https:\/\/drive.google.com\/file\/d\/1vw-RM1qcntwafjc03GK-PoP9j0k8I6I2\/view?usp=sharing\">RESULTADO PRELIMINAR DA AVALIA\u00c7\u00c3O PELA EQUIPE MULTIPROFISSIONAL<\/a><\/td><\/tr><tr><td><a href=\"https:\/\/drive.google.com\/file\/d\/12OWNur2yBs6tFUXJAlsDHRBTKq7HU7t7\/view?usp=sharing\">ATA DE DECIS\u00c3O DOS RECURSOS INTERPOSTOS CONTRA O RESULTADO PRELIMINAR DA AVALIA\u00c7\u00c3O PELA EQUIPE MULTIPROFISSIONAL<\/a><\/td><\/tr><tr><td><a href=\"https:\/\/drive.google.com\/file\/d\/1hR5PH3S8UJ3i82kkUL7Ckl38KE4nK9En\/view?usp=sharing\">RESULTADO DEFINITIVO DA AVALIA\u00c7\u00c3O PELA EQUIPE MULTIPROFISSIONAL<\/a><\/td><\/tr><tr><td><a href=\"https:\/\/drive.google.com\/file\/d\/1vDfvUgjtO47hKdEm6RWNJ-5goPHFj-XJ\/view?usp=sharing\">RESULTADO PRELIMINAR DO CERTAME<\/a><\/td><\/tr><tr><td><a href=\"https:\/\/drive.google.com\/file\/d\/1zWacNBxxEJgwcDsliab6Zyejaspmn_hm\/view?usp=sharing\">ATA DE DECIS\u00c3O DOS RECURSOS INTERPOSTOS CONTRA O RESULTADO PRELIMINAR DO CERTAME<\/a><\/td><\/tr><tr><td><a href=\"https:\/\/drive.google.com\/file\/d\/19WdxZoXvce56AvD_ElPTdOXON4oXR_Pn\/view?usp=sharing\">RESULTADO DEFINITIVO DO CERTAME<\/a><\/td><\/tr><tr><td>\n<p><a href=\"https:\/\/drive.google.com\/file\/d\/1yzBQ9rqiJFGkEIaOvTFaxguPPUKDTgid\/view?usp=sharing\">HOMOLOGA\u00c7\u00c3O DO RESULTADO DEFINITIVO DO PROCESSO SELETIVO<\/a><\/p>\n<\/td><\/tr><tr><td>\n<p><a href=\"https:\/\/drive.google.com\/file\/d\/1o4REBChxkrQqI2CvFg3K0C25PhkuV1NO\/view?usp=sharing\">EDITAL DE CONVOCA\u00c7\u00c3O N\u00b0 01\/2021 &#8211; SECULT<\/a><\/p>\n<\/td><\/tr><tr><td><a href=\"https:\/\/drive.google.com\/file\/d\/1NbaueH6F84YJLSnBkUijpymBWP2Uuw-l\/view?usp=sharing\">EDITAL DE CONVOCA\u00c7\u00c3O N\u00b0 02\/2021 &#8211; SECULT<\/a><\/td><\/tr><tr><td><a href=\"https:\/\/drive.google.com\/file\/d\/1lmv3SKqs7Ap_cwmdDzA93HTf5WVfZo8b\/view?usp=sharing\">EDITAL DE CONVOCA\u00c7\u00c3O N\u00b0 03\/2021 &#8211; SECULT<\/a><\/td><\/tr><tr><td><a href=\"https:\/\/drive.google.com\/file\/d\/1Jhsdc97SOecqNONEr3R8nPBo_sHb6J7H\/view?usp=sharing\">EDITAL DE CONVOCA\u00c7\u00c3O N\u00b0 04\/2021 &#8211; SECULT<\/a><\/td><\/tr><tr><td><a href=\"https:\/\/drive.google.com\/file\/d\/1fNLW0HK9CBTlB3ZY5Vs-1SLG1qUI80Zr\/view?usp=sharing\">EDITAL DE CONVOCA\u00c7\u00c3O N\u00b0 05\/2022 &#8211; SECULT<\/a><\/td><\/tr><tr><td><a href=\"https:\/\/drive.google.com\/file\/d\/12eKhVBIKYC0DwzwJvZDI9IoM3_VQ41nj\/view?usp=sharing\">EDITAL DE CONVOCA\u00c7\u00c3O N\u00b0 06\/2022 &#8211; SECULT<\/a><\/td><\/tr><tr><td><a href=\"http:\/\/goias.gov.br\/cultura\/wp-content\/uploads\/sites\/25\/2021\/07\/EDITAL_DE_CONVOCACAO_07_2022_SECULT-631.pdf\">EDITAL DE CONVOCA\u00c7\u00c3O N\u00b0 07\/2022 &#8211; SECULT<\/a><\/td><\/tr><tr><td><a href=\"http:\/\/goias.gov.br\/cultura\/wp-content\/uploads\/sites\/25\/2021\/07\/EDITAL_DE_CONVOCACAO_N08_2022_SECULT-b12.pdf\">EDITAL DE CONVOCA\u00c7\u00c3O N\u00b0 08\/2022 &#8211; SECULT<\/a><\/td><\/tr><tr><td><a href=\"http:\/\/goias.gov.br\/cultura\/wp-content\/uploads\/sites\/25\/2021\/07\/EDITAL_DE_CONVOCACAO_N09_2022_SECULT-368.pdf\">EDITAL DE CONVOCA\u00c7\u00c3O N\u00b0 09\/2022 &#8211; SECULT<\/a><\/td><\/tr><tr><td><a href=\"http:\/\/goias.gov.br\/cultura\/wp-content\/uploads\/sites\/25\/2021\/07\/EDITAL_DE_CONVOCACAO_N10_2022_SECULT-b86.pdf\">EDITAL DE CONVOCA\u00c7\u00c3O N\u00b0 10\/2022 &#8211; SECULT<\/a><\/td><\/tr><tr><td><a href=\"http:\/\/goias.gov.br\/cultura\/wp-content\/uploads\/sites\/25\/2021\/07\/Edital_Convocacao_n11_Secult_Goias-6d9.pdf\">EDITAL DE CONVOCA\u00c7\u00c3O N\u00b0 11\/2022 &#8211; SECULT<\/a><\/td><td>&nbsp;<\/td><\/tr><tr><td><a href=\"http:\/\/goias.gov.br\/cultura\/wp-content\/uploads\/sites\/25\/2021\/07\/Edital12_Convocacao_12_2022-5c4.pdf\">EDITAL DE CONVOCA\u00c7\u00c3O N\u00ba 12\/2022 &#8211; SECULT<\/a><\/td><\/tr><tr><td><a href=\"http:\/\/goias.gov.br\/cultura\/wp-content\/uploads\/sites\/25\/2021\/07\/Edital13_Convocacao-5-220.pdf\">EDITAL DE CONVOCA\u00c7\u00c3O N\u00ba 13\/2022 &#8211; SECULT<\/a><\/td><\/tr><tr><td><a href=\"http:\/\/goias.gov.br\/cultura\/wp-content\/uploads\/sites\/25\/2021\/07\/Convocacao_01_2023-eb1.pdf\">EDITAL DE CONVOCA\u00c7\u00c3O N\u00ba 01\/2023 &#8211; SECULT<\/a><\/td><\/tr><tr><td><a href=\"http:\/\/goias.gov.br\/cultura\/wp-content\/uploads\/sites\/25\/2021\/07\/Convocacao_02_2023_Secult_Goias-798.pdf\">EDITAL DE CONVOCA\u00c7\u00c3O N\u00ba 02\/2023 &#8211; SECULT<\/a><\/td><\/tr><tr><td><s><a href=\"http:\/\/goias.gov.br\/cultura\/wp-content\/uploads\/sites\/25\/2021\/07\/Convocacao_03_2023_PS2021-2ca.pdf\">EDITAL DE CONVOCA\u00c7\u00c3O N\u00ba 03\/2023 &#8211; SECULT<\/a><\/s><\/td><\/tr><tr><td><a href=\"http:\/\/goias.gov.br\/cultura\/wp-content\/uploads\/sites\/25\/2021\/07\/Edital_de_Convocacao_n03_2023_Secult_retificado-04e.pdf\">EDITAL DE CONVOCA\u00c7\u00c3O N\u00ba 03\/2023 &#8211; SECULT&nbsp;&#8211; RETIFICADO<\/a><\/td><\/tr><tr><td><a href=\"http:\/\/goias.gov.br\/cultura\/wp-content\/uploads\/sites\/25\/2021\/07\/EDITAL4_2023DECONVOCACAO-877.pdf\">EDITAL DE CONVOCA\u00c7\u00c3O N\u00ba 04\/2023<\/a><\/td><\/tr><tr><td><a href=\"http:\/\/goias.gov.br\/cultura\/wp-content\/uploads\/sites\/25\/2021\/07\/Edital_052023_SECULT-fb1.pdf\">EDITAL DE CONVOCA\u00c7\u00c3O N\u00ba 05\/2023<\/a><\/td><\/tr><tr><td><a href=\"http:\/\/goias.gov.br\/cultura\/wp-content\/uploads\/sites\/25\/2021\/07\/Edital062023_SECULT-234.pdf\">EDITAL DE CONVOCA\u00c7\u00c3O N\u00ba 06\/2023<\/a><\/td><\/tr><tr><td><a href=\"http:\/\/goias.gov.br\/cultura\/wp-content\/uploads\/sites\/25\/2021\/07\/Edital_07_2023_Convocacao-d95.pdf\">EDITAL DE CONVOCA\u00c7\u00c3O N\u00ba 07\/2023<\/a><\/td><\/tr><tr><td><a href=\"http:\/\/goias.gov.br\/cultura\/wp-content\/uploads\/sites\/25\/2021\/07\/082023_PS2021Edital_Convocacao-9dc.pdf\">EDITAL DE CONVOCA\u00c7\u00c3O N\u00ba 08\/2023<\/a><\/td><\/tr><tr><td><a href=\"http:\/\/goias.gov.br\/cultura\/wp-content\/uploads\/sites\/25\/2021\/07\/Edital09_2023_PS2021-ab8.pdf\">EDITAL DE CONVOCA\u00c7\u00c3O N\u00ba 09\/2023<\/a><\/td><\/tr><tr><td><a href=\"http:\/\/goias.gov.br\/cultura\/wp-content\/uploads\/sites\/25\/2021\/07\/Edital_PS_10_2023_SECULT-851.pdf\">EDITAL DE CONVOCA\u00c7\u00c3O&nbsp;N\u00ba 10\/2023<\/a><\/td><\/tr><tr><td><a href=\"http:\/\/goias.gov.br\/cultura\/wp-content\/uploads\/sites\/25\/2021\/07\/11Convocacao11_022021-4a7.pdf\">EDITAL DE CONVOCA\u00c7\u00c3O&nbsp;N\u00ba 11\/2023<\/a><\/td><\/tr><tr><td><a href=\"http:\/\/goias.gov.br\/cultura\/wp-content\/uploads\/sites\/25\/2021\/07\/Editalx12_Convocacao_122023_SECULT-5d9.pdf\">EDITAL DE CONVOCA\u00c7\u00c3O&nbsp;N\u00ba 12\/2023<\/a><\/td><\/tr><tr><td><a href=\"http:\/\/goias.gov.br\/cultura\/wp-content\/uploads\/sites\/25\/2021\/07\/13Convocacao_2023_SECULT-174.pdf\">EDITAL DE CONVOCA\u00c7\u00c3O&nbsp;N\u00ba 13\/2023<\/a><\/td><\/tr><\/tbody><\/table><\/figure>\n","protected":false},"excerpt":{"rendered":"<p>Processo Seletivo Simplicado EDITAL N\u00ba 001\/2023 EDITAL N\u00ba 001\/2023 ANEXO I &#8211; CARGOS E VAGAS PARA AMPLA CONCORR\u00caNCIA ANEXO II &#8211; DOS REQUISITOS, ATRIBUI\u00c7\u00d5ES, EXPERI\u00caNCIAS DESEJADAS E REMUNERA\u00c7\u00c3O ANEXO III &#8211; DECLARA\u00c7\u00c3O DE EXPERI\u00caNCIA NO SETOR PRIVADO ANEXO IV &#8211; DECLARA\u00c7\u00c3O DE EXPERI\u00caNCIA NO SETOR P\u00daBLICO ANEXO V &#8211; DECLARA\u00c7\u00c3O DE PROFISSIONAL AUT\u00d4NOMO &#8211; LIBERAL [&hellip;]<\/p>\n","protected":false},"author":306,"featured_media":0,"comment_status":"closed","ping_status":"open","sticky":false,"template":"","format":"standard","meta":{"footnotes":""},"categories":[339],"tags":[],"class_list":["post-18762","post","type-post","status-publish","format-standard","hentry","category-noticias"],"rttpg_featured_image_url":null,"rttpg_author":{"display_name":"brianasilva","author_link":"https:\/\/goias.gov.br\/cultura\/author\/brianasilva\/"},"rttpg_comment":0,"rttpg_category":"<a href=\"https:\/\/goias.gov.br\/cultura\/categoria\/noticias\/\" rel=\"category tag\">Not\u00edcias<\/a>","rttpg_excerpt":"Processo Seletivo Simplicado EDITAL N\u00ba 001\/2023 EDITAL N\u00ba 001\/2023 ANEXO I &#8211; CARGOS E VAGAS PARA AMPLA CONCORR\u00caNCIA ANEXO II &#8211; DOS REQUISITOS, ATRIBUI\u00c7\u00d5ES, EXPERI\u00caNCIAS DESEJADAS E REMUNERA\u00c7\u00c3O ANEXO III &#8211; DECLARA\u00c7\u00c3O DE EXPERI\u00caNCIA NO SETOR PRIVADO ANEXO IV &#8211; DECLARA\u00c7\u00c3O DE EXPERI\u00caNCIA NO SETOR P\u00daBLICO ANEXO V &#8211; DECLARA\u00c7\u00c3O DE PROFISSIONAL AUT\u00d4NOMO &#8211; LIBERAL&hellip;","_links":{"self":[{"href":"https:\/\/goias.gov.br\/cultura\/wp-json\/wp\/v2\/posts\/18762","targetHints":{"allow":["GET"]}}],"collection":[{"href":"https:\/\/goias.gov.br\/cultura\/wp-json\/wp\/v2\/posts"}],"about":[{"href":"https:\/\/goias.gov.br\/cultura\/wp-json\/wp\/v2\/types\/post"}],"author":[{"embeddable":true,"href":"https:\/\/goias.gov.br\/cultura\/wp-json\/wp\/v2\/users\/306"}],"replies":[{"embeddable":true,"href":"https:\/\/goias.gov.br\/cultura\/wp-json\/wp\/v2\/comments?post=18762"}],"version-history":[{"count":2,"href":"https:\/\/goias.gov.br\/cultura\/wp-json\/wp\/v2\/posts\/18762\/revisions"}],"predecessor-version":[{"id":23669,"href":"https:\/\/goias.gov.br\/cultura\/wp-json\/wp\/v2\/posts\/18762\/revisions\/23669"}],"wp:attachment":[{"href":"https:\/\/goias.gov.br\/cultura\/wp-json\/wp\/v2\/media?parent=18762"}],"wp:term":[{"taxonomy":"category","embeddable":true,"href":"https:\/\/goias.gov.br\/cultura\/wp-json\/wp\/v2\/categories?post=18762"},{"taxonomy":"post_tag","embeddable":true,"href":"https:\/\/goias.gov.br\/cultura\/wp-json\/wp\/v2\/tags?post=18762"}],"curies":[{"name":"wp","href":"https:\/\/api.w.org\/{rel}","templated":true}]}}