{"id":18184,"date":"2024-09-20T15:50:30","date_gmt":"2024-09-20T18:50:30","guid":{"rendered":"https:\/\/siteshom.goias.gov.br\/cultura\/?p=18184"},"modified":"2026-07-02T15:03:35","modified_gmt":"2026-07-02T18:03:35","slug":"governo-de-goias-reexibe-pelo-youtube-entrevista-com-bernardo-elis-sobre-adaptacao-de-contos-para-o-cinema","status":"publish","type":"post","link":"https:\/\/goias.gov.br\/cultura\/governo-de-goias-reexibe-pelo-youtube-entrevista-com-bernardo-elis-sobre-adaptacao-de-contos-para-o-cinema\/","title":{"rendered":"Governo de Goi\u00e1s reexibe, pelo YouTube, entrevista com Bernardo \u00c9lis sobre adapta\u00e7\u00e3o de contos para o cinema"},"content":{"rendered":"<img fetchpriority=\"high\" decoding=\"async\" class=\" size-full wp-image-18183\" src=\"http:\/\/goias.gov.br\/cultura\/wp-content\/uploads\/sites\/25\/2021\/01\/bernardoelis2-696.jpg\" alt=\"\" class=\"caption\" title=\"Bernardo \u00c9lis autografa na Feira Hippie, seu livro \u201cO Tronco\u201d. D\u00e9c. 1970. Alois Feichtenberger. Goi\u00e2nia \" width=\"853\" height=\"848\" srcset=\"https:\/\/goias.gov.br\/cultura\/wp-content\/uploads\/sites\/25\/2021\/01\/bernardoelis2-696.jpg 853w, https:\/\/goias.gov.br\/cultura\/wp-content\/uploads\/sites\/25\/2021\/01\/bernardoelis2-696-300x298.jpg 300w, https:\/\/goias.gov.br\/cultura\/wp-content\/uploads\/sites\/25\/2021\/01\/bernardoelis2-696-150x150.jpg 150w, https:\/\/goias.gov.br\/cultura\/wp-content\/uploads\/sites\/25\/2021\/01\/bernardoelis2-696-768x763.jpg 768w\" sizes=\"(max-width: 853px) 100vw, 853px\" \/>\n<p align=\"center\"><em>Registro da d&eacute;cada de 1980 pertence ao acervo do Museu da Imagem e do Som de Goi&aacute;s e faz parte do projeto Cultura em Casa<\/em><\/p>\n<p>O Governo de Goi&aacute;s, por meio da Secretaria de Estado de Cultura (Secult), traz na programa&ccedil;&atilde;o do projeto Cultura em Casa desta ter&ccedil;a-feira (19\/01), no canal da pasta no YouTube, entrevista com o contista e romancista goiano Bernardo &Eacute;lis. Em entrevista concedida &agrave; TV Brasil Central, o autor fala sobre a adapta&ccedil;&atilde;o para o cinema, em 1981, de seus contos &ldquo;A &iacute;ndia&rdquo; e &quot;Ontem Como Hoje Como Amanh&atilde; Como Depois&quot;.<\/p>\n<p>A jun&ccedil;&atilde;o desses textos originou o filme &quot;&Iacute;ndia &#8211; A Filha do Sol&quot;, primeiro filme dirigido por F&aacute;bio Barreto e que foi selecionado para a Quinzena dos Realizadores, no Festival de Cannes de 1982. O longa tamb&eacute;m recebeu men&ccedil;&atilde;o Honrosa e o premia&ccedil;&atilde;o no Festival de Havana de 1982.<\/p>\n<p>Em entrevista &agrave; jornalista F&aacute;dua El Kadi, Bernardo &Eacute;lis comenta a import&acirc;ncia do cinema enquanto ferramenta de divulga&ccedil;&atilde;o da literatura. &ldquo;Um ve&iacute;culo fabuloso. Ent&atilde;o &eacute; uma oportunidade de escritores goianos mostrarem suas obras e fazer chegar aos lugares mais afastados do Brasil e do mundo todo&rdquo;, diz.<\/p>\n<p>Questionado sobre sua opini&atilde;o quanto &agrave; adapta&ccedil;&atilde;o e fidelidade dos textos para o cinema, Bernardo &Eacute;lis pontua que, dentro da compreens&atilde;o de que as formas de enxergar a narrativa pelo escritor e pelo cineasta s&atilde;o diferentes, o filme respeitou o fundamental. &nbsp;&ldquo;O filme est&aacute; sendo sim fiel &agrave; minha obra&rdquo;, confirmou. &nbsp;<\/p>\n<p>Para o secret&aacute;rio de Estado de Cultura, Adriano Baldy, disponibilizar na internet mais este conte&uacute;do do acervo do Museu da Imagem e do Som de Goi&aacute;s (MIS), &ldquo;n&atilde;o s&oacute; rememora a import&acirc;ncia de Bernardo &Eacute;lis para a cultura goiana, como desperta interesse do p&uacute;blico mais jovem&rdquo; pela obra do escritor.<\/p>\n<p>A s&eacute;rie de document&aacute;rios com acervos do MIS-GO vai ao ar toda semana, &agrave;s ter&ccedil;as-feiras, pelo canal &ldquo;Secult Goi&aacute;s&rdquo; no YouTube. O p&uacute;blico &eacute; avisado pelas redes sociais da pasta e do museu sempre que um novo epis&oacute;dio vai ao ar.<\/p>\n<p><strong>O escritor: vida e obra<\/strong><\/p>\n<p>Bernardo &Eacute;lis Fleury de Campos Curado &eacute; natural de Corumb&aacute; de Goi&aacute;s, onde nasceu em uma fazenda em 1915 e viveu at&eacute; os 12 anos, tendo se mudado para Goi&acirc;nia e depois retornado &agrave; cidade natal ao longo da vida. Filho de comerciante e poeta, o escritor pertencia &agrave; classe m&eacute;dia e narrava em seus contos as lendas do povo goiano e a beleza do Cerrado. Faleceu em 30 de novembro de 1997, em Goi&acirc;nia. &nbsp;<\/p>\n<p>&ldquo;O Tronco&rdquo; (1956) foi mais um texto de Bernardo &Eacute;lis adaptado para o cinema. O livro &eacute; tido como uma das obras mais importantes do autor e &eacute; considerada pelos cr&iacute;ticos como o in&iacute;cio da maturidade estil&iacute;stica do escritor.<\/p>\n<p>Bernardo &Eacute;lis foi o primeiro escritor goiano a ocupar a cadeira n&uacute;mero um da Academia Brasileira de Letras, em 1975, tendo vencido por um voto a disputa com o ex-presidente Juscelino Kubitschek e sucedido Ivan Lins.<\/p>\n<p>Bernardo &Eacute;lis foi advogado, professor, escriv&atilde;o de delegacia de pol&iacute;cia e duas vezes prefeito de Goi&acirc;nia.<\/p>\n<p>Bernardo &Eacute;lis recebeu diversos pr&ecirc;mios liter&aacute;rios, dentre eles: Pr&ecirc;mio Jos&eacute; Lins do Rego (1965) e Pr&ecirc;mio Jabuti, da C&acirc;mara Brasileira do Livro (1966), pelo livro de contos&nbsp;Veranico de janeiro; Pr&ecirc;mio Afonso Arinos, da Academia Brasileira de Letras, por&nbsp;Caminhos e descaminhos; Pr&ecirc;mio Sesquicenten&aacute;rio da Independ&ecirc;ncia, pelo estudo&nbsp;Marechal Xavier Curado, criador do Ex&eacute;rcito Nacional&nbsp;(1972). Em 1987 recebeu o Pr&ecirc;mio da Funda&ccedil;&atilde;o Cultural de Bras&iacute;lia, pelo conjunto de obras, e a medalha do Instituto de Artes e Cultura de Bras&iacute;lia.<\/p>\n","protected":false},"excerpt":{"rendered":"<p>Registro da d&eacute;cada de 1980 pertence ao acervo do Museu da Imagem e do Som de Goi&aacute;s e faz parte do projeto Cultura em Casa O Governo de Goi&aacute;s, por meio da Secretaria de Estado de Cultura (Secult), traz na programa&ccedil;&atilde;o do projeto Cultura em Casa desta ter&ccedil;a-feira (19\/01), no canal da pasta no YouTube, [&hellip;]<\/p>\n","protected":false},"author":308,"featured_media":18182,"comment_status":"closed","ping_status":"open","sticky":false,"template":"","format":"standard","meta":{"footnotes":""},"categories":[],"tags":[300],"class_list":["post-18184","post","type-post","status-publish","format-standard","has-post-thumbnail","hentry","tag-bernardo-elis"],"rttpg_featured_image_url":{"full":["https:\/\/goias.gov.br\/cultura\/wp-content\/uploads\/sites\/25\/2021\/01\/bernardoelis-30d.jpg",853,848,false],"landscape":["https:\/\/goias.gov.br\/cultura\/wp-content\/uploads\/sites\/25\/2021\/01\/bernardoelis-30d.jpg",853,848,false],"portraits":["https:\/\/goias.gov.br\/cultura\/wp-content\/uploads\/sites\/25\/2021\/01\/bernardoelis-30d.jpg",853,848,false],"thumbnail":["https:\/\/goias.gov.br\/cultura\/wp-content\/uploads\/sites\/25\/2021\/01\/bernardoelis-30d-150x150.jpg",150,150,true],"medium":["https:\/\/goias.gov.br\/cultura\/wp-content\/uploads\/sites\/25\/2021\/01\/bernardoelis-30d-300x298.jpg",300,298,true],"large":["https:\/\/goias.gov.br\/cultura\/wp-content\/uploads\/sites\/25\/2021\/01\/bernardoelis-30d.jpg",853,848,false],"1536x1536":["https:\/\/goias.gov.br\/cultura\/wp-content\/uploads\/sites\/25\/2021\/01\/bernardoelis-30d.jpg",853,848,false],"2048x2048":["https:\/\/goias.gov.br\/cultura\/wp-content\/uploads\/sites\/25\/2021\/01\/bernardoelis-30d.jpg",853,848,false]},"rttpg_author":{"display_name":"","author_link":"https:\/\/goias.gov.br\/cultura\/author\/"},"rttpg_comment":0,"rttpg_category":"Sem categoria","rttpg_excerpt":"Registro da d&eacute;cada de 1980 pertence ao acervo do Museu da Imagem e do Som de Goi&aacute;s e faz parte do projeto Cultura em Casa O Governo de Goi&aacute;s, por meio da Secretaria de Estado de Cultura (Secult), traz na programa&ccedil;&atilde;o do projeto Cultura em Casa desta ter&ccedil;a-feira (19\/01), no canal da pasta no YouTube,&hellip;","_links":{"self":[{"href":"https:\/\/goias.gov.br\/cultura\/wp-json\/wp\/v2\/posts\/18184","targetHints":{"allow":["GET"]}}],"collection":[{"href":"https:\/\/goias.gov.br\/cultura\/wp-json\/wp\/v2\/posts"}],"about":[{"href":"https:\/\/goias.gov.br\/cultura\/wp-json\/wp\/v2\/types\/post"}],"author":[{"embeddable":true,"href":"https:\/\/goias.gov.br\/cultura\/wp-json\/wp\/v2\/users\/308"}],"replies":[{"embeddable":true,"href":"https:\/\/goias.gov.br\/cultura\/wp-json\/wp\/v2\/comments?post=18184"}],"version-history":[{"count":1,"href":"https:\/\/goias.gov.br\/cultura\/wp-json\/wp\/v2\/posts\/18184\/revisions"}],"predecessor-version":[{"id":54269,"href":"https:\/\/goias.gov.br\/cultura\/wp-json\/wp\/v2\/posts\/18184\/revisions\/54269"}],"wp:featuredmedia":[{"embeddable":true,"href":"https:\/\/goias.gov.br\/cultura\/wp-json\/wp\/v2\/media\/18182"}],"wp:attachment":[{"href":"https:\/\/goias.gov.br\/cultura\/wp-json\/wp\/v2\/media?parent=18184"}],"wp:term":[{"taxonomy":"category","embeddable":true,"href":"https:\/\/goias.gov.br\/cultura\/wp-json\/wp\/v2\/categories?post=18184"},{"taxonomy":"post_tag","embeddable":true,"href":"https:\/\/goias.gov.br\/cultura\/wp-json\/wp\/v2\/tags?post=18184"}],"curies":[{"name":"wp","href":"https:\/\/api.w.org\/{rel}","templated":true}]}}